{"id":16628,"date":"2020-10-07T11:45:02","date_gmt":"2020-10-07T11:45:02","guid":{"rendered":"http:\/\/www.iceagetv.com\/radiosite\/?p=16628"},"modified":"2020-10-07T11:45:02","modified_gmt":"2020-10-07T11:45:02","slug":"affaire-theo-le-parquet-a-requis-le-renvoi-devant-les-assises-de-trois-policiers-et-la-requalification-des-faits-de-viol-aggrave-en-violences-volontaires","status":"publish","type":"post","link":"https:\/\/www.iceagetv.com\/radiosite\/affaire-theo-le-parquet-a-requis-le-renvoi-devant-les-assises-de-trois-policiers-et-la-requalification-des-faits-de-viol-aggrave-en-violences-volontaires\/","title":{"rendered":"Affaire Th\u00e9o: Le parquet a requis le renvoi devant les assises de trois policiers et la requalification des faits de \u00ab\u00a0viol aggrav\u00e9\u00a0\u00bb en \u00ab\u00a0violences volontaires\u00a0\u00bb"},"content":{"rendered":"\n<p>Le parquet de Bobigny (Seine-Saint-Denis) a requis le renvoi devant les assises de trois policiers pour \u00abviolences volontaires\u00bb sur Th\u00e9o Luhaka, gri\u00e8vement bless\u00e9 lors d&rsquo;un contr\u00f4le de police en 2017, et devenu un symbole des violences polici\u00e8res, a-t-il indiqu\u00e9 dans un communiqu\u00e9.<\/p>\n\n\n\n<p>Le parquet, qui a \u00e9cart\u00e9 la qualification de \u00abviol aggrav\u00e9\u00bb, a demand\u00e9 le renvoi d&rsquo;un des agents pour \u00abviolences volontaires avec arme par personne d\u00e9positaire de l&rsquo;autorit\u00e9 publique ayant entra\u00een\u00e9 une mutilation ou une incapacit\u00e9 permanente partielle\u00bb, estimant que \u00ables \u00e9l\u00e9ments constitutifs du crime de viol n&rsquo;\u00e9taient pas r\u00e9unis\u00bb. Le parquet a part ailleurs requis le renvoi des deux autres policiers pour \u00abviolences volontaires en r\u00e9union par personnes d\u00e9positaires de l&rsquo;autorit\u00e9 publique\u00bb<\/p>\n\n\n\n<p>Le 2 f\u00e9vrier 2017, Th\u00e9o, \u00e0 l\u2019\u00e9poque \u00e2g\u00e9 de 22 ans, avait \u00e9t\u00e9 gri\u00e8vement bless\u00e9 dans la zone anale par une matraque t\u00e9lescopique, lors d\u2019un contr\u00f4le de police, dans la cit\u00e9 des 3.000, un grand ensemble de logements sociaux, situ\u00e9 \u00e0 Aulnay-sous-Bois, pr\u00e8s de Bobigny. En 2019, une expertise m\u00e9dicale avait conclu que le jeune homme souffrait d\u2019une \u00ab&nbsp;infirmit\u00e9 permanente&nbsp;\u00bb, caus\u00e9e par des l\u00e9sions \u00ab&nbsp;en relation certaine et directe&nbsp;\u00bb avec son interpellation. Son handicap se traduit par une incontinence qui n\u00e9cessite une prise en charge \u00ab&nbsp;\u00e0 vie&nbsp;\u00bb, selon le rapport d\u2019expertise.<\/p>\n\n\n\n<p>Cinq jours apr\u00e8s les faits et leur retentissement national, Th\u00e9o Luhaka avait re\u00e7u la visite \u00e0 l\u2019h\u00f4pital de Fran\u00e7ois Hollande, alors pr\u00e9sident de la R\u00e9publique. L\u2019ordonnance de renvoi doit d\u00e9sormais \u00eatre rendue, derni\u00e8re \u00e9tape avant la tenue d\u2019un proc\u00e8s.<\/p>\n","protected":false},"excerpt":{"rendered":"<p>Le parquet de Bobigny (Seine-Saint-Denis) a requis le renvoi devant les assises de trois policiers pour \u00abviolences volontaires\u00bb sur Th\u00e9o Luhaka, gri\u00e8vement bless\u00e9 lors d&rsquo;un contr\u00f4le de police en 2017, et devenu un symbole des violences polici\u00e8res, a-t-il indiqu\u00e9 dans un communiqu\u00e9. Le parquet, qui a \u00e9cart\u00e9 la qualification de \u00abviol aggrav\u00e9\u00bb, a demand\u00e9 le [&hellip;]<\/p>\n","protected":false},"author":2,"featured_media":16629,"comment_status":"open","ping_status":"open","sticky":false,"template":"","format":"standard","meta":{"_jetpack_memberships_contains_paid_content":false,"footnotes":"","jetpack_publicize_message":"","jetpack_publicize_feature_enabled":true,"jetpack_social_post_already_shared":true,"jetpack_social_options":{"image_generator_settings":{"template":"highway","default_image_id":0,"font":"","enabled":false},"version":2},"_wpas_customize_per_network":false},"categories":[405],"tags":[],"class_list":["post-16628","post","type-post","status-publish","format-standard","has-post-thumbnail","hentry","category-actu-france-monde"],"jetpack_publicize_connections":[],"jetpack_featured_media_url":"https:\/\/i0.wp.com\/www.iceagetv.com\/radiosite\/wp-content\/uploads\/2020\/10\/Affaire-Th%C3%A9o.png?fit=623%2C270&ssl=1","jetpack_sharing_enabled":true,"_links":{"self":[{"href":"https:\/\/www.iceagetv.com\/radiosite\/wp-json\/wp\/v2\/posts\/16628","targetHints":{"allow":["GET"]}}],"collection":[{"href":"https:\/\/www.iceagetv.com\/radiosite\/wp-json\/wp\/v2\/posts"}],"about":[{"href":"https:\/\/www.iceagetv.com\/radiosite\/wp-json\/wp\/v2\/types\/post"}],"author":[{"embeddable":true,"href":"https:\/\/www.iceagetv.com\/radiosite\/wp-json\/wp\/v2\/users\/2"}],"replies":[{"embeddable":true,"href":"https:\/\/www.iceagetv.com\/radiosite\/wp-json\/wp\/v2\/comments?post=16628"}],"version-history":[{"count":1,"href":"https:\/\/www.iceagetv.com\/radiosite\/wp-json\/wp\/v2\/posts\/16628\/revisions"}],"predecessor-version":[{"id":16630,"href":"https:\/\/www.iceagetv.com\/radiosite\/wp-json\/wp\/v2\/posts\/16628\/revisions\/16630"}],"wp:featuredmedia":[{"embeddable":true,"href":"https:\/\/www.iceagetv.com\/radiosite\/wp-json\/wp\/v2\/media\/16629"}],"wp:attachment":[{"href":"https:\/\/www.iceagetv.com\/radiosite\/wp-json\/wp\/v2\/media?parent=16628"}],"wp:term":[{"taxonomy":"category","embeddable":true,"href":"https:\/\/www.iceagetv.com\/radiosite\/wp-json\/wp\/v2\/categories?post=16628"},{"taxonomy":"post_tag","embeddable":true,"href":"https:\/\/www.iceagetv.com\/radiosite\/wp-json\/wp\/v2\/tags?post=16628"}],"curies":[{"name":"wp","href":"https:\/\/api.w.org\/{rel}","templated":true}]}}