{"id":16643,"date":"2020-10-08T16:42:45","date_gmt":"2020-10-08T16:42:45","guid":{"rendered":"http:\/\/www.iceagetv.com\/radiosite\/?p=16643"},"modified":"2020-10-08T16:42:45","modified_gmt":"2020-10-08T16:42:45","slug":"coronavirus-lille-grenoble-lyon-et-saint-etienne-en-zone-dalerte-maximale-des-samedi","status":"publish","type":"post","link":"https:\/\/www.iceagetv.com\/radiosite\/coronavirus-lille-grenoble-lyon-et-saint-etienne-en-zone-dalerte-maximale-des-samedi\/","title":{"rendered":"Coronavirus : Lille, Grenoble, Lyon et Saint-Etienne en zone d&rsquo;alerte maximale d\u00e8s samedi"},"content":{"rendered":"\n<p> Ce jeudi 8 octobre, Olivier V\u00e9ran, le ministre de la Sant\u00e9, et Bruno Le Maire, le ministre de l\u2019\u00c9conomie, tiendront un point de situation \u00e0 18 h. Ils pourraient annoncer de nouvelles restrictions dans plusieurs m\u00e9tropoles. Lille, Grenoble, Saint-Etienne et Lyon pourraient passer en zone d\u2019alerte maximale, rapportent par ailleurs plusieurs m\u00e9dias. En Ile-de-France, un \u00ab plan blanc renforc\u00e9 \u00bb a \u00e9t\u00e9 mis en place et le directeur de l\u2019ARS met en garde contre \u00ab une mar\u00e9e tr\u00e8s forte \u00bb. <\/p>\n\n\n\n<p><strong>Quatre nouvelles villes pourraient passer en alerte maximale :<\/strong>&nbsp;<a href=\"https:\/\/www.ouest-france.fr\/hauts-de-france\/lille-59000\/\" target=\"_blank\" rel=\"noreferrer noopener\">Lille<\/a>,&nbsp;<a href=\"https:\/\/www.ouest-france.fr\/auvergne-rhone-alpes\/grenoble-38000\/\" target=\"_blank\" rel=\"noreferrer noopener\">Grenoble<\/a>,&nbsp;<a href=\"https:\/\/www.ouest-france.fr\/auvergne-rhone-alpes\/saint-etienne-42000\/\" target=\"_blank\" rel=\"noreferrer noopener\">Saint-Etienne<\/a>&nbsp;et&nbsp;<a href=\"https:\/\/www.ouest-france.fr\/auvergne-rhone-alpes\/lyon-69000\/\" target=\"_blank\" rel=\"noreferrer noopener\">Lyon<\/a>&nbsp;pourraient passer en zone d\u2019alerte maximale face \u00e0 l\u2019\u00e9pid\u00e9mie de Covid-19, rapportent plusieurs m\u00e9dias,&nbsp;<a href=\"https:\/\/www.franceinter.fr\/politique\/covid-19-lille-grenoble-saint-etienne-et-lyon-devraient-passer-en-alerte-maximale\" target=\"_blank\" rel=\"noreferrer noopener\">dont France Inter<\/a>.<\/p>\n\n\n\n<p>&#8211;&nbsp;<strong>De nouvelles restrictions en vue :<\/strong>&nbsp;ce jeudi 8 octobre, le ministre de la Sant\u00e9&nbsp;<a href=\"https:\/\/www.ouest-france.fr\/politique\/olivier-veran\/\" target=\"_blank\" rel=\"noreferrer noopener\">Olivier V\u00e9ran<\/a>&nbsp;tiendra son point hebdomadaire \u00e0 18 h sur la pand\u00e9mie de&nbsp;<a href=\"https:\/\/www.ouest-france.fr\/bretagne\/rennes-35000\/covid-19-a-rennes-l-epidemie-ne-demande-qu-a-exploser-7005961\" target=\"_blank\" rel=\"noreferrer noopener\">coronavirus<\/a>. Face \u00e0 la hausse des cas positifs,&nbsp;<a href=\"https:\/\/www.ouest-france.fr\/sante\/virus\/coronavirus\/covid-19-que-faut-il-attendre-des-annonces-d-olivier-veran-ce-soir-7006248\" target=\"_blank\" rel=\"noreferrer noopener\">de nouvelles mesures de restrictions pourraient \u00eatre annonc\u00e9es<\/a>.<\/p>\n\n\n\n<p>&#8211;&nbsp;<strong>Les h\u00f4pitaux d\u2019Ile-de-France passent en \u00ab plan blanc renforc\u00e9 \u00bb<\/strong>&nbsp;: l\u2019agence r\u00e9gionale de sant\u00e9 (ARS) d\u2019<a href=\"https:\/\/www.ouest-france.fr\/ile-de-france\/\" target=\"_blank\" rel=\"noreferrer noopener\">Ile-de-France<\/a>&nbsp;a demand\u00e9 ce jeudi \u00e0 tous les h\u00f4pitaux et cliniques de la r\u00e9gion de&nbsp;<strong>\u00ab mobiliser toutes leurs ressources \u00bb<\/strong>&nbsp;en pr\u00e9vision d\u2019un&nbsp;<strong>\u00ab afflux important \u00bb<\/strong>&nbsp;de malades du Covid-19 dans les prochaines semaines.&nbsp;<a href=\"https:\/\/www.ouest-france.fr\/sante\/virus\/coronavirus\/covid-19-plan-blanc-renforce-en-ile-de-france-qui-s-attend-une-maree-tres-forte-de-malades-7006336\" target=\"_blank\" rel=\"noreferrer noopener\">L\u2019ARS pr\u00e9voit&nbsp;<\/a><strong><a href=\"https:\/\/www.ouest-france.fr\/sante\/virus\/coronavirus\/covid-19-plan-blanc-renforce-en-ile-de-france-qui-s-attend-une-maree-tres-forte-de-malades-7006336\" target=\"_blank\" rel=\"noreferrer noopener\">\u00ab une mar\u00e9e tr\u00e8s forte \u00bb<\/a>&nbsp;<\/strong>.<\/p>\n\n\n\n<p>&#8211;\u00a0<strong>En Italie et en Pologne, le masque est obligatoire \u00e0 l\u2019ext\u00e9rieur\u00a0<\/strong>: l\u2019<a rel=\"noreferrer noopener\" href=\"https:\/\/www.ouest-france.fr\/europe\/italie\/\" target=\"_blank\">Italie<\/a>\u00a0a d\u00e9cid\u00e9, mercredi, de rendre obligatoire\u00a0<a rel=\"noreferrer noopener\" href=\"https:\/\/www.ouest-france.fr\/sante\/virus\/coronavirus\/point-de-vue-le-masque-signe-du-souci-de-l-autre-7002955\" target=\"_blank\">le port du masque<\/a>\u00a0\u00e0 l\u2019ext\u00e9rieur sur tout son territoire et de prolonger jusqu\u2019au 31 janvier l\u2019\u00e9tat d\u2019urgence. Ce jeudi, la\u00a0<a rel=\"noreferrer noopener\" href=\"https:\/\/www.ouest-france.fr\/europe\/pologne\/\" target=\"_blank\">Pologne<\/a>\u00a0a \u00e9galement annonc\u00e9 que le masque sera obligatoire dans tous les espaces publics. Pour Toulouse et Montpellier , les autorit\u00e9s ne donnent deux jours d&rsquo;observation avant de prendre des d\u00e9cisions.\u00a0 <\/p>\n\n\n\n<p><\/p>\n","protected":false},"excerpt":{"rendered":"<p>Ce jeudi 8 octobre, Olivier V\u00e9ran, le ministre de la Sant\u00e9, et Bruno Le Maire, le ministre de l\u2019\u00c9conomie, tiendront un point de situation \u00e0 18 h. Ils pourraient annoncer de nouvelles restrictions dans plusieurs m\u00e9tropoles. Lille, Grenoble, Saint-Etienne et Lyon pourraient passer en zone d\u2019alerte maximale, rapportent par ailleurs plusieurs m\u00e9dias. En Ile-de-France, un [&hellip;]<\/p>\n","protected":false},"author":2,"featured_media":16644,"comment_status":"open","ping_status":"open","sticky":false,"template":"","format":"standard","meta":{"_jetpack_memberships_contains_paid_content":false,"footnotes":"","jetpack_publicize_message":"","jetpack_publicize_feature_enabled":true,"jetpack_social_post_already_shared":true,"jetpack_social_options":{"image_generator_settings":{"template":"highway","default_image_id":0,"font":"","enabled":false},"version":2},"_wpas_customize_per_network":false},"categories":[405],"tags":[],"class_list":["post-16643","post","type-post","status-publish","format-standard","has-post-thumbnail","hentry","category-actu-france-monde"],"jetpack_publicize_connections":[],"jetpack_featured_media_url":"https:\/\/i0.wp.com\/www.iceagetv.com\/radiosite\/wp-content\/uploads\/2020\/10\/alerte-maximale-d%C3%A8s-samedi.jpg?fit=640%2C360&ssl=1","jetpack_sharing_enabled":true,"_links":{"self":[{"href":"https:\/\/www.iceagetv.com\/radiosite\/wp-json\/wp\/v2\/posts\/16643","targetHints":{"allow":["GET"]}}],"collection":[{"href":"https:\/\/www.iceagetv.com\/radiosite\/wp-json\/wp\/v2\/posts"}],"about":[{"href":"https:\/\/www.iceagetv.com\/radiosite\/wp-json\/wp\/v2\/types\/post"}],"author":[{"embeddable":true,"href":"https:\/\/www.iceagetv.com\/radiosite\/wp-json\/wp\/v2\/users\/2"}],"replies":[{"embeddable":true,"href":"https:\/\/www.iceagetv.com\/radiosite\/wp-json\/wp\/v2\/comments?post=16643"}],"version-history":[{"count":1,"href":"https:\/\/www.iceagetv.com\/radiosite\/wp-json\/wp\/v2\/posts\/16643\/revisions"}],"predecessor-version":[{"id":16645,"href":"https:\/\/www.iceagetv.com\/radiosite\/wp-json\/wp\/v2\/posts\/16643\/revisions\/16645"}],"wp:featuredmedia":[{"embeddable":true,"href":"https:\/\/www.iceagetv.com\/radiosite\/wp-json\/wp\/v2\/media\/16644"}],"wp:attachment":[{"href":"https:\/\/www.iceagetv.com\/radiosite\/wp-json\/wp\/v2\/media?parent=16643"}],"wp:term":[{"taxonomy":"category","embeddable":true,"href":"https:\/\/www.iceagetv.com\/radiosite\/wp-json\/wp\/v2\/categories?post=16643"},{"taxonomy":"post_tag","embeddable":true,"href":"https:\/\/www.iceagetv.com\/radiosite\/wp-json\/wp\/v2\/tags?post=16643"}],"curies":[{"name":"wp","href":"https:\/\/api.w.org\/{rel}","templated":true}]}}