{"id":16647,"date":"2020-10-09T08:13:21","date_gmt":"2020-10-09T08:13:21","guid":{"rendered":"http:\/\/www.iceagetv.com\/radiosite\/?p=16647"},"modified":"2020-10-09T08:13:21","modified_gmt":"2020-10-09T08:13:21","slug":"covid-le-president-du-conseil-scientifique-sattend-a-vivre-avec-jusqua-lete","status":"publish","type":"post","link":"https:\/\/www.iceagetv.com\/radiosite\/covid-le-president-du-conseil-scientifique-sattend-a-vivre-avec-jusqua-lete\/","title":{"rendered":"COVID: LE PR\u00c9SIDENT DU CONSEIL SCIENTIFIQUE S&rsquo;ATTEND \u00c0 VIVRE AVEC \u00ab\u00a0JUSQU&rsquo;\u00c0 L&rsquo;\u00c9T\u00c9\u00a0\u00bb"},"content":{"rendered":"\n<p> Apr\u00e8s Aix-Marseille et Paris, Olivier V\u00e9ran a annonc\u00e9 ce jeudi que quatre villes suppl\u00e9mentaires allaient basculer en zone d&rsquo;alerte maximale, synonyme de nouvelles restrictions sanitaires. <\/p>\n\n\n\n<h2 class=\"wp-block-heading\">La situation est \u00ab\u00a0pr\u00e9occupante\u00a0\u00bb en \u00cele-de-France, pr\u00e9vient Hirsch<\/h2>\n\n\n\n<p>Le directeur g\u00e9n\u00e9ral de l&rsquo;AP-HP, Martin Hirsch, a indiqu\u00e9 vendredi que le d\u00e9clenchement du \u00ab\u00a0plan blanc renforc\u00e9\u00a0\u00bb en \u00cele-de-France face au Covid-19 \u00e9tait le r\u00e9sultat d&rsquo;une situation \u00ab\u00a0pr\u00e9occupante\u00a0\u00bb et \u00e9voluant \u00ab\u00a0rapidement\u00a0\u00bb, exhortant chacun \u00e0 se \u00ab\u00a0discipliner\u00a0\u00bb et \u00ab\u00a0restreindre les contacts sociaux\u00a0\u00bb.<\/p>\n\n\n\n<blockquote class=\"wp-block-quote is-layout-flow wp-block-quote-is-layout-flow\"><p>\u00ab\u00a0Le d\u00e9clenchement du plan blanc, c&rsquo;est la cons\u00e9quence d&rsquo;une situation qui \u00e9volue relativement rapidement, qui est pr\u00e9occupante, qui est extr\u00eamement compliqu\u00e9e pour les \u00e9quipes\u00a0\u00bb, a-t-il d\u00e9clar\u00e9 sur Europe 1.<\/p><\/blockquote>\n\n\n\n<p>\u00ab\u00a0Et c&rsquo;est le fait que nous pr\u00e9voyons dans les jours qui viennent que le nombre de patients \u00e0 prendre en charge, aussi bien en r\u00e9animation que dans les unit\u00e9s d&rsquo;hospitalisation, va \u00eatre de plus en plus \u00e9lev\u00e9\u00a0\u00bb, a ajout\u00e9 le patron de l&rsquo;Assistance publique &#8211; H\u00f4pitaux de Paris.<\/p>\n\n\n\n<p>Le \u00ab\u00a0plan blanc renforc\u00e9\u00a0\u00bb, activ\u00e9 jeudi par l&rsquo;agence r\u00e9gionale de sant\u00e9 (ARS), permet aux \u00e9tablissements de sant\u00e9 de d\u00e9programmer des activit\u00e9s pour se concentrer sur les patients atteints de Covid-19.<\/p>\n\n\n\n<h2 class=\"wp-block-heading\">Si \u00e0 certains moments, un reconfinement local est n\u00e9cessaire, il faudra le faire\u00a0\u00bb<\/h2>\n\n\n\n<p>Interrog\u00e9 sur les mesures prises par les autorit\u00e9s, Jean-Fran\u00e7ois Delfraissy a tout d&rsquo;abord estim\u00e9 qu&rsquo;il \u00ab\u00a0faut tout faire\u00a0\u00bb pour \u00e9viter un reconfinement.<\/p>\n\n\n\n<blockquote class=\"wp-block-quote is-layout-flow wp-block-quote-is-layout-flow\"><p>\u00ab\u00a0Si \u00e0 certains moments c\u2019est n\u00e9cessaire, il faudra le faire. Si \u00e0 certains moments, il faut prendre une d\u00e9cision de couvre-feu, il faudra le faire. Une fois de plus quittons notre mod\u00e8le fran\u00e7ais permanent, regardons ce qui se fait ailleurs, partageons l\u2019extr\u00eame difficult\u00e9 de r\u00e9ponse\u00a0\u00bb, temp\u00e8re-t-il.<\/p><\/blockquote>\n\n\n\n<h2 class=\"wp-block-heading\">\u00ab\u00a0Les mesures de restrictions sont n\u00e9cessaires\u00a0\u00bb, estime Delfraissy<\/h2>\n\n\n\n<p>En ce qui concerne les mesures de restriction annonc\u00e9es ces derni\u00e8res heures dans plusieurs villes fran\u00e7aises, Jean-Fran\u00e7ois Delfraissy a estim\u00e9 qu&rsquo;elles \u00ab\u00a0sont indispensables.\u00a0\u00bb<\/p>\n\n\n\n<blockquote class=\"wp-block-quote is-layout-flow wp-block-quote-is-layout-flow\"><p>\u00ab\u00a0Les mesures de restriction sont indispensables. Ce qu\u2019il faut, c\u2019est regagner la confiance. Elles sont n\u00e9cessaires sur les grandes villes pendant une p\u00e9riode 15 jours 3 semaines. C\u2019est un accompagnement localis\u00e9 dans les grandes m\u00e9tropoles\u00a0\u00bb, explique-t-il.<\/p><\/blockquote>\n\n\n\n<p>De plus, le pr\u00e9sident du Conseil scientifique a \u00e9galement assur\u00e9 que ces derni\u00e8res devraient \u00eatre prises \u00e0 tour de r\u00f4le.<\/p>\n\n\n\n<p>\u00ab\u00a0Ce sont des mesures transitoires pour que le virus ne circule pas trop puis on rouvre, et on ferme dans une autre ville. C\u2019est cette strat\u00e9gie-l\u00e0 qu\u2019il va falloir avoir en plus des mesures de distanciations.\u00a0\u00bb<\/p>\n\n\n\n<h2 class=\"wp-block-heading\">Le virus encore pr\u00e9sent \u00ab\u00a0pendant un certain temps\u00a0\u00bb<\/h2>\n\n\n\n<p>Le pr\u00e9sident du Conseil scientifique a souhait\u00e9 pr\u00e9venir les Fran\u00e7ais, estimant que ces derniers devaient s&rsquo;attendre \u00e0 une \u00e9p\u00eed\u00e9mie qui dure dans le temps.<\/p>\n\n\n\n<blockquote class=\"wp-block-quote is-layout-flow wp-block-quote-is-layout-flow\"><p>\u00ab\u00a0Il faut que nous comprenions tous que nous sommes partis avec une vision de moyen et long terme avec ce virus. C\u2019est-\u00e0-dire que ce n\u2019est pas seulement septembre 2020 qui est en jeu, c\u2019est l\u2019ensemble de l\u2019hiver 2020, le printemps 2021. \u00c7a va durer\u00a0\u00bb, explique-t-il.<\/p><\/blockquote>\n\n\n\n<p>Pour autant, Jean-Fran\u00e7ois Delfraissy a \u00e9galement estim\u00e9 que le virus devrait s&rsquo;att\u00e9nuer \u00e0 partir du printemps prochain.<\/p>\n\n\n\n<p>\u00ab\u00a0Le virus va \u00eatre encore la pendant un certain temps puis va s\u2019att\u00e9nuer. On prend acte qu\u2019il faut que l\u2019ensemble de notre population qu\u2019on est rentr\u00e9 dans quelque chose de moyen et long terme. C\u2019est mon r\u00f4le de l\u2019annoncer, il faut apprendre \u00e0 vivre avec cette vision. Ce virus va s\u2019att\u00e9nuer spontan\u00e9ment et on aura probablement des premiers candidats vaccin.\u00a0\u00bb<\/p>\n","protected":false},"excerpt":{"rendered":"<p>Apr\u00e8s Aix-Marseille et Paris, Olivier V\u00e9ran a annonc\u00e9 ce jeudi que quatre villes suppl\u00e9mentaires allaient basculer en zone d&rsquo;alerte maximale, synonyme de nouvelles restrictions sanitaires. La situation est \u00ab\u00a0pr\u00e9occupante\u00a0\u00bb en \u00cele-de-France, pr\u00e9vient Hirsch Le directeur g\u00e9n\u00e9ral de l&rsquo;AP-HP, Martin Hirsch, a indiqu\u00e9 vendredi que le d\u00e9clenchement du \u00ab\u00a0plan blanc renforc\u00e9\u00a0\u00bb en \u00cele-de-France face au Covid-19 [&hellip;]<\/p>\n","protected":false},"author":2,"featured_media":16648,"comment_status":"open","ping_status":"open","sticky":false,"template":"","format":"standard","meta":{"_jetpack_memberships_contains_paid_content":false,"footnotes":"","jetpack_publicize_message":"","jetpack_publicize_feature_enabled":true,"jetpack_social_post_already_shared":true,"jetpack_social_options":{"image_generator_settings":{"template":"highway","default_image_id":0,"font":"","enabled":false},"version":2},"_wpas_customize_per_network":false},"categories":[405],"tags":[],"class_list":["post-16647","post","type-post","status-publish","format-standard","has-post-thumbnail","hentry","category-actu-france-monde"],"jetpack_publicize_connections":[],"jetpack_featured_media_url":"https:\/\/i0.wp.com\/www.iceagetv.com\/radiosite\/wp-content\/uploads\/2020\/10\/E-PR%C3%89SIDENT-DU-CONSEIL-SCIENTIFIQUE-SATTEND-%C3%80-VIVRE-AVEC-JUSQU%C3%80-L%C3%89T%C3%89.jpg?fit=800%2C450&ssl=1","jetpack_sharing_enabled":true,"_links":{"self":[{"href":"https:\/\/www.iceagetv.com\/radiosite\/wp-json\/wp\/v2\/posts\/16647","targetHints":{"allow":["GET"]}}],"collection":[{"href":"https:\/\/www.iceagetv.com\/radiosite\/wp-json\/wp\/v2\/posts"}],"about":[{"href":"https:\/\/www.iceagetv.com\/radiosite\/wp-json\/wp\/v2\/types\/post"}],"author":[{"embeddable":true,"href":"https:\/\/www.iceagetv.com\/radiosite\/wp-json\/wp\/v2\/users\/2"}],"replies":[{"embeddable":true,"href":"https:\/\/www.iceagetv.com\/radiosite\/wp-json\/wp\/v2\/comments?post=16647"}],"version-history":[{"count":1,"href":"https:\/\/www.iceagetv.com\/radiosite\/wp-json\/wp\/v2\/posts\/16647\/revisions"}],"predecessor-version":[{"id":16649,"href":"https:\/\/www.iceagetv.com\/radiosite\/wp-json\/wp\/v2\/posts\/16647\/revisions\/16649"}],"wp:featuredmedia":[{"embeddable":true,"href":"https:\/\/www.iceagetv.com\/radiosite\/wp-json\/wp\/v2\/media\/16648"}],"wp:attachment":[{"href":"https:\/\/www.iceagetv.com\/radiosite\/wp-json\/wp\/v2\/media?parent=16647"}],"wp:term":[{"taxonomy":"category","embeddable":true,"href":"https:\/\/www.iceagetv.com\/radiosite\/wp-json\/wp\/v2\/categories?post=16647"},{"taxonomy":"post_tag","embeddable":true,"href":"https:\/\/www.iceagetv.com\/radiosite\/wp-json\/wp\/v2\/tags?post=16647"}],"curies":[{"name":"wp","href":"https:\/\/api.w.org\/{rel}","templated":true}]}}