{"id":16650,"date":"2020-10-09T12:50:13","date_gmt":"2020-10-09T12:50:13","guid":{"rendered":"http:\/\/www.iceagetv.com\/radiosite\/?p=16650"},"modified":"2020-10-09T12:50:13","modified_gmt":"2020-10-09T12:50:13","slug":"agression-de-deux-policiers-a-herblay-dans-le-val-doise-un-des-suspects-sest-rendu-a-la-police-ce-matin-il-a-ete-place-en-garde-a-vue","status":"publish","type":"post","link":"https:\/\/www.iceagetv.com\/radiosite\/agression-de-deux-policiers-a-herblay-dans-le-val-doise-un-des-suspects-sest-rendu-a-la-police-ce-matin-il-a-ete-place-en-garde-a-vue\/","title":{"rendered":"Agression de deux policiers \u00e0 Herblay dans le Val d&rsquo;Oise: Un des suspects s&rsquo;est rendu \u00e0 la police ce matin &#8211; Il a \u00e9t\u00e9 plac\u00e9 en garde \u00e0 vue"},"content":{"rendered":"\n<p>Un suspect s\u2019est livr\u00e9 \u00e0 la police vendredi et a \u00e9t\u00e9 plac\u00e9 en garde \u00e0 vue dans l\u2019enqu\u00eate sur la violente agression de deux policiers mercredi soir \u00e0 Herblay, en banlieue parisienne, qui a eu un fort retentissement en France, a-t-on appris de sources concordantes.<\/p>\n\n\n\n<p>Cet homme s\u2019est rendu dans la matin\u00e9e \u00e0 la police judiciaire de Versailles en se pr\u00e9sentant, selon une source proche de l\u2019enqu\u00eate, comme un des trois agresseurs ayant ouvert le feu sur deux policiers qui \u00e9taient en mission de surveillance.<\/p>\n\n\n\n<p>Une autre source proche de l\u2019enqu\u00eate appelait toutefois \u00e0 la prudence et mettait en doute le fait que l\u2019homme soit un des trois agresseurs.<\/p>\n\n\n\n<p>Selon une des sources proches de l\u2019enqu\u00eate, le suspect en garde \u00e0 vue est un un homme de 28 ans connu des services de police .<\/p>\n\n\n\n<p>Trois individus sont activement recherch\u00e9s depuis cette attaque dans laquelle les deux policiers ont \u00e9t\u00e9 bless\u00e9s, dont l\u2019un tr\u00e8s gri\u00e8vement. Son pronostic vital restait engag\u00e9 vendredi matin m\u00eame si son \u00e9tat s\u2019est stabilis\u00e9, selon une source polici\u00e8re.<\/p>\n\n\n\n<p>Les deux policiers de 30 et 45 ans avaient \u00e9t\u00e9 pass\u00e9s \u00e0 tabac par trois hommes qui leur avaient ensuite d\u00e9rob\u00e9 leurs armes et avaient ouvert le feu sur eux.<\/p>\n\n\n\n<p>Cette attaque a suscit\u00e9 l\u2019indignation de l\u2019ex\u00e9cutif qui a condamn\u00e9 un acte d\u2019une \u00ab&nbsp;grande sauvagerie&nbsp;\u00bb ayant \u00ab&nbsp;pris pour cible la R\u00e9publique&nbsp;\u00bb.<\/p>\n","protected":false},"excerpt":{"rendered":"<p>Un suspect s\u2019est livr\u00e9 \u00e0 la police vendredi et a \u00e9t\u00e9 plac\u00e9 en garde \u00e0 vue dans l\u2019enqu\u00eate sur la violente agression de deux policiers mercredi soir \u00e0 Herblay, en banlieue parisienne, qui a eu un fort retentissement en France, a-t-on appris de sources concordantes. Cet homme s\u2019est rendu dans la matin\u00e9e \u00e0 la police [&hellip;]<\/p>\n","protected":false},"author":2,"featured_media":16635,"comment_status":"open","ping_status":"open","sticky":false,"template":"","format":"standard","meta":{"_jetpack_memberships_contains_paid_content":false,"footnotes":"","jetpack_publicize_message":"","jetpack_publicize_feature_enabled":true,"jetpack_social_post_already_shared":true,"jetpack_social_options":{"image_generator_settings":{"template":"highway","default_image_id":0,"font":"","enabled":false},"version":2},"_wpas_customize_per_network":false},"categories":[405],"tags":[],"class_list":["post-16650","post","type-post","status-publish","format-standard","has-post-thumbnail","hentry","category-actu-france-monde"],"jetpack_publicize_connections":[],"jetpack_featured_media_url":"https:\/\/i0.wp.com\/www.iceagetv.com\/radiosite\/wp-content\/uploads\/2020\/10\/2-POLICIERS-BLESS%C3%89S-PAR-BALLE-%C3%80-HERBLAY-LES-AGRESSEURS-ONT-D%C3%89ROB%C3%89-LEURS-ARMES.jpg?fit=800%2C400&ssl=1","jetpack_sharing_enabled":true,"_links":{"self":[{"href":"https:\/\/www.iceagetv.com\/radiosite\/wp-json\/wp\/v2\/posts\/16650","targetHints":{"allow":["GET"]}}],"collection":[{"href":"https:\/\/www.iceagetv.com\/radiosite\/wp-json\/wp\/v2\/posts"}],"about":[{"href":"https:\/\/www.iceagetv.com\/radiosite\/wp-json\/wp\/v2\/types\/post"}],"author":[{"embeddable":true,"href":"https:\/\/www.iceagetv.com\/radiosite\/wp-json\/wp\/v2\/users\/2"}],"replies":[{"embeddable":true,"href":"https:\/\/www.iceagetv.com\/radiosite\/wp-json\/wp\/v2\/comments?post=16650"}],"version-history":[{"count":1,"href":"https:\/\/www.iceagetv.com\/radiosite\/wp-json\/wp\/v2\/posts\/16650\/revisions"}],"predecessor-version":[{"id":16651,"href":"https:\/\/www.iceagetv.com\/radiosite\/wp-json\/wp\/v2\/posts\/16650\/revisions\/16651"}],"wp:featuredmedia":[{"embeddable":true,"href":"https:\/\/www.iceagetv.com\/radiosite\/wp-json\/wp\/v2\/media\/16635"}],"wp:attachment":[{"href":"https:\/\/www.iceagetv.com\/radiosite\/wp-json\/wp\/v2\/media?parent=16650"}],"wp:term":[{"taxonomy":"category","embeddable":true,"href":"https:\/\/www.iceagetv.com\/radiosite\/wp-json\/wp\/v2\/categories?post=16650"},{"taxonomy":"post_tag","embeddable":true,"href":"https:\/\/www.iceagetv.com\/radiosite\/wp-json\/wp\/v2\/tags?post=16650"}],"curies":[{"name":"wp","href":"https:\/\/api.w.org\/{rel}","templated":true}]}}