{"id":16655,"date":"2020-10-10T07:11:24","date_gmt":"2020-10-10T07:11:24","guid":{"rendered":"http:\/\/www.iceagetv.com\/radiosite\/?p=16655"},"modified":"2020-10-10T07:11:24","modified_gmt":"2020-10-10T07:11:24","slug":"questions-autour-de-la-liberation-de-la-francaise-sophie-petronin-qui-aurait-ete-echangee-contre-des-dizaines-de-prisonniers-djihadistes-et-dune-rancon","status":"publish","type":"post","link":"https:\/\/www.iceagetv.com\/radiosite\/questions-autour-de-la-liberation-de-la-francaise-sophie-petronin-qui-aurait-ete-echangee-contre-des-dizaines-de-prisonniers-djihadistes-et-dune-rancon\/","title":{"rendered":"Questions autour de la lib\u00e9ration de la Fran\u00e7aise Sophie P\u00e9tronin qui aurait \u00e9t\u00e9 \u00e9chang\u00e9e contre des dizaines de prisonniers djihadistes et d&rsquo;une ran\u00e7on"},"content":{"rendered":"\n<p>Sophie P\u00e9tronin, derni\u00e8re fran\u00e7aise retenue en otage dans le monde, a retrouv\u00e9 la libert\u00e9 jeudi, tout comme le chef de l&rsquo;opposition malienne Souma\u00efla Ciss\u00e9 &#8211; enlev\u00e9 en pleine campagne pour les l\u00e9gislatives le 25 mars dernier &#8211; et deux Italiens dont les noms n&rsquo;avaient jusqu&rsquo;\u00e0 pr\u00e9sent jamais \u00e9t\u00e9 rendus publics : Nicola Chiacchio et Pier Luigi Maccalli. Tous les quatre \u00e9taient aux mains du Groupe de soutien \u00e0 l&rsquo;islam et aux musulmans, affili\u00e9 \u00e0 Al-Qaida.<\/p>\n\n\n\n<p>Leur lib\u00e9ration, n\u00e9goci\u00e9e contre la relaxe de plus d&rsquo;une centaine de prisonniers, pour certains djihadistes, reste entour\u00e9e de nombreuses zones d&rsquo;ombre. La n\u00e9gociation&nbsp;a \u00e9t\u00e9 men\u00e9e \u00e0 bien sous un gouvernement malien de transition install\u00e9 depuis seulement quelques jours par les nouveaux ma\u00eetres militaires de Bamako, sans qu&rsquo;apparaisse clairement le r\u00f4le qu&rsquo;aurait jou\u00e9 ce changement politique pour d\u00e9bloquer la situation apr\u00e8s des ann\u00e9es d&rsquo;efforts.<\/p>\n\n\n\n<p>Cette s\u00e9quence de lib\u00e9ration a commenc\u00e9 vendredi dernier, quand les n\u00e9gociateurs maliens ont conclu un accord avec les islamistes d\u2019un groupe terroriste, le JNIM, affili\u00e9 \u00e0 Al-Qa\u00efda.&nbsp;<strong>Leur id\u00e9e \u00e9tait d\u2019organiser un \u00e9change contre 200 djihadistes environ, d\u00e9tenus \u00e0 la prison centrale de Bamako.<\/strong><\/p>\n\n\n\n<p><strong>Les autorit\u00e9s maliennes ont alors demand\u00e9 aux militaires fran\u00e7ais de suspendre l\u2019ensemble de leurs op\u00e9rations d\u00e8s samedi matin dans la r\u00e9gion de Tessalit, au nord du pays, o\u00f9 pendant tout le week-end des avions maliens ont amen\u00e9 les prisonniers rel\u00e2ch\u00e9s. 70 djihadistes ont \u00e9t\u00e9 lib\u00e9r\u00e9s le samedi, 110 le dimanche, puis 26 pour terminer les lundi et mardi.<\/strong><\/p>\n\n\n\n<p>L\u2019identit\u00e9 et le profil de ces prisonniers lib\u00e9r\u00e9s n\u2019ont pas \u00e9t\u00e9 divulgu\u00e9s, mais il y avait parmi eux beaucoup de combattants de base, ainsi que quelques chefs.<\/p>\n\n\n\n<p>Une large majorit\u00e9 de ces combattants islamistes ou pr\u00e9sent\u00e9s comme tels serait, selon Le Monde qui cite \u00ab\u00a0une bonne source\u00a0\u00bb, \u00ab\u00a0de tout petits poissons qui n&rsquo;avaient pas \u00e9t\u00e9 jug\u00e9s\u00a0\u00bb. Mais il y aurait \u00e9galement parmi eux \u00ab\u00a0des cadres du jihad, affili\u00e9s \u00e0 Al-Qaida\u00a0\u00bb. Le journal cite notamment \u00ab\u00a0le Mauritanien Fawaz Ould Ahmed (&#8230;), arr\u00eat\u00e9 en 2016, impliqu\u00e9 dans les attentats contre le restaurant La Terrasse \u00e0 Bamako (six morts) et l&rsquo;H\u00f4tel Byblos \u00e0 S\u00e9var\u00e9 (22 morts) en 2015\u00a0\u00bb.<\/p>\n\n\n\n<p>Enfin, une ran\u00e7on a probablement \u00e9t\u00e9 vers\u00e9e. \u00ab\u00a0Toutes les sources proches du dossier confirment qu&rsquo;une importante ran\u00e7on \u2013 dont le montant n\u2019est pas av\u00e9r\u00e9 \u2013 est venue s&rsquo;ajouter aux lib\u00e9rations de combattants\u00a0\u00bb, affirme Le Monde.<\/p>\n","protected":false},"excerpt":{"rendered":"<p>Sophie P\u00e9tronin, derni\u00e8re fran\u00e7aise retenue en otage dans le monde, a retrouv\u00e9 la libert\u00e9 jeudi, tout comme le chef de l&rsquo;opposition malienne Souma\u00efla Ciss\u00e9 &#8211; enlev\u00e9 en pleine campagne pour les l\u00e9gislatives le 25 mars dernier &#8211; et deux Italiens dont les noms n&rsquo;avaient jusqu&rsquo;\u00e0 pr\u00e9sent jamais \u00e9t\u00e9 rendus publics : Nicola Chiacchio et Pier [&hellip;]<\/p>\n","protected":false},"author":2,"featured_media":16656,"comment_status":"open","ping_status":"open","sticky":false,"template":"","format":"standard","meta":{"_jetpack_memberships_contains_paid_content":false,"footnotes":"","jetpack_publicize_message":"","jetpack_publicize_feature_enabled":true,"jetpack_social_post_already_shared":true,"jetpack_social_options":{"image_generator_settings":{"template":"highway","default_image_id":0,"font":"","enabled":false},"version":2},"_wpas_customize_per_network":false},"categories":[405],"tags":[],"class_list":["post-16655","post","type-post","status-publish","format-standard","has-post-thumbnail","hentry","category-actu-france-monde"],"jetpack_publicize_connections":[],"jetpack_featured_media_url":"https:\/\/i0.wp.com\/www.iceagetv.com\/radiosite\/wp-content\/uploads\/2020\/10\/Questions-autour-de-la-lib%C3%A9ration-de-la-Fran%C3%A7aise-Sophie-P%C3%A9tronin.png?fit=898%2C384&ssl=1","jetpack_sharing_enabled":true,"_links":{"self":[{"href":"https:\/\/www.iceagetv.com\/radiosite\/wp-json\/wp\/v2\/posts\/16655","targetHints":{"allow":["GET"]}}],"collection":[{"href":"https:\/\/www.iceagetv.com\/radiosite\/wp-json\/wp\/v2\/posts"}],"about":[{"href":"https:\/\/www.iceagetv.com\/radiosite\/wp-json\/wp\/v2\/types\/post"}],"author":[{"embeddable":true,"href":"https:\/\/www.iceagetv.com\/radiosite\/wp-json\/wp\/v2\/users\/2"}],"replies":[{"embeddable":true,"href":"https:\/\/www.iceagetv.com\/radiosite\/wp-json\/wp\/v2\/comments?post=16655"}],"version-history":[{"count":1,"href":"https:\/\/www.iceagetv.com\/radiosite\/wp-json\/wp\/v2\/posts\/16655\/revisions"}],"predecessor-version":[{"id":16657,"href":"https:\/\/www.iceagetv.com\/radiosite\/wp-json\/wp\/v2\/posts\/16655\/revisions\/16657"}],"wp:featuredmedia":[{"embeddable":true,"href":"https:\/\/www.iceagetv.com\/radiosite\/wp-json\/wp\/v2\/media\/16656"}],"wp:attachment":[{"href":"https:\/\/www.iceagetv.com\/radiosite\/wp-json\/wp\/v2\/media?parent=16655"}],"wp:term":[{"taxonomy":"category","embeddable":true,"href":"https:\/\/www.iceagetv.com\/radiosite\/wp-json\/wp\/v2\/categories?post=16655"},{"taxonomy":"post_tag","embeddable":true,"href":"https:\/\/www.iceagetv.com\/radiosite\/wp-json\/wp\/v2\/tags?post=16655"}],"curies":[{"name":"wp","href":"https:\/\/api.w.org\/{rel}","templated":true}]}}