{"id":16658,"date":"2020-10-10T08:45:16","date_gmt":"2020-10-10T08:45:16","guid":{"rendered":"http:\/\/www.iceagetv.com\/radiosite\/?p=16658"},"modified":"2020-10-10T08:45:16","modified_gmt":"2020-10-10T08:45:16","slug":"coronavirus-chaos-a-madrid-alors-que-la-capitale-est-bouclee-pour-quinze-jours-en-raison-de-lepidemie-la-region-proteste-contre-une-decision-arbitraire","status":"publish","type":"post","link":"https:\/\/www.iceagetv.com\/radiosite\/coronavirus-chaos-a-madrid-alors-que-la-capitale-est-bouclee-pour-quinze-jours-en-raison-de-lepidemie-la-region-proteste-contre-une-decision-arbitraire\/","title":{"rendered":"Coronavirus &#8211; Chaos \u00e0 Madrid alors que la capitale est boucl\u00e9e pour quinze jours en raison de l&rsquo;\u00e9pid\u00e9mie &#8211; La r\u00e9gion proteste contre une d\u00e9cision arbitraire"},"content":{"rendered":"\n<p>En Espagne, le Conseil des ministres a vot\u00e9 vendredi le d\u00e9cret annon\u00e7ant l&rsquo;\u00e9tat d&rsquo;alerte qui va permettre de boucler la capitale pour freiner l&rsquo;avanc\u00e9e de la pand\u00e9mie. \u00ab La patience a des limites \u00bb, indique le ministre de la Sant\u00e9, Salvador Illa, qui justifie la mesure pour prot\u00e9ger les autres r\u00e9gions.<\/p>\n\n\n\n<p>\u00abAucun Madril\u00e8ne ne peut le comprendre, les mesures que nous avons prises fonctionnent et l&rsquo;incidence des contagions baisse \u00bb, r\u00e9torque le conseiller r\u00e9gional Enrique Ruiz Escudero, en accusant le minist\u00e8re de mauvaise foi .<\/p>\n\n\n\n<p>\u00ab La mesure n&rsquo;est pas justifi\u00e9e \u00bb, proteste aussi le maire de la capitale, Jos\u00e9 Luis Martinez-Almeida.<\/p>\n\n\n\n<p>Alors qu\u2019un long week-end de trois jours se profile, \u00e0 l\u2019occasion de la f\u00eate nationale, le 12 octobre, le directeur du centre de coordination de la pand\u00e9mie, l\u2019\u00e9pid\u00e9miologiste Fernando Simon, n\u2019a pu qu\u2019exhorter les Madril\u00e8nes \u00e0 faire preuve de \u00ab responsabilit\u00e9 \u00bb et \u00e0 ne se rendre ni dans leur r\u00e9sidence secondaire \u00e0 la campagne, ni en vacances sur la c\u00f4te.&nbsp;<\/p>\n","protected":false},"excerpt":{"rendered":"<p>En Espagne, le Conseil des ministres a vot\u00e9 vendredi le d\u00e9cret annon\u00e7ant l&rsquo;\u00e9tat d&rsquo;alerte qui va permettre de boucler la capitale pour freiner l&rsquo;avanc\u00e9e de la pand\u00e9mie. \u00ab La patience a des limites \u00bb, indique le ministre de la Sant\u00e9, Salvador Illa, qui justifie la mesure pour prot\u00e9ger les autres r\u00e9gions. \u00abAucun Madril\u00e8ne ne peut [&hellip;]<\/p>\n","protected":false},"author":2,"featured_media":16659,"comment_status":"open","ping_status":"open","sticky":false,"template":"","format":"standard","meta":{"_jetpack_memberships_contains_paid_content":false,"footnotes":"","jetpack_publicize_message":"","jetpack_publicize_feature_enabled":true,"jetpack_social_post_already_shared":true,"jetpack_social_options":{"image_generator_settings":{"template":"highway","default_image_id":0,"font":"","enabled":false},"version":2},"_wpas_customize_per_network":false},"categories":[405],"tags":[],"class_list":["post-16658","post","type-post","status-publish","format-standard","has-post-thumbnail","hentry","category-actu-france-monde"],"jetpack_publicize_connections":[],"jetpack_featured_media_url":"https:\/\/i0.wp.com\/www.iceagetv.com\/radiosite\/wp-content\/uploads\/2020\/10\/Chaos-%C3%A0-Madrid-alors-que-la-capitale-est-boucl%C3%A9e-pour-quinze-jours-en-raison-de-l%C3%A9pid%C3%A9mie.png?fit=621%2C273&ssl=1","jetpack_sharing_enabled":true,"_links":{"self":[{"href":"https:\/\/www.iceagetv.com\/radiosite\/wp-json\/wp\/v2\/posts\/16658","targetHints":{"allow":["GET"]}}],"collection":[{"href":"https:\/\/www.iceagetv.com\/radiosite\/wp-json\/wp\/v2\/posts"}],"about":[{"href":"https:\/\/www.iceagetv.com\/radiosite\/wp-json\/wp\/v2\/types\/post"}],"author":[{"embeddable":true,"href":"https:\/\/www.iceagetv.com\/radiosite\/wp-json\/wp\/v2\/users\/2"}],"replies":[{"embeddable":true,"href":"https:\/\/www.iceagetv.com\/radiosite\/wp-json\/wp\/v2\/comments?post=16658"}],"version-history":[{"count":1,"href":"https:\/\/www.iceagetv.com\/radiosite\/wp-json\/wp\/v2\/posts\/16658\/revisions"}],"predecessor-version":[{"id":16660,"href":"https:\/\/www.iceagetv.com\/radiosite\/wp-json\/wp\/v2\/posts\/16658\/revisions\/16660"}],"wp:featuredmedia":[{"embeddable":true,"href":"https:\/\/www.iceagetv.com\/radiosite\/wp-json\/wp\/v2\/media\/16659"}],"wp:attachment":[{"href":"https:\/\/www.iceagetv.com\/radiosite\/wp-json\/wp\/v2\/media?parent=16658"}],"wp:term":[{"taxonomy":"category","embeddable":true,"href":"https:\/\/www.iceagetv.com\/radiosite\/wp-json\/wp\/v2\/categories?post=16658"},{"taxonomy":"post_tag","embeddable":true,"href":"https:\/\/www.iceagetv.com\/radiosite\/wp-json\/wp\/v2\/tags?post=16658"}],"curies":[{"name":"wp","href":"https:\/\/api.w.org\/{rel}","templated":true}]}}