{"id":16668,"date":"2020-10-12T18:24:17","date_gmt":"2020-10-12T18:24:17","guid":{"rendered":"http:\/\/www.iceagetv.com\/radiosite\/?p=16668"},"modified":"2020-10-12T18:24:17","modified_gmt":"2020-10-12T18:24:17","slug":"le-ministre-de-linterieur-porte-plainte-contre-dieudonne-qui-appelle-a-contaminer-les-policiers-apres-son-spectacle-hier-soir-en-meurthe-et-moselle","status":"publish","type":"post","link":"https:\/\/www.iceagetv.com\/radiosite\/le-ministre-de-linterieur-porte-plainte-contre-dieudonne-qui-appelle-a-contaminer-les-policiers-apres-son-spectacle-hier-soir-en-meurthe-et-moselle\/","title":{"rendered":"Le Ministre de l&rsquo;Int\u00e9rieur porte plainte contre Dieudonn\u00e9 qui appelle \u00ab\u00a0\u00e0 contaminer les policiers\u00a0\u00bb apr\u00e8s son spectacle hier soir en Meurthe-et-Moselle"},"content":{"rendered":"\n<p><strong>Mise \u00e0 jour Le ministre de l\u2019Int\u00e9rieur G\u00e9rald Darmanin et la pr\u00e9f\u00e8te du Bas-Rhin, Josiane Chevalier, ont annonc\u00e9 lundi porter plainte, apr\u00e8s la tenue samedi d\u2019un spectacle \u00abill\u00e9gal\u00bb de l\u2019humoriste controvers\u00e9 Dieudonn\u00e9. Dieudonn\u00e9 s\u2019est produit samedi soir dans un hangar de Geispolsheim (Bas-Rhin), pr\u00e8s de Strasbourg. Dimanche, dans une vid\u00e9o d\u2019un spectacle post\u00e9e sur son compte Twitter, il invitait les porteurs \u00abdu virus asiatique\u00bb pr\u00e9sents dans la salle \u00e0 se rendre \u00abau commissariat afin de contaminer les fonctionnaires de police\u00bb.&nbsp;<\/strong><\/p>\n\n\n\n<p><strong>.<\/strong><\/p>\n\n\n\n<p>Une enqu\u00eate de gendarmerie a \u00e9t\u00e9 diligent\u00e9e apr\u00e8s un spectacle en Meurthe-et-Moselle de l\u2019humoriste controvers\u00e9 Dieudonn\u00e9, qui a rassembl\u00e9 plusieurs centaines de personnes dont beaucoup n\u2019\u00e9taient pas masqu\u00e9es.&nbsp;Par ailleurs, selon le Parisien, dans une vid\u00e9o d&rsquo;un spectacle post\u00e9e dimanche matin sur son compte Twitter, Dieudonn\u00e9 invite les porteurs \u00ab du virus asiatique \u00bb pr\u00e9sents dans la salle \u00e0 se rendre \u00ab au commissariat afin de contaminer les fonctionnaires de police \u00bb.<\/p>\n\n\n\n<p>Le spectacle s\u2019est tenu vendredi soir dans l\u2019ancienne scierie de la commune de Favi\u00e8res, a indiqu\u00e9 \u00e0 l\u2019AFP Val\u00e9rie Hoffmann, la maire de ce village d\u2019environ 600 habitants, situ\u00e9 dans le sud du d\u00e9partement. P<\/p>\n\n\n\n<p>r\u00e9cisant avoir \u00e9t\u00e9 alert\u00e9e par ses adjoints, chez qui ceux qui d\u00e9siraient savoir o\u00f9 \u00e9tait organis\u00e9 le spectacle s\u2019\u00e9taient rendus, elle a constat\u00e9 qu\u2019il y avait dans la scierie \u201cenviron 300 \u00e0 400 personnes\u201d, dont \u00e0 peine \u201cla moiti\u00e9 \u00e9tait masqu\u00e9e\u201d. \u201cLes gendarmes sont venus en nombre et ils ont fait des contr\u00f4les\u201d, a-t-elle ajout\u00e9. \u201c<\/p>\n\n\n\n<p>Une enqu\u00eate de gendarmerie va \u00eatre ouverte\u201d, a-t-on par ailleurs indiqu\u00e9 aupr\u00e8s de la pr\u00e9fecture de Meurthe-et-Moselle. \u201cLe rassemblement \u00e9tait hors cadre. Le lieu d\u2019accueil n\u2019est pas une salle de spectacle et ne permet pas d\u2019assurer le protocole sanitaire. Nous allons \u00e9tudier quelles sont les voies l\u00e9gales pour verbaliser\u201d, a pr\u00e9cis\u00e9 Marie Cornet, directrice de cabinet du pr\u00e9fet de Meurthe-et-Moselle au quotidien r\u00e9gional Le R\u00e9publicain Lorrain.<\/p>\n\n\n\n<p>Selon le journal, les gendarmes ont d\u00e9ploy\u00e9 un dispositif de r\u00e9gulation des flux et de contr\u00f4les d\u2019alcool\u00e9mie \u00e0 l\u2019issue du spectacle.<\/p>\n\n\n\n<p>Habitu\u00e9 des tribunaux, Dieudonn\u00e9 a \u00e9t\u00e9 plusieurs fois condamn\u00e9 par la justice pour ses propos haineux. Sa derni\u00e8re condamnation date du 10 septembre: il avait \u00e9cop\u00e9 de 10.000 euros d\u2019amende pour des propos racistes tenus en juin 2017 lors de son spectacle le \u201cbal des quenelles\u201d.<\/p>\n","protected":false},"excerpt":{"rendered":"<p>Mise \u00e0 jour Le ministre de l\u2019Int\u00e9rieur G\u00e9rald Darmanin et la pr\u00e9f\u00e8te du Bas-Rhin, Josiane Chevalier, ont annonc\u00e9 lundi porter plainte, apr\u00e8s la tenue samedi d\u2019un spectacle \u00abill\u00e9gal\u00bb de l\u2019humoriste controvers\u00e9 Dieudonn\u00e9. Dieudonn\u00e9 s\u2019est produit samedi soir dans un hangar de Geispolsheim (Bas-Rhin), pr\u00e8s de Strasbourg. Dimanche, dans une vid\u00e9o d\u2019un spectacle post\u00e9e sur son [&hellip;]<\/p>\n","protected":false},"author":2,"featured_media":16669,"comment_status":"open","ping_status":"open","sticky":false,"template":"","format":"standard","meta":{"_jetpack_memberships_contains_paid_content":false,"footnotes":"","jetpack_publicize_message":"","jetpack_publicize_feature_enabled":true,"jetpack_social_post_already_shared":true,"jetpack_social_options":{"image_generator_settings":{"template":"highway","default_image_id":0,"font":"","enabled":false},"version":2},"_wpas_customize_per_network":false},"categories":[405],"tags":[],"class_list":["post-16668","post","type-post","status-publish","format-standard","has-post-thumbnail","hentry","category-actu-france-monde"],"jetpack_publicize_connections":[],"jetpack_featured_media_url":"https:\/\/i0.wp.com\/www.iceagetv.com\/radiosite\/wp-content\/uploads\/2020\/10\/Le-Ministre-de-lInt%C3%A9rieur-porte-plainte-contre-Dieudonn%C3%A9.png?fit=639%2C275&ssl=1","jetpack_sharing_enabled":true,"_links":{"self":[{"href":"https:\/\/www.iceagetv.com\/radiosite\/wp-json\/wp\/v2\/posts\/16668","targetHints":{"allow":["GET"]}}],"collection":[{"href":"https:\/\/www.iceagetv.com\/radiosite\/wp-json\/wp\/v2\/posts"}],"about":[{"href":"https:\/\/www.iceagetv.com\/radiosite\/wp-json\/wp\/v2\/types\/post"}],"author":[{"embeddable":true,"href":"https:\/\/www.iceagetv.com\/radiosite\/wp-json\/wp\/v2\/users\/2"}],"replies":[{"embeddable":true,"href":"https:\/\/www.iceagetv.com\/radiosite\/wp-json\/wp\/v2\/comments?post=16668"}],"version-history":[{"count":1,"href":"https:\/\/www.iceagetv.com\/radiosite\/wp-json\/wp\/v2\/posts\/16668\/revisions"}],"predecessor-version":[{"id":16670,"href":"https:\/\/www.iceagetv.com\/radiosite\/wp-json\/wp\/v2\/posts\/16668\/revisions\/16670"}],"wp:featuredmedia":[{"embeddable":true,"href":"https:\/\/www.iceagetv.com\/radiosite\/wp-json\/wp\/v2\/media\/16669"}],"wp:attachment":[{"href":"https:\/\/www.iceagetv.com\/radiosite\/wp-json\/wp\/v2\/media?parent=16668"}],"wp:term":[{"taxonomy":"category","embeddable":true,"href":"https:\/\/www.iceagetv.com\/radiosite\/wp-json\/wp\/v2\/categories?post=16668"},{"taxonomy":"post_tag","embeddable":true,"href":"https:\/\/www.iceagetv.com\/radiosite\/wp-json\/wp\/v2\/tags?post=16668"}],"curies":[{"name":"wp","href":"https:\/\/api.w.org\/{rel}","templated":true}]}}