{"id":16671,"date":"2020-10-12T18:27:07","date_gmt":"2020-10-12T18:27:07","guid":{"rendered":"http:\/\/www.iceagetv.com\/radiosite\/?p=16671"},"modified":"2020-10-12T18:27:07","modified_gmt":"2020-10-12T18:27:07","slug":"coronavirus-le-gouvernement-reflechit-a-un-couvre-feu-en-ile-de-france-qui-pourrait-debuter-a-20h-ou-22h-selon-le-point-la-france-frole-pour-la-premiere-fois-depuis-le-deconfinement-les-100-morts-e","status":"publish","type":"post","link":"https:\/\/www.iceagetv.com\/radiosite\/coronavirus-le-gouvernement-reflechit-a-un-couvre-feu-en-ile-de-france-qui-pourrait-debuter-a-20h-ou-22h-selon-le-point-la-france-frole-pour-la-premiere-fois-depuis-le-deconfinement-les-100-morts-e\/","title":{"rendered":"Coronavirus: Le gouvernement r\u00e9fl\u00e9chit \u00e0 un couvre-feu en Ile-de-France qui pourrait d\u00e9buter \u00e0 20h ou 22h selon Le Point &#8211; La France fr\u00f4le pour la premi\u00e8re fois depuis le d\u00e9confinement les 100 morts en 24h"},"content":{"rendered":"\n<p> <strong>Dans son nouveau bulletin quotidien, Sant\u00e9 publique France fait \u00e9tat de 96 nouveaux d\u00e9c\u00e8s sur les derni\u00e8res 24 heures dans les h\u00f4pitaux. Par ailleurs, 8.505 nouvelles contaminations ont \u00e9t\u00e9 confirm\u00e9es. Sur les 7 derniers jours, 5.350 nouvelles hospitalisations ont \u00e9t\u00e9 enregistr\u00e9es dont 929 en r\u00e9animation.<\/strong> <\/p>\n\n\n\n<p><strong><a href=\"https:\/\/www.lepoint.fr\/societe\/covid-19-un-couvre-feu-a-l-etude-pour-paris-et-l-ile-de-france-12-10-2020-2396055_23.php\" target=\"_blank\" rel=\"noreferrer noopener\">Selon le Point<\/a>, ce soir, le gouvernement r\u00e9fl\u00e9chit \u00e0 un couvre-feu en Ile-de-France qui pourrait d\u00e9buter \u00e0 20h ou 22h, mais rien n&rsquo;est encore d\u00e9cid\u00e9 pr\u00e9cise le site internet du magazine.<\/strong>&nbsp;Le Point \u00e9crit: \u00ab\u00a0Selon plusieurs sources au sommet de l&rsquo;\u00c9tat, l&rsquo;hypoth\u00e8se d&rsquo;un couvre-feu nocturne dans les zones le&nbsp;plus \u00e0 risque, en particulier Paris et l&rsquo;\u00cele-de-France, est \u00e0 l&rsquo;\u00e9tude avec diff\u00e9rents sc\u00e9narios de mise en application&nbsp;:&nbsp;<strong>\u00e0 partir de 20&nbsp;heures, 22&nbsp;heures ou 23&nbsp;heures<\/strong>, comme \u00e0 Berlin ou Francfort, en Allemagne, depuis ce week-end.<\/p>\n\n\n\n<p>S&rsquo;il s&rsquo;est montr\u00e9 efficace en Guyane, o\u00f9 il est appliqu\u00e9 depuis la mi-juin, le couvre-feu est loin de faire l&rsquo;unanimit\u00e9 au sein de l&rsquo;ex\u00e9cutif tant il vient percuter de plein fouet les restaurateurs et les jeunes, d\u00e9j\u00e0 durement \u00e9prouv\u00e9s par le confinement du printemps.<\/p>\n\n\n\n<p>Dans l&rsquo;entourage d&rsquo;Emmanuel Macron, de fait, on temporise en expliquant que l&rsquo;option est certes sur la table, mais pas du tout arbitr\u00e9e. \u00ab\u00a0<\/p>\n\n\n\n<p>En Ile-de-France, 17% des personnes test\u00e9es pour le Covid sont positives, \u00ab\u00a0un chiffre qu&rsquo;on n&rsquo;avait jamais atteint\u00a0\u00bb, a soulign\u00e9 lundi sur RMC\/BFMTV le directeur de l&rsquo;Agence r\u00e9gionale de sant\u00e9 (ARS) Aur\u00e9lien Rousseau, qui a fait \u00e9tat de 42% de patients Covid dans les services de r\u00e9animation de la r\u00e9gion.<\/p>\n\n\n\n<p>Avec \u00ab\u00a0474 malades, on a pass\u00e9 les 42% d&rsquo;occupation\u00a0\u00bb des lits de r\u00e9animation par des patients Covid en Ile-de-France, a soulign\u00e9 M. Rousseau. Il y a \u00ab\u00a0plus de 1.480 personnes dans les lits d&rsquo;hospitalisation conventionnelle, 672 dans les soins de suite et de r\u00e9adaptation et presque une centaine dans les lits de psychiatrie\u00a0\u00bb, a-t-il ajout\u00e9.<\/p>\n\n\n\n<p>Il avait alert\u00e9 la semaine derni\u00e8re sur la \u00ab\u00a0grande mar\u00e9e\u00a0\u00bb qui allait d\u00e9ferler sur les h\u00f4pitaux. \u00ab\u00a0On pense qu&rsquo;on a le temps mais \u00e0 la fin il y a une course contre la montre\u00a0\u00bb, a-t-il r\u00e9p\u00e9t\u00e9 lundi.<\/p>\n\n\n\n<p>Signe alarmant selon lui, \u00ab\u00a0on a par exemple aujourd&rsquo;hui \u00e0 Paris chez les 20-30 ans plus de 800 cas positifs pour 100.000. Le seuil d&rsquo;alerte c&rsquo;est 50. Et surtout, depuis trois jours (&#8230;) ces chiffres augmentent tr\u00e8s rapidement chez les personnes \u00e2g\u00e9es\u00a0\u00bb, or \u00ab\u00a0le passage entre les g\u00e9n\u00e9rations c&rsquo;est \u00e7a qui est notre pr\u00e9occupation majeure\u00a0\u00bb.<\/p>\n\n\n\n<p>Au total, \u00ab\u00a017% des tests reviennent positifs, c&rsquo;est un chiffre qu&rsquo;on n&rsquo;avait jamais atteint\u00a0\u00bb, a soulign\u00e9 M. Rousseau.<\/p>\n\n\n\n<p>\u00ab\u00a0On sait ce qui va se passer dans les 15 prochains jours\u00a0\u00bb et notamment \u00ab\u00a0qu&rsquo;on va avoir plus de cas graves\u00a0\u00bb, a-t-il dit, rappelant qu&rsquo;il avait \u00e9t\u00e9 demand\u00e9 aux h\u00f4pitaux d&rsquo;activer \u00ab\u00a0tous leurs dispositifs de crise\u00a0\u00bb et que cela passait d\u00e9j\u00e0 par des d\u00e9programmation d&rsquo;interventions et des cong\u00e9s repouss\u00e9s pour les soignants.<\/p>\n\n\n\n<p>Ce sont \u00ab\u00a0sans doute jusqu&rsquo;\u00e0 300 personnes par jour dans les prochains jours qui vont arriver dans les h\u00f4pitaux d&rsquo;Ile-de-France\u00a0\u00bb, a-t-il pronostiqu\u00e9.<\/p>\n\n\n\n<p>Le secteur priv\u00e9 \u00ab\u00a0est tr\u00e8s mobilis\u00e9\u00a0\u00bb, a par ailleurs soulign\u00e9 M. Rousseau, qui a indiqu\u00e9 que \u00ab\u00a0dans les lits de r\u00e9animation, 24% des malades sont dans le priv\u00e9\u00a0\u00bb.<\/p>\n\n\n\n<p>Par ailleurs, sur les 700 Ehpad d&rsquo;Ile-de-France, 127 comptent au moins un cas de Covid-19, a-t-il dit.<\/p>\n","protected":false},"excerpt":{"rendered":"<p>Dans son nouveau bulletin quotidien, Sant\u00e9 publique France fait \u00e9tat de 96 nouveaux d\u00e9c\u00e8s sur les derni\u00e8res 24 heures dans les h\u00f4pitaux. Par ailleurs, 8.505 nouvelles contaminations ont \u00e9t\u00e9 confirm\u00e9es. Sur les 7 derniers jours, 5.350 nouvelles hospitalisations ont \u00e9t\u00e9 enregistr\u00e9es dont 929 en r\u00e9animation. Selon le Point, ce soir, le gouvernement r\u00e9fl\u00e9chit \u00e0 un [&hellip;]<\/p>\n","protected":false},"author":2,"featured_media":16672,"comment_status":"open","ping_status":"open","sticky":false,"template":"","format":"standard","meta":{"_jetpack_memberships_contains_paid_content":false,"footnotes":"","jetpack_publicize_message":"","jetpack_publicize_feature_enabled":true,"jetpack_social_post_already_shared":true,"jetpack_social_options":{"image_generator_settings":{"template":"highway","default_image_id":0,"font":"","enabled":false},"version":2},"_wpas_customize_per_network":false},"categories":[405],"tags":[],"class_list":["post-16671","post","type-post","status-publish","format-standard","has-post-thumbnail","hentry","category-actu-france-monde"],"jetpack_publicize_connections":[],"jetpack_featured_media_url":"https:\/\/i0.wp.com\/www.iceagetv.com\/radiosite\/wp-content\/uploads\/2020\/10\/Le-gouvernement-r%C3%A9fl%C3%A9chit-%C3%A0-un-couvre-feu-en-Ile-de-France-qui-pourrait-d%C3%A9buter-%C3%A0-20h-ou-22h.png?fit=880%2C384&ssl=1","jetpack_sharing_enabled":true,"_links":{"self":[{"href":"https:\/\/www.iceagetv.com\/radiosite\/wp-json\/wp\/v2\/posts\/16671","targetHints":{"allow":["GET"]}}],"collection":[{"href":"https:\/\/www.iceagetv.com\/radiosite\/wp-json\/wp\/v2\/posts"}],"about":[{"href":"https:\/\/www.iceagetv.com\/radiosite\/wp-json\/wp\/v2\/types\/post"}],"author":[{"embeddable":true,"href":"https:\/\/www.iceagetv.com\/radiosite\/wp-json\/wp\/v2\/users\/2"}],"replies":[{"embeddable":true,"href":"https:\/\/www.iceagetv.com\/radiosite\/wp-json\/wp\/v2\/comments?post=16671"}],"version-history":[{"count":1,"href":"https:\/\/www.iceagetv.com\/radiosite\/wp-json\/wp\/v2\/posts\/16671\/revisions"}],"predecessor-version":[{"id":16673,"href":"https:\/\/www.iceagetv.com\/radiosite\/wp-json\/wp\/v2\/posts\/16671\/revisions\/16673"}],"wp:featuredmedia":[{"embeddable":true,"href":"https:\/\/www.iceagetv.com\/radiosite\/wp-json\/wp\/v2\/media\/16672"}],"wp:attachment":[{"href":"https:\/\/www.iceagetv.com\/radiosite\/wp-json\/wp\/v2\/media?parent=16671"}],"wp:term":[{"taxonomy":"category","embeddable":true,"href":"https:\/\/www.iceagetv.com\/radiosite\/wp-json\/wp\/v2\/categories?post=16671"},{"taxonomy":"post_tag","embeddable":true,"href":"https:\/\/www.iceagetv.com\/radiosite\/wp-json\/wp\/v2\/tags?post=16671"}],"curies":[{"name":"wp","href":"https:\/\/api.w.org\/{rel}","templated":true}]}}