{"id":16677,"date":"2020-10-13T16:42:45","date_gmt":"2020-10-13T16:42:45","guid":{"rendered":"http:\/\/www.iceagetv.com\/radiosite\/?p=16677"},"modified":"2020-10-13T16:42:45","modified_gmt":"2020-10-13T16:42:45","slug":"le-footballeur-portugais-cristiano-ronaldo-a-ete-teste-positif-au-covid-19-deux-jours-apres-avoir-joue-contre-lequipe-de-france","status":"publish","type":"post","link":"https:\/\/www.iceagetv.com\/radiosite\/le-footballeur-portugais-cristiano-ronaldo-a-ete-teste-positif-au-covid-19-deux-jours-apres-avoir-joue-contre-lequipe-de-france\/","title":{"rendered":"Le footballeur portugais Cristiano Ronaldo a \u00e9t\u00e9 test\u00e9 positif au Covid-19, deux jours apr\u00e8s avoir jou\u00e9 contre l&rsquo;\u00e9quipe de France"},"content":{"rendered":"\n<p>Cristiano Ronaldo, la star portugaise du ballon rond, a \u00e9t\u00e9 test\u00e9 positif au Covid-19 et sera forfait contre la Su\u00e8de mercredi soir \u00e0 Lisbonne en Ligue des Nations, a annonc\u00e9 mardi la F\u00e9d\u00e9ration portugaise de football (FPF).<\/p>\n\n\n\n<p>Cristiano Ronaldo a \u00ab\u00a0\u00e9t\u00e9 test\u00e9 positif au Covid-19 et ne jouera pas contre la Su\u00e8de\u00a0\u00bb, a indiqu\u00e9 la f\u00e9d\u00e9ration dans un communiqu\u00e9 publi\u00e9 sur son site internet, deux jours apr\u00e8s le match nul (0-0) du Portugal contre la France auquel l&rsquo;attaquant de la Juventus Turin a particip\u00e9.<\/p>\n\n\n\n<p>L&rsquo;attaquant vedette de la s\u00e9lection portugaise \u00ab\u00a0est asymptomatique\u00a0\u00bb et se trouve \u00ab\u00a0en quarantaine\u00a0\u00bb, a pr\u00e9cis\u00e9 la F\u00e9d\u00e9ration. Les autres joueurs de la s\u00e9lection portugaise, test\u00e9s mardi matin et dont les r\u00e9sultats \u00ab\u00a0sont tous n\u00e9gatifs\u00a0\u00bb, pourront s&rsquo;entra\u00eener mardi apr\u00e8s-midi.<\/p>\n\n\n\n<p>La semaine derni\u00e8re, avant le d\u00e9placement en France, deux autres joueurs portugais avaient \u00e9t\u00e9 test\u00e9s positifs: le gardien lyonnais Anthony Lopes et le d\u00e9fenseur lillois Jos\u00e9 Fonte. La s\u00e9ance d&rsquo;entra\u00eenement, qui \u00e9tait initialement pr\u00e9vue mardi matin, avait \u00e9t\u00e9 report\u00e9e mardi matin sans que la f\u00e9d\u00e9ration ne donne d&rsquo;explications. Une conf\u00e9rence de presse d&rsquo;avant-match est pr\u00e9vue \u00e0 19H00 locales (18H00 GMT) en pr\u00e9sence du technicien portugais et d&rsquo;un joueur de la s\u00e9lection, a confirm\u00e9 \u00e0 l&rsquo;AFP un porte-parole de la FPF.<\/p>\n\n\n\n<p>Cristiano Ronaldo est le dernier footballeur-vedette en date test\u00e9 positif au coronavirus apr\u00e8s notamment Neymar, Kylian Mbapp\u00e9 et Zlatan Ibrahimovic.<\/p>\n","protected":false},"excerpt":{"rendered":"<p>Cristiano Ronaldo, la star portugaise du ballon rond, a \u00e9t\u00e9 test\u00e9 positif au Covid-19 et sera forfait contre la Su\u00e8de mercredi soir \u00e0 Lisbonne en Ligue des Nations, a annonc\u00e9 mardi la F\u00e9d\u00e9ration portugaise de football (FPF). Cristiano Ronaldo a \u00ab\u00a0\u00e9t\u00e9 test\u00e9 positif au Covid-19 et ne jouera pas contre la Su\u00e8de\u00a0\u00bb, a indiqu\u00e9 la [&hellip;]<\/p>\n","protected":false},"author":2,"featured_media":16678,"comment_status":"open","ping_status":"open","sticky":false,"template":"","format":"standard","meta":{"_jetpack_memberships_contains_paid_content":false,"footnotes":"","jetpack_publicize_message":"","jetpack_publicize_feature_enabled":true,"jetpack_social_post_already_shared":true,"jetpack_social_options":{"image_generator_settings":{"template":"highway","default_image_id":0,"font":"","enabled":false},"version":2},"_wpas_customize_per_network":false},"categories":[18],"tags":[],"class_list":["post-16677","post","type-post","status-publish","format-standard","has-post-thumbnail","hentry","category-actu-sport"],"jetpack_publicize_connections":[],"jetpack_featured_media_url":"https:\/\/i0.wp.com\/www.iceagetv.com\/radiosite\/wp-content\/uploads\/2020\/10\/Le-footballeur-portugais-Cristiano-Ronaldo.png?fit=906%2C387&ssl=1","jetpack_sharing_enabled":true,"_links":{"self":[{"href":"https:\/\/www.iceagetv.com\/radiosite\/wp-json\/wp\/v2\/posts\/16677","targetHints":{"allow":["GET"]}}],"collection":[{"href":"https:\/\/www.iceagetv.com\/radiosite\/wp-json\/wp\/v2\/posts"}],"about":[{"href":"https:\/\/www.iceagetv.com\/radiosite\/wp-json\/wp\/v2\/types\/post"}],"author":[{"embeddable":true,"href":"https:\/\/www.iceagetv.com\/radiosite\/wp-json\/wp\/v2\/users\/2"}],"replies":[{"embeddable":true,"href":"https:\/\/www.iceagetv.com\/radiosite\/wp-json\/wp\/v2\/comments?post=16677"}],"version-history":[{"count":1,"href":"https:\/\/www.iceagetv.com\/radiosite\/wp-json\/wp\/v2\/posts\/16677\/revisions"}],"predecessor-version":[{"id":16679,"href":"https:\/\/www.iceagetv.com\/radiosite\/wp-json\/wp\/v2\/posts\/16677\/revisions\/16679"}],"wp:featuredmedia":[{"embeddable":true,"href":"https:\/\/www.iceagetv.com\/radiosite\/wp-json\/wp\/v2\/media\/16678"}],"wp:attachment":[{"href":"https:\/\/www.iceagetv.com\/radiosite\/wp-json\/wp\/v2\/media?parent=16677"}],"wp:term":[{"taxonomy":"category","embeddable":true,"href":"https:\/\/www.iceagetv.com\/radiosite\/wp-json\/wp\/v2\/categories?post=16677"},{"taxonomy":"post_tag","embeddable":true,"href":"https:\/\/www.iceagetv.com\/radiosite\/wp-json\/wp\/v2\/tags?post=16677"}],"curies":[{"name":"wp","href":"https:\/\/api.w.org\/{rel}","templated":true}]}}