{"id":16694,"date":"2020-10-14T18:48:34","date_gmt":"2020-10-14T18:48:34","guid":{"rendered":"http:\/\/www.iceagetv.com\/radiosite\/?p=16694"},"modified":"2020-10-14T18:48:34","modified_gmt":"2020-10-14T18:48:34","slug":"coronavirus-emmanuel-macron-couvre-feu-instaure-des-samedi-0h-de-21h-a-6h-pour-au-minimum-6-semaines-en-idf-et-a-grenoble-lille-lyon-aix-marseille-montpellier-rouen-saint-etienne-et-toulou","status":"publish","type":"post","link":"https:\/\/www.iceagetv.com\/radiosite\/coronavirus-emmanuel-macron-couvre-feu-instaure-des-samedi-0h-de-21h-a-6h-pour-au-minimum-6-semaines-en-idf-et-a-grenoble-lille-lyon-aix-marseille-montpellier-rouen-saint-etienne-et-toulou\/","title":{"rendered":"Coronavirus &#8211; Emmanuel Macron : \u00ab\u00a0Couvre feu instaur\u00e9 d\u00e8s samedi 0h de 21h \u00e0 6h pour au minimum 6 semaines en IDF et \u00e0 Grenoble, Lille, Lyon, Aix-Marseille, Montpellier, Rouen, Saint-Etienne et Toulouse"},"content":{"rendered":"\n<p><strong>Emmanuel Macron prend la parole en direct sur quasiment toute les chaines: \u00ab\u00a0Nous n&rsquo;avons pas perdu le contr\u00f4le. Nous sommes dans la 2e vague.&nbsp;<\/strong>Nous savons que ce virus tue et en particulier les personnes \u00e2g\u00e9es et dans les milieux les plus pauvres. Mais au moment o\u00f9 je vous parle la moiti\u00e9 des gens en r\u00e9a ont moins de 65 ans. Ce virus est dangereux et grave pour tout le monde.&nbsp;<\/p>\n\n\n\n<p>Notre objectif, \u00e7a doit \u00eatre de r\u00e9duire les contacts priv\u00e9s qui sont les contacts les plus dangereux, c&rsquo;est-\u00e0-dire les moments o\u00f9 il y a un peu de rel\u00e2chement. On va se retrouver avec des gens qui ne sont pas dans notre cercle familial. Il faut bien le dire, c&rsquo;est \u00e7a qui est cruel dans cette gestion de cette maladie, dans ces moments o\u00f9 on risque de s&rsquo;infecter, on va \u00eatre trop proches les uns des autres pendant une certaine dur\u00e9e. Donc oui, ce qu&rsquo;on appelle le couvre-feu est une mesure qui est pertinente.<\/p>\n\n\n\n<p><strong>Oui j&rsquo;ai opt\u00e9 pour le couvre-feu pour r\u00e9duire les contacts priv\u00e9s, car ce sont les plus contagieux car on risque de s&rsquo;imposer. Le couvre-feu est donc pertinent. On a vu que cela marchait. Nous allons instaurer un couvre-feu en Ile de France et 8 m\u00e9tropoles. Il sera de 21h \u00e0 6h du matin \u00e0 partir de samedi 0h. Il durera 4 semaines.<\/strong>&nbsp;<strong>Le&nbsp;couvre-feu sera instaur\u00e9 samedi en Ile-de-France et dans les m\u00e9tropoles de&nbsp;Grenoble, Lille, Lyon, Aix-Marseille, Montpellier, Rouen, Saint-Etienne et Toulouse.<\/strong><\/p>\n\n\n\n<p>Si pendant six semaines, nous tenons ce couvre feu, on est collectivement sable, justement, d&rsquo;un engagement collectif de r\u00e9duction de contacts. A ce moment l\u00e0, nous pensons que nous pourrons progressivement rouvrir. Je suis tr\u00e8s prudent parce que l&rsquo;exp\u00e9rience nous enseigne qu&rsquo;on ne ma\u00eetrise ou qu&rsquo;on ne sait pas tout dire. Mais six semaines, c&rsquo;est le temps qui nous para\u00eet utile. Je veux bien qu&rsquo;on comprenne l&rsquo;objectif : l&rsquo;objectif c&rsquo;est de permettre \u00e0 une vie \u00e9conomique \u00e0 fonctionner, \u00e0 travailler \u00e0 les \u00e9coles, les lyc\u00e9es, les universit\u00e9s soient ouvertes et fonctionnent.<\/p>\n\n\n\n<p>L&rsquo;objectif, c&rsquo;est de pouvoir continuer \u00e0 avoir une vie \u00e9conomique, \u00e0 fonctionner, \u00e0 travailler \u00e0 ce que les \u00e9coles, les universit\u00e9s soient ouvertes et fonctionnent, \u00e0 ce que nos concitoyens puissent travailler normalement, \u00e0 ce qu&rsquo;il puisse y avoir \u00e9videmment une vie sociale, mais en r\u00e9duire les asp\u00e9rit\u00e9s.<\/p>\n\n\n\n<p><strong>Le ch\u00f4mage partiel \u00e0 plein, c&rsquo;est \u00e0 dire 100 % pour l&#8217;employeur, va \u00eatre r\u00e9activ\u00e9 pour tous ces secteurs : h\u00f4tellerie, caf\u00e9s, restaurants, tourisme, \u00e9v\u00e9nementiel, culture, sports.<\/strong>&nbsp;100 %, jusqu&rsquo;\u00e0 84% jusqu&rsquo;\u00e0 4,5 SMIC \u00e0 84 % du net pour les salari\u00e9s. Mais on prend en charge \u00e0 100 % pour l&#8217;employeur. On va mettre en place des dispositifs suppl\u00e9mentaires parce que de mani\u00e8re tr\u00e8s claire, je ne veux pas que nos ind\u00e9pendants, nos TPE, nos PME, ferme et tombent en faillite \u00e0 cause de ce couvre feu comme ce fut le cas pendant le confinement.<\/p>\n\n\n\n<p><strong>Nous n&rsquo;avons pas d\u00e9cid\u00e9 de r\u00e9duire les d\u00e9placements entre les r\u00e9gions et nous n&#8217;emp\u00eachons pas les gens de partir en vacances.&nbsp;<\/strong>L\u00e0 aussi, c&rsquo;est un choix parce que je pense que, comme vous l&rsquo;avez dit, le choix de ne pas infantiliser, responsabiliser et donc \u00e7a veut dire qu&rsquo;on n&#8217;emp\u00eache pas les gens de passer d&rsquo;une r\u00e9gion \u00e0 l&rsquo;autre. Vous pouvez partir en vacances. Mais si vous allez en famille, avec des grands parents, avec des membres de votre famille qui sont fragiles, il est imp\u00e9ratif de respecter les r\u00e8gles, c\u2019est-\u00e0-dire m\u00eame dans le cadre familial, de mettre des masques si vous ne venez pas d&rsquo;\u00eatre test\u00e9<\/p>\n\n\n\n<p>Il n&rsquo;y aura pas non plus de restriction dans les transports, il faut que les gens puissent aller travailler.<\/p>\n\n\n\n<p><strong>Il faut limiter \u00e0 six le nombre de personne chez soi qui ne sont pas de votre famille. Pas plus de six \u00e0 table dans votre foyer.<\/strong>&nbsp;Il faut mieux suivre ce virus et baisser le nombre de contamination jour \u00e0 3 ou 5.000 cas contre environ 20.000 jours. D\u00e9sormais on aura des r\u00e9sultats de tests en 15 ou 20 minutes gr\u00e2ce \u00e0 de nouveaux tests. On continue \u00e0 innover sur des auto-tests sur la base de sa salive.<\/p>\n\n\n\n<p>On doit progressivement aller vers une strat\u00e9gie, dans tout le pays, qui est&nbsp;<strong>&lsquo;tester, alerter, prot\u00e9ger&rsquo;<\/strong>, qu&rsquo;on doit faire monter en puissance tout le mois de novembre et en d\u00e9cembre.&nbsp;On en a jusqu&rsquo;\u00e0 l&rsquo;\u00e9t\u00e9 2021&nbsp;au moins avec ce virus, tous les scientifiques sont clairs<\/p>\n\n\n\n<p>Stop Covid \u00e7a n&rsquo;a pas march\u00e9 et \u00e7a n&rsquo;a pas \u00e9t\u00e9 t\u00e9l\u00e9charge. Donc j&rsquo;ai demand\u00e9 de reconfigurer tout cela avec un mode d&#8217;emploi tr\u00e8s clair pour que les gens comprennent comment s&rsquo;en servir. C&rsquo;est un outil pour mieux alerter et tracer.<\/p>\n\n\n\n<p><strong>Les&nbsp;b\u00e9n\u00e9ficiaires du RSA et des APL recevront une aide exceptionnelle de 150 euros, et 100 euros par enfant, dans les six semaines \u00e0 venir.<\/strong><\/p>\n\n\n\n<p>Nous sommes une nation solidaire et nous sommes en train de r\u00e9apprendre \u00e0 \u00eatre unis. On va continuer \u00e0 surmonter nos d\u00e9fis.<\/p>\n\n\n\n<p>On sortira plus fort car on sera plus uni. On s&rsquo;en sortira ensemble. Nous y arriverons.<\/p>\n","protected":false},"excerpt":{"rendered":"<p>Emmanuel Macron prend la parole en direct sur quasiment toute les chaines: \u00ab\u00a0Nous n&rsquo;avons pas perdu le contr\u00f4le. Nous sommes dans la 2e vague.&nbsp;Nous savons que ce virus tue et en particulier les personnes \u00e2g\u00e9es et dans les milieux les plus pauvres. Mais au moment o\u00f9 je vous parle la moiti\u00e9 des gens en r\u00e9a [&hellip;]<\/p>\n","protected":false},"author":2,"featured_media":16695,"comment_status":"open","ping_status":"open","sticky":false,"template":"","format":"standard","meta":{"_jetpack_memberships_contains_paid_content":false,"footnotes":"","jetpack_publicize_message":"","jetpack_publicize_feature_enabled":true,"jetpack_social_post_already_shared":true,"jetpack_social_options":{"image_generator_settings":{"template":"highway","default_image_id":0,"font":"","enabled":false},"version":2},"_wpas_customize_per_network":false},"categories":[405],"tags":[],"class_list":["post-16694","post","type-post","status-publish","format-standard","has-post-thumbnail","hentry","category-actu-france-monde"],"jetpack_publicize_connections":[],"jetpack_featured_media_url":"https:\/\/i0.wp.com\/www.iceagetv.com\/radiosite\/wp-content\/uploads\/2020\/10\/Couvre-feu-instaur%C3%A9-d%C3%A8s-samedi-0h-de-21h-%C3%A0-6h-pour-au-minimum-6-semaines.png?fit=854%2C387&ssl=1","jetpack_sharing_enabled":true,"_links":{"self":[{"href":"https:\/\/www.iceagetv.com\/radiosite\/wp-json\/wp\/v2\/posts\/16694","targetHints":{"allow":["GET"]}}],"collection":[{"href":"https:\/\/www.iceagetv.com\/radiosite\/wp-json\/wp\/v2\/posts"}],"about":[{"href":"https:\/\/www.iceagetv.com\/radiosite\/wp-json\/wp\/v2\/types\/post"}],"author":[{"embeddable":true,"href":"https:\/\/www.iceagetv.com\/radiosite\/wp-json\/wp\/v2\/users\/2"}],"replies":[{"embeddable":true,"href":"https:\/\/www.iceagetv.com\/radiosite\/wp-json\/wp\/v2\/comments?post=16694"}],"version-history":[{"count":1,"href":"https:\/\/www.iceagetv.com\/radiosite\/wp-json\/wp\/v2\/posts\/16694\/revisions"}],"predecessor-version":[{"id":16696,"href":"https:\/\/www.iceagetv.com\/radiosite\/wp-json\/wp\/v2\/posts\/16694\/revisions\/16696"}],"wp:featuredmedia":[{"embeddable":true,"href":"https:\/\/www.iceagetv.com\/radiosite\/wp-json\/wp\/v2\/media\/16695"}],"wp:attachment":[{"href":"https:\/\/www.iceagetv.com\/radiosite\/wp-json\/wp\/v2\/media?parent=16694"}],"wp:term":[{"taxonomy":"category","embeddable":true,"href":"https:\/\/www.iceagetv.com\/radiosite\/wp-json\/wp\/v2\/categories?post=16694"},{"taxonomy":"post_tag","embeddable":true,"href":"https:\/\/www.iceagetv.com\/radiosite\/wp-json\/wp\/v2\/tags?post=16694"}],"curies":[{"name":"wp","href":"https:\/\/api.w.org\/{rel}","templated":true}]}}