{"id":16697,"date":"2020-10-15T07:28:22","date_gmt":"2020-10-15T07:28:22","guid":{"rendered":"http:\/\/www.iceagetv.com\/radiosite\/?p=16697"},"modified":"2020-10-15T07:28:22","modified_gmt":"2020-10-15T07:28:22","slug":"meurtre-de-victorine-que-sait-on-de-ludovic-ce-pere-de-famille-de-25-ans-qui-a-avoue-avoir-tue-victorine-il-avait-meme-participe-a-la-marche-blanche-en-hommage-a-la-jeune-fille","status":"publish","type":"post","link":"https:\/\/www.iceagetv.com\/radiosite\/meurtre-de-victorine-que-sait-on-de-ludovic-ce-pere-de-famille-de-25-ans-qui-a-avoue-avoir-tue-victorine-il-avait-meme-participe-a-la-marche-blanche-en-hommage-a-la-jeune-fille\/","title":{"rendered":"Meurtre de Victorine : Que sait-on de Ludovic, ce p\u00e8re de famille de 25 ans qui a avou\u00e9 avoir tu\u00e9 Victorine ? Il avait m\u00eame particip\u00e9 \u00e0 la marche blanche en hommage \u00e0 la jeune fille"},"content":{"rendered":"\n<p>C&rsquo;est la question que tout le monde se pose ce matin \u00e0 Villefontaine, mais \u00e9galement partout en France car ce meurtre a boulevers\u00e9 le Fran\u00e7ais, qui est cet homme Lionel, qui a avou\u00e9 le meurtre de la jeune Victorine. D&rsquo;apr\u00e8s l&rsquo;avocate de la famille Kelly Monteiro, le suspect \u00ab\u00a0n&rsquo;est pas un proche de la victime\u00a0\u00bb. Sa garde \u00e0 vue doit se terminer aujourd&rsquo;hui et tout porte \u00e0 croire qu&rsquo;il sera ensuite pr\u00e9sent\u00e9 aux trois magistrats instructeurs en vue d&rsquo;une possible mise en examen.<\/p>\n\n\n\n<p>Ce matin, le Parisien affirme que Ludovic est connu de la justice notamment pour des affaires de stup\u00e9fiants. Ludovic, n\u00e9 dans le Rh\u00f4ne, est d\u00e9crit comme un \u00ab&nbsp;<strong>petit d\u00e9linquant local&nbsp;<\/strong>\u00bb.<\/p>\n\n\n\n<p>Toujours dans le quotidien, une connaissance du suspect \u00e9voque de son c\u00f4t\u00e9 un \u00ab gar\u00e7on normal, m\u00eame s&rsquo;il avait pas mal chang\u00e9 depuis un peu plus d&rsquo;un an en raison de sa consommation de stup\u00e9fiants \u00bb.<\/p>\n\n\n\n<p><strong>P\u00e8re d&rsquo;un enfant en bas \u00e2ge, mari\u00e9 depuis plus de trois ans,<\/strong>&nbsp;le jeune homme s&rsquo;affiche, sur son profil Facebook, sur un scooter grosse cylindr\u00e9e, dans une piscine avec vue sur mer ou assis sur le capot d&rsquo;une voiture de luxe.<\/p>\n\n\n\n<p>Un ancien ami se dit \u00ab tr\u00e8s touch\u00e9 \u00bb et \u00e9voque aussi les relations tumultueuses de Ludovic B. avec sa belle-famille et avec sa femme.<\/p>\n\n\n\n<p>Peu apr\u00e8s son arrestation, l&rsquo;individu a \u00e9t\u00e9 emmen\u00e9 sur les lieux de la d\u00e9couverte du corps de Victorine. Selon les informations du&nbsp;<a href=\"https:\/\/www.ledauphine.com\/faits-divers-justice\/2020\/10\/14\/affaire-victorine-a-villefontaine-en-isere-un-homme-interpelle-il-reconnait-les-faits\">Dauphin\u00e9 Lib\u00e9r\u00e9<\/a>, il s&rsquo;agissait de confronter la premi\u00e8re version du jeune homme aux r\u00e9alit\u00e9s constat\u00e9es sur le terrain par les techniciens en identification criminelle. Le suspect, connu des services de police pour des d\u00e9lits de droit commun, habitait dans le quartier des Foug\u00e8res \u00e0 Villefontaine, \u00e0 proximit\u00e9 du domicile de Victorine. Selon l&rsquo;avocate de sa famille, interrog\u00e9e ce mercredi, l&rsquo;homme arr\u00eat\u00e9&nbsp;\u00ab\u00a0n&rsquo;est pas un proche de la victime\u00a0\u00bb.&nbsp;Il ne s&rsquo;agit pas d&rsquo;un proche de la victime.&nbsp;<\/p>\n\n\n\n<p><strong>Il aurait particip\u00e9, selon plusieurs t\u00e9moignages, \u00e0 la marche blanche organis\u00e9e dix jours plus t\u00f4t en hommage \u00e0 la jeune femme.<\/strong><\/p>\n\n\n\n<p>Vitorine Dartois avait disparu samedi 26 septembre apr\u00e8s un apr\u00e8s-midi de shopping avec des amis, alors qu&rsquo;elle revenait \u00e0 pied vers le domicile familial. C&rsquo;est sur le trajet du retour, apr\u00e8s un dernier coup de fil \u00e0 sa famille, \u00e0 18h50, disant qu&rsquo;elle \u00ab\u00a0arrivait dans 20 minutes\u00a0\u00bb, \u00e0 pied, qu&rsquo;elle a disparu pr\u00e8s d&rsquo;un stade jouxtant une zone bois\u00e9e.&nbsp;<\/p>\n\n\n\n<p>L&rsquo;autopsie a r\u00e9v\u00e9l\u00e9 une noyade avec \u00ab\u00a0intervention d&rsquo;un tiers\u00a0\u00bb, \u00e9cartant d\u00e9finitivement la th\u00e8se de l&rsquo;accident. Apr\u00e8s l&rsquo;ouverture d&rsquo;une enqu\u00eate pour meurtre, enl\u00e8vement et s\u00e9questration, une cellule de dix enqu\u00eateurs exclusivement d\u00e9di\u00e9s \u00e0 l&rsquo;enqu\u00eate avait \u00e9t\u00e9 cr\u00e9\u00e9e au sein de la gendarmerie de l&rsquo;Is\u00e8re : \u00ab\u00a0HomRoche\u00a0\u00bb. Lors de son dernier point, elle avait annonc\u00e9 avoir r\u00e9alis\u00e9 130 auditions de t\u00e9moins, contact\u00e9 662 personnes dans l&rsquo;enqu\u00eate de voisinage, et v\u00e9rifi\u00e9 305 appels re\u00e7us sur un num\u00e9ro vert.<\/p>\n","protected":false},"excerpt":{"rendered":"<p>C&rsquo;est la question que tout le monde se pose ce matin \u00e0 Villefontaine, mais \u00e9galement partout en France car ce meurtre a boulevers\u00e9 le Fran\u00e7ais, qui est cet homme Lionel, qui a avou\u00e9 le meurtre de la jeune Victorine. D&rsquo;apr\u00e8s l&rsquo;avocate de la famille Kelly Monteiro, le suspect \u00ab\u00a0n&rsquo;est pas un proche de la victime\u00a0\u00bb. [&hellip;]<\/p>\n","protected":false},"author":2,"featured_media":16698,"comment_status":"open","ping_status":"open","sticky":false,"template":"","format":"standard","meta":{"_jetpack_memberships_contains_paid_content":false,"footnotes":"","jetpack_publicize_message":"","jetpack_publicize_feature_enabled":true,"jetpack_social_post_already_shared":true,"jetpack_social_options":{"image_generator_settings":{"template":"highway","default_image_id":0,"font":"","enabled":false},"version":2},"_wpas_customize_per_network":false},"categories":[405],"tags":[],"class_list":["post-16697","post","type-post","status-publish","format-standard","has-post-thumbnail","hentry","category-actu-france-monde"],"jetpack_publicize_connections":[],"jetpack_featured_media_url":"https:\/\/i0.wp.com\/www.iceagetv.com\/radiosite\/wp-content\/uploads\/2020\/10\/Meurtre-de-Victorine.png?fit=172%2C74&ssl=1","jetpack_sharing_enabled":true,"_links":{"self":[{"href":"https:\/\/www.iceagetv.com\/radiosite\/wp-json\/wp\/v2\/posts\/16697","targetHints":{"allow":["GET"]}}],"collection":[{"href":"https:\/\/www.iceagetv.com\/radiosite\/wp-json\/wp\/v2\/posts"}],"about":[{"href":"https:\/\/www.iceagetv.com\/radiosite\/wp-json\/wp\/v2\/types\/post"}],"author":[{"embeddable":true,"href":"https:\/\/www.iceagetv.com\/radiosite\/wp-json\/wp\/v2\/users\/2"}],"replies":[{"embeddable":true,"href":"https:\/\/www.iceagetv.com\/radiosite\/wp-json\/wp\/v2\/comments?post=16697"}],"version-history":[{"count":1,"href":"https:\/\/www.iceagetv.com\/radiosite\/wp-json\/wp\/v2\/posts\/16697\/revisions"}],"predecessor-version":[{"id":16699,"href":"https:\/\/www.iceagetv.com\/radiosite\/wp-json\/wp\/v2\/posts\/16697\/revisions\/16699"}],"wp:featuredmedia":[{"embeddable":true,"href":"https:\/\/www.iceagetv.com\/radiosite\/wp-json\/wp\/v2\/media\/16698"}],"wp:attachment":[{"href":"https:\/\/www.iceagetv.com\/radiosite\/wp-json\/wp\/v2\/media?parent=16697"}],"wp:term":[{"taxonomy":"category","embeddable":true,"href":"https:\/\/www.iceagetv.com\/radiosite\/wp-json\/wp\/v2\/categories?post=16697"},{"taxonomy":"post_tag","embeddable":true,"href":"https:\/\/www.iceagetv.com\/radiosite\/wp-json\/wp\/v2\/tags?post=16697"}],"curies":[{"name":"wp","href":"https:\/\/api.w.org\/{rel}","templated":true}]}}