{"id":16703,"date":"2020-10-15T11:33:36","date_gmt":"2020-10-15T11:33:36","guid":{"rendered":"http:\/\/www.iceagetv.com\/radiosite\/?p=16703"},"modified":"2020-10-15T11:33:36","modified_gmt":"2020-10-15T11:33:36","slug":"la-compagnie-aerienne-ryanair-annonce-reduire-ses-capacites-de-vols-au-regard-de-la-pandemie-de-covid-19-et-de-la-chute-du-trafic","status":"publish","type":"post","link":"https:\/\/www.iceagetv.com\/radiosite\/la-compagnie-aerienne-ryanair-annonce-reduire-ses-capacites-de-vols-au-regard-de-la-pandemie-de-covid-19-et-de-la-chute-du-trafic\/","title":{"rendered":"La compagnie a\u00e9rienne Ryanair annonce r\u00e9duire ses capacit\u00e9s de vols au regard de la pand\u00e9mie de Covid-19 et de la chute du trafic"},"content":{"rendered":"\n<p>Ryanair a indiqu\u00e9 jeudi qu\u2019elle allait de nouveau r\u00e9duire ses capacit\u00e9s de vols au regard de la pand\u00e9mie de Covid-19 et de la chute du trafic, et les faire passer cet hiver \u00e0 40% contre 60% l\u2019an pass\u00e9. La compagnie a\u00e9rienne irlandaise ajoute dans un communiqu\u00e9 que les bases de Cork et Shannon, en Irlande, et celle de Toulouse, en France, vont fermer \u00e9galement pour la saison, soit de novembre \u00e0 mars. Elle va \u00e9galement r\u00e9duire consid\u00e9rablement le nombre d\u2019appareils dans les bases de Belgique, Allemagne, Espagne, Portugal et Vienne.<\/p>\n\n\n\n<p>Ryanair avait toutefois dit fin septembre pr\u00e9voir l\u2019ouverture d\u2019une nouvelle base fran\u00e7aise \u00e0 Beauvais, dans l\u2019Oise, \u00e0 partir de d\u00e9cembre, malgr\u00e9 la chute du trafic. Le transporteur veut maintenir 65% de son r\u00e9seau mais avec une fr\u00e9quence r\u00e9duite. Avec ces mesures, Ryanair table maintenant sur 38 millions de passagers pour son exercice 2021.<\/p>\n\n\n\n<p>Ryanair avait dit mi-septembre vouloir r\u00e9duire de 20% ses vols pour octobre en raison de l\u2019impact sur la demande des restrictions de d\u00e9placements d\u00e9cid\u00e9es par les gouvernements pour enrayer la propagation du virus. Le directeur g\u00e9n\u00e9ral Michael O\u2019Leary met en cause la \u00ab&nbsp;mauvaise gestion des vols a\u00e9riens de l\u2019Union europ\u00e9enne&nbsp;\u00bb pour justifier cette r\u00e9duction de ses plans de vols.<\/p>\n\n\n\n<p>Affirmant vouloir \u00ab&nbsp;minimiser les pertes d\u2019emplois&nbsp;\u00bb, il ajoute cependant qu\u2019il faudra \u00ab&nbsp;in\u00e9vitablement mettre en place plus de cong\u00e9s sans solde, et des partages d\u2019emplois cet hiver dans les bases o\u00f9 nous nous sommes mis d\u2019accord sur des r\u00e9ductions d\u2019heures de travail et de paie, mais c\u2019est une meilleure solution de long terme que des pertes d\u2019emplois de masse&nbsp;\u00bb. \u00ab&nbsp;Il y aura malheureusement plus de licenciements dans les quelques bases (&#8230;) o\u00f9 nous n\u2019avons pas s\u00e9curis\u00e9 d\u2019accord sur le travail et les baisses de salaires, qui sont la seule alternative&nbsp;\u00bb, poursuit-il sans pr\u00e9ciser lesquelles.<\/p>\n","protected":false},"excerpt":{"rendered":"<p>Ryanair a indiqu\u00e9 jeudi qu\u2019elle allait de nouveau r\u00e9duire ses capacit\u00e9s de vols au regard de la pand\u00e9mie de Covid-19 et de la chute du trafic, et les faire passer cet hiver \u00e0 40% contre 60% l\u2019an pass\u00e9. La compagnie a\u00e9rienne irlandaise ajoute dans un communiqu\u00e9 que les bases de Cork et Shannon, en Irlande, [&hellip;]<\/p>\n","protected":false},"author":2,"featured_media":16704,"comment_status":"open","ping_status":"open","sticky":false,"template":"","format":"standard","meta":{"_jetpack_memberships_contains_paid_content":false,"footnotes":"","jetpack_publicize_message":"","jetpack_publicize_feature_enabled":true,"jetpack_social_post_already_shared":true,"jetpack_social_options":{"image_generator_settings":{"template":"highway","default_image_id":0,"font":"","enabled":false},"version":2},"_wpas_customize_per_network":false},"categories":[405],"tags":[],"class_list":["post-16703","post","type-post","status-publish","format-standard","has-post-thumbnail","hentry","category-actu-france-monde"],"jetpack_publicize_connections":[],"jetpack_featured_media_url":"https:\/\/i0.wp.com\/www.iceagetv.com\/radiosite\/wp-content\/uploads\/2020\/10\/La-compagnie-a%C3%A9rienne-Ryanair.png?fit=626%2C218&ssl=1","jetpack_sharing_enabled":true,"_links":{"self":[{"href":"https:\/\/www.iceagetv.com\/radiosite\/wp-json\/wp\/v2\/posts\/16703","targetHints":{"allow":["GET"]}}],"collection":[{"href":"https:\/\/www.iceagetv.com\/radiosite\/wp-json\/wp\/v2\/posts"}],"about":[{"href":"https:\/\/www.iceagetv.com\/radiosite\/wp-json\/wp\/v2\/types\/post"}],"author":[{"embeddable":true,"href":"https:\/\/www.iceagetv.com\/radiosite\/wp-json\/wp\/v2\/users\/2"}],"replies":[{"embeddable":true,"href":"https:\/\/www.iceagetv.com\/radiosite\/wp-json\/wp\/v2\/comments?post=16703"}],"version-history":[{"count":1,"href":"https:\/\/www.iceagetv.com\/radiosite\/wp-json\/wp\/v2\/posts\/16703\/revisions"}],"predecessor-version":[{"id":16705,"href":"https:\/\/www.iceagetv.com\/radiosite\/wp-json\/wp\/v2\/posts\/16703\/revisions\/16705"}],"wp:featuredmedia":[{"embeddable":true,"href":"https:\/\/www.iceagetv.com\/radiosite\/wp-json\/wp\/v2\/media\/16704"}],"wp:attachment":[{"href":"https:\/\/www.iceagetv.com\/radiosite\/wp-json\/wp\/v2\/media?parent=16703"}],"wp:term":[{"taxonomy":"category","embeddable":true,"href":"https:\/\/www.iceagetv.com\/radiosite\/wp-json\/wp\/v2\/categories?post=16703"},{"taxonomy":"post_tag","embeddable":true,"href":"https:\/\/www.iceagetv.com\/radiosite\/wp-json\/wp\/v2\/tags?post=16703"}],"curies":[{"name":"wp","href":"https:\/\/api.w.org\/{rel}","templated":true}]}}