{"id":16706,"date":"2020-10-15T16:00:27","date_gmt":"2020-10-15T16:00:27","guid":{"rendered":"http:\/\/www.iceagetv.com\/radiosite\/?p=16706"},"modified":"2020-10-15T16:00:27","modified_gmt":"2020-10-15T16:00:27","slug":"couvre-feu-fetes-privees-teletravail-ce-quil-faut-retenir-de-lintervention-de-jean-castex-et-des-ministres","status":"publish","type":"post","link":"https:\/\/www.iceagetv.com\/radiosite\/couvre-feu-fetes-privees-teletravail-ce-quil-faut-retenir-de-lintervention-de-jean-castex-et-des-ministres\/","title":{"rendered":"Couvre-feu, f\u00eates priv\u00e9es, t\u00e9l\u00e9travail\u2026 Ce qu\u2019il faut retenir de l\u2019intervention de Jean Castex et des ministres"},"content":{"rendered":"\n<p> A 21\u00a0heures, chacun devra \u00eatre chez soi. (\u2026) Sauf exception, tous les commerces, services et lieux recevant du public seront ferm\u00e9s\u00a0\u00bb, a notamment annonc\u00e9 le premier ministre. <\/p>\n\n\n\n<p>Au lendemain de&nbsp;<a href=\"https:\/\/www.lemonde.fr\/planete\/article\/2020\/10\/14\/covid-19-couvre-feu-teletravail-transports-ce-qu-il-faut-retenir-de-l-intervention-d-emmanuel-macron_6056047_3244.html\">l\u2019intervention d\u2019Emmanuel Macron<\/a>, le premier ministre, Jean Castex, accompagn\u00e9 des ministres de la sant\u00e9, Olivier V\u00e9ran, de l\u2019int\u00e9rieur, G\u00e9rald Darmanin, de l\u2019\u00e9conomie, Bruno Le Maire, et du travail, Elisabeth Borne, a d\u00e9taill\u00e9 les mesures annonc\u00e9es par le chef de l\u2019Etat lors d\u2019une conf\u00e9rence de presse.<\/p>\n\n\n\n<p>Il est notamment revenu sur la situation sanitaire, qui conna\u00eet une aggravation depuis le d\u00e9but du mois d\u2019octobre, ainsi que sur la mise en place de couvre-feux \u00e0 partir de samedi pour au moins quatre semaines en Ile-de-France et dans huit m\u00e9tropoles (Lille, Grenoble, Lyon, Aix-Marseille, Montpellier, Rouen, Toulouse et Saint-Etienne), de 21&nbsp;heures \u00e0 6&nbsp;heures. Cette liste pourrait s\u2019allonger<em>&nbsp;\u00ab&nbsp;s\u2019il y avait une \u00e9volution importante et durable, objective dans certains territoires&nbsp;\u00bb<\/em>, a pr\u00e9cis\u00e9 M. Castex.<\/p>\n\n\n\n<ul class=\"wp-block-list\"><li>Une \u00ab&nbsp;strat\u00e9gie de riposte gradu\u00e9e et territoriale&nbsp;\u00bb<\/li><\/ul>\n\n\n\n<p>L\u2019augmentation du nombre de patients hospitalis\u00e9s, en r\u00e9animation et morts du Covid-19 ces derni\u00e8res semaine \u00ab\u00a0<em>exigeait une r\u00e9action forte et rapide\u00a0\u00bb<\/em>, a soulign\u00e9 Jean Castex en justifiant l\u2019annonce de nouvelles mesures restrictives. Concernant la tension actuelle dans les h\u00f4pitaux, il a affirm\u00e9 qu\u2019<em>\u00ab\u00a0aucun syst\u00e8me hospitalier ne serait capable de faire face aux cons\u00e9quences d\u2019une telle \u00e9pid\u00e9mie qui pourrait conduire \u00e0 des dizaines milliers d\u2019hospitalisations graves si nous ne faisions rien en amont pour l\u2019enrayer\u00a0\u00bb.\u00a0<\/em>Selon le chef du gouvernement,\u00a0<em><em>\u00ab\u00a0la seule vraie strat\u00e9gie possible, c\u2019est le freinage de l\u2019\u00e9pid\u00e9mie par le respect des gestes barri\u00e8res et la r\u00e9duction des contacts et des interactions sociales\u00a0\u00bb<\/em><\/em>. C\u2019est la raison pour laquelle, a-t-il dit,\u00a0<em><em>\u00ab\u00a0nous avons adopt\u00e9 une strat\u00e9gie de riposte gradu\u00e9e et territoriale\u00a0\u00bb<\/em>.<\/em>  Au 14 octobre, 9\u00a0194 personnes sont hospitalis\u00e9es dans les \u00e9tablissements de sant\u00e9 fran\u00e7ais en raison de la maladie Covid-19 ou d&rsquo;une affection li\u00e9e, parmi elles 1\u00a0673 sont en r\u00e9animation (soit 18,20\u00a0%), selon le d\u00e9compte fourni par\u00a0<a rel=\"noreferrer noopener\" href=\"https:\/\/www.data.gouv.fr\/fr\/datasets\/donnees-hospitalieres-relatives-a-lepidemie-de-covid-19\/\" target=\"_blank\">Sant\u00e9 publique France<\/a>. <\/p>\n\n\n\n<ul class=\"wp-block-list\"><li>Un couvre-feu et des exceptions<\/li><\/ul>\n\n\n\n<p>Le couvre-feu s\u2019\u00e9tablira de 21\u00a0heures \u00e0 6\u00a0heures du matin \u00e0 partir de vendredi 16\u00a0octobre \u00e0 minuit.\u00a0<em>\u00ab\u00a0Cela signifie qu\u2019\u00e0 21\u00a0heures, chacun devra \u00eatre chez soi. Et que, sauf exception, tous les commerces, services et lieux recevant du public seront ferm\u00e9s\u00a0\u00bb<\/em>, a d\u00e9taill\u00e9 le premier ministre. Mais M. Castex a aussi dress\u00e9 la liste des exemptions, parmi lesquelles\u00a0<em>\u00ab\u00a0les \u00e9tablissements de sant\u00e9, m\u00e9dico-sociaux\u00a0\u00bb<\/em>\u00a0ou encore les restaurants pratiquant la livraison \u00e0 domicile. En revanche, les bars et les salles de sport resteront \u00e9galement ferm\u00e9s dans les zones de circulation active du virus.<\/p>\n\n\n\n<p>Le restaurateur devra mettre du gel hydroalcoolique \u00e0 disposition sur toutes les tables et non plus seulement \u00e0 l\u2019int\u00e9rieur de l\u2019\u00e9tablissement, maintenir un m\u00e8tre de distance&nbsp;<em>\u00ab&nbsp;entre les chaises&nbsp;\u00bb<\/em>&nbsp;des diff\u00e9rents groupes de convives. De leur c\u00f4t\u00e9, les convives doivent conserver leur masque la plupart du temps, sauf au moment de la consommation des plats. Les groupes de convives sont limit\u00e9s \u00e0 six (enfants compris) contre dix actuellement.<\/p>\n\n\n\n<p>Afin de s\u2019assurer que ces protocoles renforc\u00e9s soient bien respect\u00e9s, le gouvernement a pr\u00e9vu qu\u2019une&nbsp;<em>\u00ab&nbsp;proc\u00e9dure acc\u00e9l\u00e9r\u00e9e&nbsp;\u00bb<\/em>&nbsp;puisse \u00eatre mise en place pour fermer les \u00e9tablissements en infraction, avait-t-il pr\u00e9cis\u00e9 d\u00e9but octobre.<\/p>\n\n\n\n<ul class=\"wp-block-list\"><li>Les f\u00eates priv\u00e9es interdites dans les \u00e9tablissements recevant du public<\/li><\/ul>\n\n\n\n<p><em>\u00ab&nbsp;Des mesures g\u00e9n\u00e9rales s\u2019appliqueront partout, puisque tout le territoire national sera d\u00e8s samedi plac\u00e9 en \u00e9tat d\u2019urgence sanitaire&nbsp;\u00bb<\/em>, a annonc\u00e9 le premier ministre, Jean Castex&nbsp;:<\/p>\n\n\n\n<p><em>\u00ab&nbsp;<\/em>Toutes les f\u00eates priv\u00e9es, comme les mariages ou les soir\u00e9es \u00e9tudiantes, qui se tiennent dans des salles des f\u00eates, dans des salles polyvalentes ou tout autre \u00e9tablissement recevant du public, seront interdites.&nbsp;<em>\u00bb<\/em><\/p>\n\n\n\n<p>Cette interdiction touche l\u2019ensemble du territoire \u00e0 compter de l\u2019entr\u00e9e en vigueur de l\u2019\u00e9tat d\u2019urgence, dans la nuit de vendredi \u00e0 samedi \u00e0 partir de minuit. La mesure ne s\u2019appliquait jusqu\u2019alors que dans les seules zones en niveau d\u2019alerte maximale. Il sera toujours possible de se marier, masqu\u00e9s, civilement et religieusement, mais les c\u00e9l\u00e9brations, au restaurant par exemple, devront se limiter \u00e0 six personnes.<\/p>\n\n\n\n<ul class=\"wp-block-list\"><li>Des n\u00e9gociations dans les entreprises sur le t\u00e9l\u00e9travail<\/li><\/ul>\n\n\n\n<p>La ministre du travail, Elisabeth Borne, a annonc\u00e9 qu\u2019il sera d\u00e9sormais demand\u00e9 aux entreprises&nbsp;<em>\u00ab&nbsp;de fixer un nombre de jours minimal de t\u00e9l\u00e9travail par semaine pour les postes qui le permettent et \u00e9galement d\u2019\u00e9taler les horaires d\u2019arriv\u00e9e&nbsp;et de d\u00e9part au travail&nbsp;\u00bb.&nbsp;<\/em>Les modalit\u00e9s de mise en \u0153uvre du t\u00e9l\u00e9travail&nbsp;<em>\u00ab&nbsp;doivent faire l\u2019objet d\u2019un dialogue social au sein des entreprises&nbsp;\u00bb<\/em>, a-t-elle rappel\u00e9.<\/p>\n\n\n\n<p>La veille, Emmanuel Macron avait pr\u00e9conis\u00e9&nbsp;<em>\u00ab&nbsp;deux \u00e0 trois jours de t\u00e9l\u00e9travail par semaine&nbsp;\u00bb<\/em>&nbsp;dans les entreprises o\u00f9 cela est possible, pour&nbsp;<em>\u00ab&nbsp;r\u00e9duire un peu la pression collective&nbsp;\u00bb<\/em>.<em>&nbsp;\u00ab&nbsp;Il faut que ce soit aussi n\u00e9goci\u00e9 dans les branches et au plus pr\u00e8s dans l\u2019entreprise&nbsp;\u00bb<\/em>, avait soulign\u00e9 le chef de l\u2019Etat, tout en relevant qu\u2019on&nbsp;<em>\u00ab&nbsp;a besoin d\u2019\u00e9changer avec les coll\u00e8gues de travail&nbsp;\u00bb.<\/em><\/p>\n\n\n\n<ul class=\"wp-block-list\"><li>De nouvelles aides pour les entreprises<\/li><\/ul>\n\n\n\n<p>Toutes les entreprises de moins de 50 salari\u00e9s situ\u00e9es dans les zones de couvre-feu seront \u00e9ligibles au fonds de solidarit\u00e9 jusqu\u2019\u00e0 1\u00a0500\u00a0euros si leur perte de chiffre d\u2019affaires atteint 50\u00a0%, et ce tant que le couvre-feu durera, a annonc\u00e9 le ministre de l\u2019\u00e9conomie, Bruno Le Maire. Pour les h\u00f4tels, caf\u00e9s et restaurants, le fonds de solidarit\u00e9, jusqu\u2019\u00e0 10\u00a0000\u00a0euros, pourra \u00eatre per\u00e7u par les entreprises ayant une perte de chiffre d\u2019affaires d\u2019au moins 50\u00a0%, et non plus 70\u00a0%, a ajout\u00e9 le ministre.<\/p>\n\n\n\n<p>Ces entreprises pourront \u00e9galement&nbsp;<em>\u00ab&nbsp;b\u00e9n\u00e9ficier d\u2019une exon\u00e9ration totale de cotisations sociales patronales d\u00e8s qu\u2019elles perdent 50&nbsp;% de leur chiffre d\u2019affaires&nbsp;\u00bb<\/em>, a ajout\u00e9 Bruno Le Maire.&nbsp;<em>\u00ab&nbsp;Les mesures que nous prenons avec le premier ministre permettent de couvrir totalement le poids des charges sociales pour les entrepreneurs concern\u00e9s&nbsp;\u00bb<\/em>, a-t-il assur\u00e9.<\/p>\n\n\n\n<p>Le dispositif de pr\u00eat garanti par l\u2019Etat (PGE) est prolong\u00e9 du 31&nbsp;d\u00e9cembre&nbsp;2020 jusqu\u2019\u00e0 30&nbsp;juin&nbsp;2021, a \u00e9galement annonc\u00e9 M. Le Maire. D\u2019autre part, le ministre a demand\u00e9&nbsp;<em>\u00ab&nbsp;\u00e0 la F\u00e9d\u00e9ration bancaire fran\u00e7aise d\u2019examiner un report du remboursement de ces pr\u00eats pour une ann\u00e9e suppl\u00e9mentaire pour les entreprises qui en ont r\u00e9ellement besoin&nbsp;\u00bb<\/em>.<\/p>\n\n\n\n<ul class=\"wp-block-list\"><li>Une indemnit\u00e9 pour les jours de cong\u00e9 non pris \u00e0 la Toussaint par les soignants<\/li><\/ul>\n\n\n\n<p>Les personnels soignants qui renonceront \u00e0 leurs cong\u00e9s annuels&nbsp;<em>\u00ab&nbsp;dans les prochaines semaines&nbsp;\u00bb<\/em>, \u00e0 commencer par ceux des vacances de la Toussaint, recevront une&nbsp;<em>\u00ab&nbsp;indemnit\u00e9 compensatrice&nbsp;\u00bb<\/em>&nbsp;de 110 \u00e0 200&nbsp;euros brut par jour, a annonc\u00e9 le premier ministre.Lire aussi :&nbsp;<a href=\"https:\/\/www.lemonde.fr\/planete\/article\/2020\/09\/26\/covid-19-les-tests-antigeniques-juges-fiables-pour-depister-les-personnes-symptomatiques_6053687_3244.html\">Les tests antig\u00e9niques jug\u00e9s fiables pour d\u00e9pister les personnes symptomatiques<\/a><\/p>\n\n\n\n<p>Le calendrier du S\u00e9gur de la sant\u00e9&nbsp;va \u00e9galement \u00eatre acc\u00e9l\u00e9r\u00e9&nbsp;: apr\u00e8s une premi\u00e8re augmentation g\u00e9n\u00e9rale des salaires pour les personnels hospitaliers (hors m\u00e9decins) de 90&nbsp;euros net au 1<sup>er<\/sup>&nbsp;septembre, la seconde hausse de 93&nbsp;euros net pr\u00e9vue au 1<sup>er<\/sup>&nbsp;mars&nbsp;2021 sera finalement vers\u00e9e&nbsp;<em>\u00ab&nbsp;avant la fin de l\u2019ann\u00e9e&nbsp;\u00bb<\/em>, a d\u00e9clar\u00e9 M. Castex.<\/p>\n\n\n\n<p><\/p>\n\n\n\n<p><\/p>\n\n\n\n<p><\/p>\n\n\n\n<p><\/p>\n","protected":false},"excerpt":{"rendered":"<p>A 21\u00a0heures, chacun devra \u00eatre chez soi. (\u2026) Sauf exception, tous les commerces, services et lieux recevant du public seront ferm\u00e9s\u00a0\u00bb, a notamment annonc\u00e9 le premier ministre. Au lendemain de&nbsp;l\u2019intervention d\u2019Emmanuel Macron, le premier ministre, Jean Castex, accompagn\u00e9 des ministres de la sant\u00e9, Olivier V\u00e9ran, de l\u2019int\u00e9rieur, G\u00e9rald Darmanin, de l\u2019\u00e9conomie, Bruno Le Maire, et [&hellip;]<\/p>\n","protected":false},"author":2,"featured_media":16707,"comment_status":"open","ping_status":"open","sticky":false,"template":"","format":"standard","meta":{"_jetpack_memberships_contains_paid_content":false,"footnotes":"","jetpack_publicize_message":"","jetpack_publicize_feature_enabled":true,"jetpack_social_post_already_shared":true,"jetpack_social_options":{"image_generator_settings":{"template":"highway","default_image_id":0,"font":"","enabled":false},"version":2},"_wpas_customize_per_network":false},"categories":[405],"tags":[],"class_list":["post-16706","post","type-post","status-publish","format-standard","has-post-thumbnail","hentry","category-actu-france-monde"],"jetpack_publicize_connections":[],"jetpack_featured_media_url":"https:\/\/i0.wp.com\/www.iceagetv.com\/radiosite\/wp-content\/uploads\/2020\/10\/Ce-qu%E2%80%99il-faut-retenir-de-l%E2%80%99intervention-de-Jean-Castex-et-des-ministres.png?fit=552%2C365&ssl=1","jetpack_sharing_enabled":true,"_links":{"self":[{"href":"https:\/\/www.iceagetv.com\/radiosite\/wp-json\/wp\/v2\/posts\/16706","targetHints":{"allow":["GET"]}}],"collection":[{"href":"https:\/\/www.iceagetv.com\/radiosite\/wp-json\/wp\/v2\/posts"}],"about":[{"href":"https:\/\/www.iceagetv.com\/radiosite\/wp-json\/wp\/v2\/types\/post"}],"author":[{"embeddable":true,"href":"https:\/\/www.iceagetv.com\/radiosite\/wp-json\/wp\/v2\/users\/2"}],"replies":[{"embeddable":true,"href":"https:\/\/www.iceagetv.com\/radiosite\/wp-json\/wp\/v2\/comments?post=16706"}],"version-history":[{"count":1,"href":"https:\/\/www.iceagetv.com\/radiosite\/wp-json\/wp\/v2\/posts\/16706\/revisions"}],"predecessor-version":[{"id":16708,"href":"https:\/\/www.iceagetv.com\/radiosite\/wp-json\/wp\/v2\/posts\/16706\/revisions\/16708"}],"wp:featuredmedia":[{"embeddable":true,"href":"https:\/\/www.iceagetv.com\/radiosite\/wp-json\/wp\/v2\/media\/16707"}],"wp:attachment":[{"href":"https:\/\/www.iceagetv.com\/radiosite\/wp-json\/wp\/v2\/media?parent=16706"}],"wp:term":[{"taxonomy":"category","embeddable":true,"href":"https:\/\/www.iceagetv.com\/radiosite\/wp-json\/wp\/v2\/categories?post=16706"},{"taxonomy":"post_tag","embeddable":true,"href":"https:\/\/www.iceagetv.com\/radiosite\/wp-json\/wp\/v2\/tags?post=16706"}],"curies":[{"name":"wp","href":"https:\/\/api.w.org\/{rel}","templated":true}]}}