{"id":16716,"date":"2020-10-16T16:39:23","date_gmt":"2020-10-16T16:39:23","guid":{"rendered":"http:\/\/www.iceagetv.com\/radiosite\/?p=16716"},"modified":"2020-10-16T16:39:23","modified_gmt":"2020-10-16T16:39:23","slug":"val-doise-un-homme-decapite-un-suspect-tue-par-la-police","status":"publish","type":"post","link":"https:\/\/www.iceagetv.com\/radiosite\/val-doise-un-homme-decapite-un-suspect-tue-par-la-police\/","title":{"rendered":"VAL D&rsquo;OISE: UN HOMME D\u00c9CAPIT\u00c9, UN SUSPECT TU\u00c9 PAR LA POLICE"},"content":{"rendered":"\n<p>\n\nUn homme a \u00e9t\u00e9 d\u00e9capit\u00e9 dans le Val-d&rsquo;Oise, a appris BFMTV ce vendredi soir de sources polici\u00e8res.<\/p>\n\n\n\n<p>Un homme a \u00e9t\u00e9 retrouv\u00e9 d\u00e9capit\u00e9 dans une commune du Val-d&rsquo;Oise. L&rsquo;auteur pr\u00e9sum\u00e9 du meurtre, bless\u00e9 par balle par la police, est mort, selon une source polici\u00e8re \u00e0 BFMTV.<\/p>\n\n\n\n<p>Le parquet antiterroriste annonce \u00eatre saisi ce vendredi soir. Le Premier ministre va se rendre sur place.<\/p>\n","protected":false},"excerpt":{"rendered":"<p>Un homme a \u00e9t\u00e9 d\u00e9capit\u00e9 dans le Val-d&rsquo;Oise, a appris BFMTV ce vendredi soir de sources polici\u00e8res. Un homme a \u00e9t\u00e9 retrouv\u00e9 d\u00e9capit\u00e9 dans une commune du Val-d&rsquo;Oise. L&rsquo;auteur pr\u00e9sum\u00e9 du meurtre, bless\u00e9 par balle par la police, est mort, selon une source polici\u00e8re \u00e0 BFMTV. Le parquet antiterroriste annonce \u00eatre saisi ce vendredi soir. [&hellip;]<\/p>\n","protected":false},"author":2,"featured_media":16717,"comment_status":"open","ping_status":"open","sticky":false,"template":"","format":"standard","meta":{"_jetpack_memberships_contains_paid_content":false,"footnotes":"","jetpack_publicize_message":"","jetpack_publicize_feature_enabled":true,"jetpack_social_post_already_shared":true,"jetpack_social_options":{"image_generator_settings":{"template":"highway","default_image_id":0,"font":"","enabled":false},"version":2},"_wpas_customize_per_network":false},"categories":[405],"tags":[2825],"class_list":["post-16716","post","type-post","status-publish","format-standard","has-post-thumbnail","hentry","category-actu-france-monde","tag-un-homme-decapite"],"jetpack_publicize_connections":[],"jetpack_featured_media_url":"https:\/\/i0.wp.com\/www.iceagetv.com\/radiosite\/wp-content\/uploads\/2020\/10\/UN-HOMME-D%C3%89CAPIT%C3%89-UN-SUSPECT-TU%C3%89-PAR-LA-POLICE.jpg?fit=800%2C450&ssl=1","jetpack_sharing_enabled":true,"_links":{"self":[{"href":"https:\/\/www.iceagetv.com\/radiosite\/wp-json\/wp\/v2\/posts\/16716","targetHints":{"allow":["GET"]}}],"collection":[{"href":"https:\/\/www.iceagetv.com\/radiosite\/wp-json\/wp\/v2\/posts"}],"about":[{"href":"https:\/\/www.iceagetv.com\/radiosite\/wp-json\/wp\/v2\/types\/post"}],"author":[{"embeddable":true,"href":"https:\/\/www.iceagetv.com\/radiosite\/wp-json\/wp\/v2\/users\/2"}],"replies":[{"embeddable":true,"href":"https:\/\/www.iceagetv.com\/radiosite\/wp-json\/wp\/v2\/comments?post=16716"}],"version-history":[{"count":1,"href":"https:\/\/www.iceagetv.com\/radiosite\/wp-json\/wp\/v2\/posts\/16716\/revisions"}],"predecessor-version":[{"id":16718,"href":"https:\/\/www.iceagetv.com\/radiosite\/wp-json\/wp\/v2\/posts\/16716\/revisions\/16718"}],"wp:featuredmedia":[{"embeddable":true,"href":"https:\/\/www.iceagetv.com\/radiosite\/wp-json\/wp\/v2\/media\/16717"}],"wp:attachment":[{"href":"https:\/\/www.iceagetv.com\/radiosite\/wp-json\/wp\/v2\/media?parent=16716"}],"wp:term":[{"taxonomy":"category","embeddable":true,"href":"https:\/\/www.iceagetv.com\/radiosite\/wp-json\/wp\/v2\/categories?post=16716"},{"taxonomy":"post_tag","embeddable":true,"href":"https:\/\/www.iceagetv.com\/radiosite\/wp-json\/wp\/v2\/tags?post=16716"}],"curies":[{"name":"wp","href":"https:\/\/api.w.org\/{rel}","templated":true}]}}