{"id":16719,"date":"2020-10-17T06:53:46","date_gmt":"2020-10-17T06:53:46","guid":{"rendered":"http:\/\/www.iceagetv.com\/radiosite\/?p=16719"},"modified":"2020-10-17T06:53:46","modified_gmt":"2020-10-17T06:53:46","slug":"professeur-decapite-apres-le-placement-en-garde-a-vue-cette-nuit-de-quatre-personnes-dont-un-mineur-cinq-nouvelles-personnes-interpellees","status":"publish","type":"post","link":"https:\/\/www.iceagetv.com\/radiosite\/professeur-decapite-apres-le-placement-en-garde-a-vue-cette-nuit-de-quatre-personnes-dont-un-mineur-cinq-nouvelles-personnes-interpellees\/","title":{"rendered":"Professeur d\u00e9capit\u00e9 &#8211; Apr\u00e8s le placement en garde \u00e0 vue cette nuit de quatre personnes dont un mineur, cinq nouvelles personnes interpell\u00e9es"},"content":{"rendered":"\n<p> <strong>Apr\u00e8s le placement en garde \u00e0 vue cette nuit de quatre personnes, dont un mineur, cinq nouvelles personnes sont en garde \u00e0 vue,<\/strong>\u00a0a appris l&rsquo;AFP samedi de source judiciaire.  L&rsquo;assaillant, qui a cri\u00e9 \u00ab\u00a0Allah Akbar\u00a0\u00bb avant d&rsquo;\u00eatre abattu par les policiers selon une source proche de l&rsquo;enqu\u00eate, n&rsquo;a pas encore \u00e9t\u00e9 formellement identifi\u00e9. Une pi\u00e8ce d&rsquo;identit\u00e9 retrouv\u00e9e sur lui indique qu&rsquo;il serait n\u00e9 \u00e0 Moscou en 2002, selon une source judiciaire. Les enqu\u00eateurs s&rsquo;int\u00e9ressent aussi \u00e0 un message post\u00e9 sur Twitter par un compte d\u00e9sormais ferm\u00e9, montrant une photo de la t\u00eate de la victime sous laquelle Emmanuel Macron est qualifi\u00e9 de \u00ab\u00a0dirigeant des infid\u00e8les\u00a0\u00bb. Son auteur, qui assure vouloir venger celui \u00ab\u00a0qui a os\u00e9 rabaisser Muhammad\u00a0\u00bb, est-il l&rsquo;agresseur ? <\/p>\n\n\n\n<p><strong>Quatre personnes, dont un mineur, ont \u00e9t\u00e9 plac\u00e9es en garde \u00e0 vue dans la nuit de vendredi \u00e0 samedi apr\u00e8s la d\u00e9capitation d&rsquo;un professeur d&rsquo;histoire pr\u00e8s d&rsquo;un coll\u00e8ge de Conflans-Sainte-Honorine<\/strong>, dans la banlieue ouest de Paris, a appris l&rsquo;AFP de source judiciaire. Ces personnes sont issues de l&rsquo;entourage familial de l&rsquo;assaillant, qui a \u00e9t\u00e9 tu\u00e9 par des policiers, selon cette source. La victime avait montr\u00e9 \u00e0 ses \u00e9l\u00e8ves des caricatures de Mahomet. Il a \u00e9t\u00e9 d\u00e9capit\u00e9 \u00e0 quelques m\u00e8tres du coll\u00e8ge, trois semaines apr\u00e8s l&rsquo;attaque devant les anciens locaux de Charlie Hebdo.&nbsp;<\/p>\n\n\n\n<p>Son agresseur pr\u00e9sum\u00e9 a \u00e9t\u00e9 tu\u00e9 par la police dans la ville voisine d&rsquo;Eragny (Val-d&rsquo;Oise). Le parquet national antiterroriste (Pnat) a annonc\u00e9 \u00e0 l&rsquo;AFP s&rsquo;\u00eatre aussit\u00f4t saisi de l&rsquo;enqu\u00eate, ouverte pour \u00ab\u00a0assassinat en relation avec une entreprise terroriste\u00a0\u00bb et \u00ab\u00a0association de malfaiteurs terroriste criminelle\u00a0\u00bb.<\/p>\n\n\n\n<p><strong>Ce que l&rsquo;on sait ce matin:<\/strong><\/p>\n\n\n\n<p>Un professeur d&rsquo;histoire-g\u00e9ographie, qui avait montr\u00e9 \u00e0 ses \u00e9l\u00e8ves des caricatures de Mahomet, a \u00e9t\u00e9 d\u00e9capit\u00e9 pr\u00e8s d&rsquo;un coll\u00e8ge vendredi \u00e0 Conflans-Sainte-Honorine (Yvelines) dans \u00ab\u00a0un attentat terroriste islamiste caract\u00e9ris\u00e9\u00a0\u00bb, pour Emmanuel Macron, trois semaines apr\u00e8s l&rsquo;attaque devant les anciens locaux de Charlie Hebdo. \u00ab\u00a0Ils ne passeront pas. L&rsquo;obscurantisme ne gagnera pas\u00a0\u00bb, a martel\u00e9, \u00e9mu, le chef de l&rsquo;Etat, \u00e0 l&rsquo;adresse des islamistes radicaux, lors d&rsquo;une d\u00e9claration \u00e0 la sortie du coll\u00e8ge du Bois d&rsquo;Aulne de Conflans-Sainte-Honorine o\u00f9 travaillait la victime.<\/p>\n\n\n\n<p>Le pr\u00e9sident de la R\u00e9publique, entour\u00e9 par les ministres de l&rsquo;Int\u00e9rieur, G\u00e9rald Darmanin, et de l&rsquo;Education, Jean-Michel Blanquer, a appel\u00e9 \u00ab\u00a0la nation toute enti\u00e8re\u00a0\u00bb \u00e0 se ranger aux c\u00f4t\u00e9s des enseignants pour les \u00ab\u00a0d\u00e9fendre\u00a0\u00bb. \u00ab\u00a0Ce soir, c&rsquo;est la R\u00e9publique qui est attaqu\u00e9e avec l&rsquo;assassinat ignoble de l&rsquo;un de ses serviteurs, un professeur\u00a0\u00bb, avait r\u00e9agi plus t\u00f4t sur Twitter M. Blanquer, qui recevra samedi les repr\u00e9sentants des personnels et des parents d&rsquo;\u00e9l\u00e8ves.<\/p>\n\n\n\n<p>Le parquet national antiterroriste (Pnat) a annonc\u00e9 \u00e0 l&rsquo;AFP s&rsquo;\u00eatre aussit\u00f4t saisi de l&rsquo;enqu\u00eate, ouverte pour \u00ab\u00a0assassinat en relation avec une entreprise terroriste\u00a0\u00bb et \u00ab\u00a0association de malfaiteurs terroriste criminelle\u00a0\u00bb. Le procureur national antiterroriste, Jean-Fran\u00e7ois Ricard tiendra une conf\u00e9rence de presse samedi apr\u00e8s-midi.<\/p>\n\n\n\n<p>Les faits se sont d\u00e9roul\u00e9s vers 17H00, selon une source polici\u00e8re. Des effectifs de la brigade anticriminalit\u00e9 (BAC) de la ville ont \u00e9t\u00e9 appel\u00e9s pour un individu suspect r\u00f4dant pr\u00e8s du coll\u00e8ge du Bois d&rsquo;Aulne, selon cette source. Sur place, ils ont d\u00e9couvert la victime et, 200 m\u00e8tres plus loin \u00e0 Eragny-sur-Oise (Val-d&rsquo;Oise), ont tent\u00e9 d&rsquo;interpeller un homme arm\u00e9 d&rsquo;un couteau qui les mena\u00e7ait et l&rsquo;ont abattu.<\/p>\n\n\n\n<p>\u00ab\u00a0Nous avons besoin de comprendre l&rsquo;encha\u00eenement des \u00e9v\u00e9nements, comprendre comment on peut finir d\u00e9capit\u00e9 quand on est un enseignant au XXIe si\u00e8cle\u00a0\u00bb, a dit Jean-R\u00e9mi Girard, pr\u00e9sident du Snalc (syndicat du secondaire). Quatre personnes, dont un mineur, ont \u00e9t\u00e9 plac\u00e9es en garde \u00e0 vue dans la nuit de vendredi \u00e0 samedi, a appris l&rsquo;AFP de source judiciaire. Ces personnes sont issues de l&rsquo;entourage familial de l&rsquo;assaillant, qui aurait cri\u00e9 \u00ab\u00a0Allah Akbar\u00a0\u00bb avant d&rsquo;\u00eatre abattu, selon une source proche de l&rsquo;enqu\u00eate.<\/p>\n\n\n\n<p>Selon une source judiciaire, une pi\u00e8ce d&rsquo;identit\u00e9 a \u00e9t\u00e9 retrouv\u00e9e sur l&rsquo;assaillant indiquant qu&rsquo;il est n\u00e9 en 2002 \u00e0 Moscou. Mais les enqu\u00eateurs attendent une identification formelle. Ils cherchent \u00e9galement \u00e0 savoir si l&rsquo;agresseur est l&rsquo;auteur d&rsquo;un message post\u00e9 sur Twitter par un compte d\u00e9sormais ferm\u00e9 et qui montre une photo de la t\u00eate de la victime. Sous cette photo, un message menace Emmanuel Macron, \u00ab\u00a0le dirigeant des infid\u00e8les\u00a0\u00bb, et son auteur assure vouloir venger celui \u00ab\u00a0qui a os\u00e9 rabaisser Muhammad\u00a0\u00bb. Le choc et l&rsquo;incompr\u00e9hension dominaient vendredi soir chez les riverains rencontr\u00e9s par l&rsquo;AFP dans ce quartier pavillonnaire, qu&rsquo;ils d\u00e9crivent comme calme et sans histoire.<\/p>\n\n\n\n<p>Rodrigo Arenas, copr\u00e9sident de la FCPE, la premi\u00e8re association de parents d&rsquo;\u00e9l\u00e8ves, a dit avoir re\u00e7u un signalement vendredi dernier qui faisait \u00e9tat \u00ab\u00a0d&rsquo;un p\u00e8re extr\u00eamement \u00e9nerv\u00e9\u00a0\u00bb apr\u00e8s la publication en classe d&rsquo;une caricature de Mahomet. La victime aurait, selon M. Arenas, \u00ab\u00a0invit\u00e9 les \u00e9l\u00e8ves musulmans \u00e0 sortir de la classe\u00a0\u00bb avant de montrer une caricature du proph\u00e8te accroupi avec une \u00e9toile dessin\u00e9 sur ses fesses et l&rsquo;inscription \u00ab\u00a0une \u00e9toile est n\u00e9e\u00a0\u00bb.<\/p>\n\n\n\n<p>L&rsquo;attentat a soulev\u00e9 une vague d&rsquo;indignation dans la classe politique. A l&rsquo;Assembl\u00e9e nationale, les d\u00e9put\u00e9s se sont lev\u00e9s pour \u00ab\u00a0saluer la m\u00e9moire\u00a0\u00bb du professeur et d\u00e9noncer un \u00ab\u00a0abominable attentat\u00a0\u00bb. \u00ab\u00a0Le s\u00e9paratisme islamiste doit \u00eatre combattu sans rel\u00e2che, sans jamais faiblir\u00a0\u00bb, a r\u00e9agi la d\u00e9put\u00e9e LREM des Yvelines Aurore Berg\u00e9.<\/p>\n\n\n\n<p>\u00ab\u00a0Face \u00e0 ceux qui veulent nous d\u00e9truire, d\u00e9truire la parole libre de nos enseignants, nous devons \u00eatre implacables et cesser de regarder ailleurs!\u00a0\u00bb, a press\u00e9 Val\u00e9rie P\u00e9cresse, pr\u00e9sidente de la r\u00e9gion \u00cele-de-France.<\/p>\n\n\n\n<p>Cette attentat atteint un \u00ab\u00a0niveau de barbarie insoutenable\u00a0\u00bb, a condamn\u00e9 la pr\u00e9sidente du Rassemblement national Marine Le Pen. \u00ab\u00a0Ignoble crime\u00a0\u00bb, s&rsquo;est indign\u00e9 le leader de la France insoumise Jean-Luc M\u00e9lenchon tandis le d\u00e9put\u00e9 PS Boris Vallaud a fait part de son \u00ab\u00a0immense \u00e9motion et r\u00e9volte face \u00e0 cet acte barbare terroriste\u00a0\u00bb.<\/p>\n\n\n\n<p>Charlie Hebdo a exprim\u00e9 sur Twitter \u00ab\u00a0son sentiment d&rsquo;horreur et de r\u00e9volte\u00a0\u00bb, estimant que \u00ab\u00a0l&rsquo;intol\u00e9rance vient de franchir un nouveau seuil\u00a0\u00bb. Cette attaque survient trois semaines jour pour jour apr\u00e8s l&rsquo;attentat au hachoir perp\u00e9tr\u00e9 par un jeune Pakistanais de 25 ans devant leurs anciens locaux. L&rsquo;auteur de cet attentat islamiste avait d\u00e9clar\u00e9 aux enqu\u00eateurs avoir agi en r\u00e9action \u00e0 la publication et la republication par Charlie Hebdo d\u00e9but septembre des caricatures de Mahomet, qui avaient fait de l&rsquo;hebdomadaire satirique une cible des jihadistes.<\/p>\n\n\n\n<p>Cette republication avait eu lieu \u00e0 l&rsquo;ouverture le mois dernier du proc\u00e8s des attentats de janvier 2015, qui doit se tenir jusqu&rsquo;au 10 novembre. Depuis la vague d&rsquo;attentats jihadistes sans pr\u00e9c\u00e9dent amorc\u00e9e en 2015 en France, qui a fait 259 morts avec ce professeur, plusieurs attaques ont \u00e9t\u00e9 perp\u00e9tr\u00e9es \u00e0 l&rsquo;arme blanche, notamment \u00e0 la pr\u00e9fecture de police de Paris en octobre 2019, ou \u00e0 Romans-sur-Is\u00e8re en avril dernier.<\/p>\n\n\n\n<p><\/p>\n\n\n\n<p><\/p>\n","protected":false},"excerpt":{"rendered":"<p>Apr\u00e8s le placement en garde \u00e0 vue cette nuit de quatre personnes, dont un mineur, cinq nouvelles personnes sont en garde \u00e0 vue,\u00a0a appris l&rsquo;AFP samedi de source judiciaire. L&rsquo;assaillant, qui a cri\u00e9 \u00ab\u00a0Allah Akbar\u00a0\u00bb avant d&rsquo;\u00eatre abattu par les policiers selon une source proche de l&rsquo;enqu\u00eate, n&rsquo;a pas encore \u00e9t\u00e9 formellement identifi\u00e9. Une pi\u00e8ce [&hellip;]<\/p>\n","protected":false},"author":2,"featured_media":16717,"comment_status":"open","ping_status":"open","sticky":false,"template":"","format":"standard","meta":{"_jetpack_memberships_contains_paid_content":false,"footnotes":"","jetpack_publicize_message":"","jetpack_publicize_feature_enabled":true,"jetpack_social_post_already_shared":true,"jetpack_social_options":{"image_generator_settings":{"template":"highway","default_image_id":0,"font":"","enabled":false},"version":2},"_wpas_customize_per_network":false},"categories":[405],"tags":[],"class_list":["post-16719","post","type-post","status-publish","format-standard","has-post-thumbnail","hentry","category-actu-france-monde"],"jetpack_publicize_connections":[],"jetpack_featured_media_url":"https:\/\/i0.wp.com\/www.iceagetv.com\/radiosite\/wp-content\/uploads\/2020\/10\/UN-HOMME-D%C3%89CAPIT%C3%89-UN-SUSPECT-TU%C3%89-PAR-LA-POLICE.jpg?fit=800%2C450&ssl=1","jetpack_sharing_enabled":true,"_links":{"self":[{"href":"https:\/\/www.iceagetv.com\/radiosite\/wp-json\/wp\/v2\/posts\/16719","targetHints":{"allow":["GET"]}}],"collection":[{"href":"https:\/\/www.iceagetv.com\/radiosite\/wp-json\/wp\/v2\/posts"}],"about":[{"href":"https:\/\/www.iceagetv.com\/radiosite\/wp-json\/wp\/v2\/types\/post"}],"author":[{"embeddable":true,"href":"https:\/\/www.iceagetv.com\/radiosite\/wp-json\/wp\/v2\/users\/2"}],"replies":[{"embeddable":true,"href":"https:\/\/www.iceagetv.com\/radiosite\/wp-json\/wp\/v2\/comments?post=16719"}],"version-history":[{"count":1,"href":"https:\/\/www.iceagetv.com\/radiosite\/wp-json\/wp\/v2\/posts\/16719\/revisions"}],"predecessor-version":[{"id":16720,"href":"https:\/\/www.iceagetv.com\/radiosite\/wp-json\/wp\/v2\/posts\/16719\/revisions\/16720"}],"wp:featuredmedia":[{"embeddable":true,"href":"https:\/\/www.iceagetv.com\/radiosite\/wp-json\/wp\/v2\/media\/16717"}],"wp:attachment":[{"href":"https:\/\/www.iceagetv.com\/radiosite\/wp-json\/wp\/v2\/media?parent=16719"}],"wp:term":[{"taxonomy":"category","embeddable":true,"href":"https:\/\/www.iceagetv.com\/radiosite\/wp-json\/wp\/v2\/categories?post=16719"},{"taxonomy":"post_tag","embeddable":true,"href":"https:\/\/www.iceagetv.com\/radiosite\/wp-json\/wp\/v2\/tags?post=16719"}],"curies":[{"name":"wp","href":"https:\/\/api.w.org\/{rel}","templated":true}]}}