{"id":16736,"date":"2020-10-19T16:22:21","date_gmt":"2020-10-19T16:22:21","guid":{"rendered":"http:\/\/www.iceagetv.com\/radiosite\/?p=16736"},"modified":"2020-10-19T16:22:21","modified_gmt":"2020-10-19T16:22:21","slug":"assassinat-de-samuel-paty-lhommage-national-aura-lieu-a-la-sorbonne-mercredi","status":"publish","type":"post","link":"https:\/\/www.iceagetv.com\/radiosite\/assassinat-de-samuel-paty-lhommage-national-aura-lieu-a-la-sorbonne-mercredi\/","title":{"rendered":"Assassinat de Samuel Paty : l&rsquo;hommage national aura lieu \u00e0 la Sorbonne mercredi"},"content":{"rendered":"\n<p>L&rsquo;hommage national \u00e0 Samuel Paty, l&rsquo;enseignant assassin\u00e9 \u00e0 Conflans-Sainte-Honorine, sera rendu&nbsp;<strong>mercredi 21 octobre dans la cour de la Sorbonne \u00e0 Paris<\/strong>, a annonc\u00e9 l&rsquo;\u00c9lys\u00e9e ce lundi.<\/p>\n\n\n\n<p>Plus t\u00f4t dans la journ\u00e9e, Emmanuel Macron avait re\u00e7u la famille de la victime \u00e0 l&rsquo;\u00c9lys\u00e9e pour exprimer ses condol\u00e9ances et t\u00e9moigner de&nbsp;<strong>son soutien aux proches<\/strong>&nbsp;de ce&nbsp;<a href=\"https:\/\/www.rtl.fr\/actu\/justice-faits-divers\/enseignant-assassine-dans-les-yvelines-qui-etait-samuel-paty-7800905864\">professeur d&rsquo;histoire-g\u00e9ographie<\/a>, assassin\u00e9 vendredi pour avoir montr\u00e9 des caricatures de Mahomet \u00e0 ses \u00e9l\u00e8ves. L&rsquo;\u00c9lys\u00e9e avait pr\u00e9cis\u00e9 avoir discut\u00e9 avec la famille de l&rsquo;organisation de&nbsp;<strong>l&rsquo;hommage national<\/strong>&nbsp;qui lui sera rendu mercredi.<\/p>\n\n\n\n<p>Vendredi,&nbsp;<a href=\"https:\/\/www.rtl.fr\/actu\/justice-faits-divers\/enseignant-decapite-macron-denonce-un-attentat-terroriste-islamiste-caracterise-7800905690\">Emmanuel Macron avait rendu hommage au professeur<\/a>, assassin\u00e9 \u00ab\u00a0parce qu&rsquo;il enseignait, parce qu&rsquo;il a pr\u00f4n\u00e9 \u00e0 des \u00e9l\u00e8ves la libert\u00e9 d&rsquo;expression, la libert\u00e9 de croire et de ne pas croire\u00a0\u00bb.&nbsp;<a href=\"https:\/\/www.rtl.fr\/actu\/justice-faits-divers\/yvelines-un-homme-decapite-le-parquet-antiterroriste-saisi-7800905615\">Samuel Paty a \u00e9t\u00e9 d\u00e9capit\u00e9<\/a>&nbsp;vendredi apr\u00e8s-midi pr\u00e8s du coll\u00e8ge o\u00f9 il enseignait, dans un quartier calme de Conflans-Sainte-Honorine. Son assaillant,&nbsp;<a href=\"https:\/\/www.rtl.fr\/actu\/justice-faits-divers\/enseignant-decapite-dans-les-yvelines-ce-que-l-on-sait-de-l-assaillant-7800905711\">Abdoullakh Anzorov<\/a>, a \u00e9t\u00e9 tu\u00e9 par la police.<\/p>\n","protected":false},"excerpt":{"rendered":"<p>L&rsquo;hommage national \u00e0 Samuel Paty, l&rsquo;enseignant assassin\u00e9 \u00e0 Conflans-Sainte-Honorine, sera rendu&nbsp;mercredi 21 octobre dans la cour de la Sorbonne \u00e0 Paris, a annonc\u00e9 l&rsquo;\u00c9lys\u00e9e ce lundi. Plus t\u00f4t dans la journ\u00e9e, Emmanuel Macron avait re\u00e7u la famille de la victime \u00e0 l&rsquo;\u00c9lys\u00e9e pour exprimer ses condol\u00e9ances et t\u00e9moigner de&nbsp;son soutien aux proches&nbsp;de ce&nbsp;professeur d&rsquo;histoire-g\u00e9ographie, assassin\u00e9 [&hellip;]<\/p>\n","protected":false},"author":2,"featured_media":16737,"comment_status":"open","ping_status":"open","sticky":false,"template":"","format":"standard","meta":{"_jetpack_memberships_contains_paid_content":false,"footnotes":"","jetpack_publicize_message":"","jetpack_publicize_feature_enabled":true,"jetpack_social_post_already_shared":true,"jetpack_social_options":{"image_generator_settings":{"template":"highway","default_image_id":0,"font":"","enabled":false},"version":2},"_wpas_customize_per_network":false},"categories":[405],"tags":[],"class_list":["post-16736","post","type-post","status-publish","format-standard","has-post-thumbnail","hentry","category-actu-france-monde"],"jetpack_publicize_connections":[],"jetpack_featured_media_url":"https:\/\/i0.wp.com\/www.iceagetv.com\/radiosite\/wp-content\/uploads\/2020\/10\/Assassinat-de-Samuel-Paty.jpg?fit=880%2C586&ssl=1","jetpack_sharing_enabled":true,"_links":{"self":[{"href":"https:\/\/www.iceagetv.com\/radiosite\/wp-json\/wp\/v2\/posts\/16736","targetHints":{"allow":["GET"]}}],"collection":[{"href":"https:\/\/www.iceagetv.com\/radiosite\/wp-json\/wp\/v2\/posts"}],"about":[{"href":"https:\/\/www.iceagetv.com\/radiosite\/wp-json\/wp\/v2\/types\/post"}],"author":[{"embeddable":true,"href":"https:\/\/www.iceagetv.com\/radiosite\/wp-json\/wp\/v2\/users\/2"}],"replies":[{"embeddable":true,"href":"https:\/\/www.iceagetv.com\/radiosite\/wp-json\/wp\/v2\/comments?post=16736"}],"version-history":[{"count":1,"href":"https:\/\/www.iceagetv.com\/radiosite\/wp-json\/wp\/v2\/posts\/16736\/revisions"}],"predecessor-version":[{"id":16738,"href":"https:\/\/www.iceagetv.com\/radiosite\/wp-json\/wp\/v2\/posts\/16736\/revisions\/16738"}],"wp:featuredmedia":[{"embeddable":true,"href":"https:\/\/www.iceagetv.com\/radiosite\/wp-json\/wp\/v2\/media\/16737"}],"wp:attachment":[{"href":"https:\/\/www.iceagetv.com\/radiosite\/wp-json\/wp\/v2\/media?parent=16736"}],"wp:term":[{"taxonomy":"category","embeddable":true,"href":"https:\/\/www.iceagetv.com\/radiosite\/wp-json\/wp\/v2\/categories?post=16736"},{"taxonomy":"post_tag","embeddable":true,"href":"https:\/\/www.iceagetv.com\/radiosite\/wp-json\/wp\/v2\/tags?post=16736"}],"curies":[{"name":"wp","href":"https:\/\/api.w.org\/{rel}","templated":true}]}}