{"id":16748,"date":"2020-10-21T11:38:16","date_gmt":"2020-10-21T11:38:16","guid":{"rendered":"http:\/\/www.iceagetv.com\/radiosite\/?p=16748"},"modified":"2020-10-21T11:38:16","modified_gmt":"2020-10-21T11:38:16","slug":"tempete-barbara-76-000-foyers-sans-electricite-dans-le-sud-ouest-des-trains-supprimes-alerte-orange-levee","status":"publish","type":"post","link":"https:\/\/www.iceagetv.com\/radiosite\/tempete-barbara-76-000-foyers-sans-electricite-dans-le-sud-ouest-des-trains-supprimes-alerte-orange-levee\/","title":{"rendered":"Temp\u00eate Barbara : 76 000 foyers sans \u00e9lectricit\u00e9 dans le Sud-Ouest, des trains supprim\u00e9s, alerte orange lev\u00e9e"},"content":{"rendered":"\n<h2 class=\"wp-block-heading\">216&nbsp;km\/h \u00e0 Iraty, 132&nbsp;km\/h \u00e0 Socoa<\/h2>\n\n\n\n<p>La temp\u00eate, qui s\u2019est creus\u00e9e dans l\u2019Atlantique mardi, est d\u2019abord pass\u00e9e par le Portugal et l\u2019Espagne, avant de se diriger vers le sud-ouest de la France. Sur son passage, dans la nuit, en haute montagne, le vent a souffl\u00e9 \u00e0 plus de 200&nbsp;km\/h en pointe selon M\u00e9t\u00e9o France, qui a relev\u00e9 une rafale \u00e0 216&nbsp;km\/h \u00e0 Iraty, dans les Pyr\u00e9n\u00e9es-Atlantiques et une \u00e0 194&nbsp;km\/h au Pic du Midi.&nbsp;<\/p>\n\n\n\n<p>Le vent a aussi d\u00e9ferl\u00e9 violemment en moyenne montagne et dans les vall\u00e9es.\u00a0M\u00e9t\u00e9o France a ainsi enregistr\u00e9 des rafales \u00e0 121\u00a0km\/h \u00e0 Bustince et 100\u00a0km\/h \u00e0 Pau, dans les Pyr\u00e9n\u00e9es-Atlantiques. Dans les Hautes-Pyr\u00e9n\u00e9es, le vent a \u00e9galement souffl\u00e9 entre 110 \u00e0 130\u00a0km\/h, parfois plus, \u00e0 Loudervielle, 102\u00a0km\/h \u00e0 Adast, 93\u00a0km\/h \u00e0 Bazus-Aure, 93\u00a0km\/h \u00e0 Tarbes, 96\u00a0km\/h \u00e0 Vic-en-Bigorre et 86\u00a0km\/h \u00e0 Campistrous.\u00a0<\/p>\n\n\n\n<h2 class=\"wp-block-heading\">Chutes d\u2019arbres et coupures d\u2019\u00e9lectricit\u00e9<\/h2>\n\n\n\n<p>Au total, dans le Sud-Ouest, 76\u00a0000\u00a0foyers ont \u00e9t\u00e9 priv\u00e9s d\u2019\u00e9lectricit\u00e9 mercredi matin, Barbara ayant caus\u00e9 \u00ab\u00a0d\u2019importants d\u00e9g\u00e2ts\u00a0\u00bb sur le r\u00e9seau public \u00e9lectrique. Parmi ces foyers, 19\u00a0000\u00a0se trouvaient dans les Pyr\u00e9n\u00e9es-Atlantiques, dont 6\u00a0500\u00a0en B\u00e9arn. Les pompiers ont quant \u00e0 eux re\u00e7u 300\u00a0appels., essentiellement pour d\u00e9gager des routes suite \u00e0 des chutes d\u2019arbres et de poteaux.\u00a0<\/p>\n\n\n\n<p><a href=\"https:\/\/www.sudouest.fr\/2020\/10\/21\/tempete-barbara-dans-les-landes-chutes-d-arbres-et-temperature-de-24-c-a-4-heures-du-matin-7987438-3484.php\">Dans les Landes<\/a>, qui n\u2019\u00e9taient pas en vigilance, le vent a tout de m\u00eame souffl\u00e9 fort. Si aucun bless\u00e9 n\u2019est \u00e0 d\u00e9plorer, plusieurs arbres n\u2019ont pas r\u00e9sist\u00e9 aux rafales et 1&nbsp;500&nbsp;foyers se sont retrouv\u00e9s priv\u00e9s d\u2019\u00e9lectricit\u00e9 mercredi matin.&nbsp;<\/p>\n\n\n\n<p>\u00ab\u00a0Plus de 700&nbsp;techniciens Enedis et 200&nbsp;salari\u00e9s d\u2019entreprises prestataires \u00e9taient mobilis\u00e9s dans les zones touch\u00e9es par les intemp\u00e9ries pour r\u00e9tablir au plus vite le r\u00e9seau d\u2019\u00e9lectricit\u00e9\u00a0\u00bb, selon Enedis.&nbsp;<\/p>\n\n\n\n<h2 class=\"wp-block-heading\">Accalmie dans la matin\u00e9e<\/h2>\n\n\n\n<p>Les Pyr\u00e9n\u00e9es essuyaient toujours de fortes rafales t\u00f4t ce mercredi, aussi bien sur les sommets qu\u2019en moyenne montagne, dans les vall\u00e9es expos\u00e9es et sur le littoral du Pays basque. Mais une lente accalmie est pr\u00e9vue dans le courant de la matin\u00e9e dans l\u2019ouest de la cha\u00eene. Cette accalmie s\u2019\u00e9tendra ensuite \u00e0 l\u2019est.<\/p>\n\n\n\n<p>Dans la r\u00e9gion toulousaine, le Rh\u00f4ne et le Massif central, le vent restera fort jusqu\u2019en milieu de matin\u00e9e et faiblira plus significativement dans l\u2019apr\u00e8s-midi.&nbsp;<\/p>\n\n\n\n<p>Barbara est la deuxi\u00e8me temp\u00eate de l\u2019ann\u00e9e, apr\u00e8s le passage de la temp\u00eate Alex, qui avait provoqu\u00e9 des vents violents en Bretagne et surtout des pluies diluviennes qui avaient entra\u00een\u00e9 la mort d\u2019au moins cinq personnes et fait sept disparus dans les vall\u00e9es de la V\u00e9subie et de la Roya, dans les Alpes-Maritimes. Les crues, le 2&nbsp;octobre,&nbsp;<a href=\"https:\/\/www.sudouest.fr\/2020\/10\/05\/en-images-dans-les-alpes-maritimes-une-vallee-devastee-apres-la-crue-de-la-vesubie-7924849-6110.php\">avaient litt\u00e9ralement d\u00e9vast\u00e9 certaines parties des vall\u00e9es atteintes<\/a>, pour des d\u00e9g\u00e2ts estim\u00e9s \u00e0 au moins un milliard d\u2019euros.<\/p>\n\n\n\n<p><\/p>\n\n\n\n<p><\/p>\n","protected":false},"excerpt":{"rendered":"<p>216&nbsp;km\/h \u00e0 Iraty, 132&nbsp;km\/h \u00e0 Socoa La temp\u00eate, qui s\u2019est creus\u00e9e dans l\u2019Atlantique mardi, est d\u2019abord pass\u00e9e par le Portugal et l\u2019Espagne, avant de se diriger vers le sud-ouest de la France. Sur son passage, dans la nuit, en haute montagne, le vent a souffl\u00e9 \u00e0 plus de 200&nbsp;km\/h en pointe selon M\u00e9t\u00e9o France, qui [&hellip;]<\/p>\n","protected":false},"author":2,"featured_media":16749,"comment_status":"open","ping_status":"open","sticky":false,"template":"","format":"standard","meta":{"_jetpack_memberships_contains_paid_content":false,"footnotes":"","jetpack_publicize_message":"","jetpack_publicize_feature_enabled":true,"jetpack_social_post_already_shared":true,"jetpack_social_options":{"image_generator_settings":{"template":"highway","default_image_id":0,"font":"","enabled":false},"version":2},"_wpas_customize_per_network":false},"categories":[14],"tags":[],"class_list":["post-16748","post","type-post","status-publish","format-standard","has-post-thumbnail","hentry","category-actu-meteo"],"jetpack_publicize_connections":[],"jetpack_featured_media_url":"https:\/\/i0.wp.com\/www.iceagetv.com\/radiosite\/wp-content\/uploads\/2020\/10\/Temp%C3%AAte-Barbara-1.jpg?fit=1197%2C450&ssl=1","jetpack_sharing_enabled":true,"_links":{"self":[{"href":"https:\/\/www.iceagetv.com\/radiosite\/wp-json\/wp\/v2\/posts\/16748","targetHints":{"allow":["GET"]}}],"collection":[{"href":"https:\/\/www.iceagetv.com\/radiosite\/wp-json\/wp\/v2\/posts"}],"about":[{"href":"https:\/\/www.iceagetv.com\/radiosite\/wp-json\/wp\/v2\/types\/post"}],"author":[{"embeddable":true,"href":"https:\/\/www.iceagetv.com\/radiosite\/wp-json\/wp\/v2\/users\/2"}],"replies":[{"embeddable":true,"href":"https:\/\/www.iceagetv.com\/radiosite\/wp-json\/wp\/v2\/comments?post=16748"}],"version-history":[{"count":1,"href":"https:\/\/www.iceagetv.com\/radiosite\/wp-json\/wp\/v2\/posts\/16748\/revisions"}],"predecessor-version":[{"id":16750,"href":"https:\/\/www.iceagetv.com\/radiosite\/wp-json\/wp\/v2\/posts\/16748\/revisions\/16750"}],"wp:featuredmedia":[{"embeddable":true,"href":"https:\/\/www.iceagetv.com\/radiosite\/wp-json\/wp\/v2\/media\/16749"}],"wp:attachment":[{"href":"https:\/\/www.iceagetv.com\/radiosite\/wp-json\/wp\/v2\/media?parent=16748"}],"wp:term":[{"taxonomy":"category","embeddable":true,"href":"https:\/\/www.iceagetv.com\/radiosite\/wp-json\/wp\/v2\/categories?post=16748"},{"taxonomy":"post_tag","embeddable":true,"href":"https:\/\/www.iceagetv.com\/radiosite\/wp-json\/wp\/v2\/tags?post=16748"}],"curies":[{"name":"wp","href":"https:\/\/api.w.org\/{rel}","templated":true}]}}