{"id":16753,"date":"2020-10-22T07:46:03","date_gmt":"2020-10-22T07:46:03","guid":{"rendered":"http:\/\/www.iceagetv.com\/radiosite\/?p=16753"},"modified":"2020-10-22T07:46:03","modified_gmt":"2020-10-22T07:46:03","slug":"salaires-des-profs-protection-jean-michel-blanquer-lance-le-grenelle-de-leducation","status":"publish","type":"post","link":"https:\/\/www.iceagetv.com\/radiosite\/salaires-des-profs-protection-jean-michel-blanquer-lance-le-grenelle-de-leducation\/","title":{"rendered":"Salaires des profs, protection\u2026 Jean-Michel Blanquer lance le \u00ab Grenelle de l\u2019Education \u00bb"},"content":{"rendered":"\n<p><a href=\"https:\/\/www.20minutes.fr\/societe\/jean-michel-blanquer\/\">Jean-Michel Blanquer<\/a>&nbsp;lance ce jeudi un&nbsp;<a href=\"https:\/\/www.20minutes.fr\/societe\/2849667-20200830-education-nationale-jean-michel-blanquer-annonce-lancement-grenelle-salaire-professeurs\">Grenelle de l\u2019\u00e9ducation<\/a>&nbsp;cens\u00e9 mettre davantage les professeurs \u00ab&nbsp;au centre de la soci\u00e9t\u00e9&nbsp;\u00bb. Si cet \u00e9v\u00e9nement est pr\u00e9vu depuis le mois d\u2019ao\u00fbt,&nbsp;<a href=\"https:\/\/www.20minutes.fr\/justice\/2890291-20201021-attentat-conflans-samuel-paty-designe-comme-cible-selon-procureur-national-antiterroriste\">l\u2019assassinat de Samuel Paty<\/a>&nbsp;a boulevers\u00e9 le programme du minist\u00e8re, mettant en lumi\u00e8re le difficile m\u00e9tier d\u2019enseignant.<\/p>\n\n\n\n<p>Le Grenelle de l\u2019\u00e9ducation&nbsp;devait d\u00e9j\u00e0 permettre une augmentation&nbsp;des&nbsp;<a href=\"https:\/\/www.20minutes.fr\/societe\/2696383-20200116-jean-michel-blanquer-veut-augmenter-salaire-profs-70-90-euros-an-prochain\">salaires des enseignants<\/a>&nbsp;ou encore sur des mesures de protection suppl\u00e9mentaires. Mais il a \u00e9t\u00e9 revu depuis l\u2019assassinat de Samuel Paty pour mettre davantage en avant \u00ab&nbsp;le professeur au centre de la soci\u00e9t\u00e9&nbsp;\u00bb. \u00ab&nbsp;Aujourd\u2019hui, il y a un sujet de protection des professeurs mais aussi de reconnaissance des professeurs. Cette question existait avant et nous devons lui apporter une r\u00e9ponse&nbsp;\u00bb, a annonc\u00e9 mercredi Jean-Michel Blanquer lors de questions au gouvernement au S\u00e9nat.<\/p>\n\n\n\n<h2 class=\"wp-block-heading\">Un r\u00f4le \u00ab&nbsp;central&nbsp;\u00bb dans la soci\u00e9t\u00e9<\/h2>\n\n\n\n<p>Le Grenelle de l\u2019\u00e9ducation \u00ab\u00a0repose sur des mots-cl\u00e9s, celui de la reconnaissance financi\u00e8re, la coop\u00e9ration, c\u2019est-\u00e0-dire le travail en \u00e9quipe, la modernisation et la protection\u00a0\u00bb, a d\u00e9taill\u00e9 le ministre.<\/p>\n\n\n\n<p>Au-del\u00e0 de cette augmentation, \u00ab&nbsp;qui touchera notamment les plus jeunes, mais qui pourrait toucher aussi l\u2019ensemble des professeurs, c\u2019est la transformation de notre syst\u00e8me, notamment pour des ressources humaines de proximit\u00e9, autrement dit un syst\u00e8me de l\u2019\u00e9ducation nationale beaucoup moins anonyme, beaucoup plus attach\u00e9 \u00e0 ce qui arrive \u00e0 chaque professeur et \u00e0 le suivre dans sa carri\u00e8re, qui manifestera la reconnaissance du pays \u00e0 tous les professeurs et au-del\u00e0 de l\u2019ensemble des mesures que nous prendrons&nbsp;\u00bb, a ajout\u00e9 Jean-Michel&nbsp;Blanquer.<\/p>\n\n\n\n<h2 class=\"wp-block-heading\">Un budget \u00e0 la hausse<\/h2>\n\n\n\n<p>Avant le Grenelle de l\u2019\u00e9ducation, une rencontre aura lieu jeudi matin avec les syndicats enseignants pour \u00e9voquer la journ\u00e9e du 2&nbsp;novembre, qui correspondra \u00e0 la rentr\u00e9e apr\u00e8s les vacances de la Toussaint. Interrog\u00e9 sur le contenu de cette journ\u00e9e, Jean-Michel Blanquer a d\u2019ores et d\u00e9j\u00e0 demand\u00e9 \u00e0 \u00ab&nbsp;tous les \u00e9lus de la R\u00e9publique, les conseillers municipaux, les maires, les s\u00e9nateurs, d\u2019\u00eatre pr\u00e9sents aupr\u00e8s des professeurs le jour de cette rentr\u00e9e&nbsp;\u00bb.<\/p>\n\n\n\n<p><a href=\"https:\/\/www.20minutes.fr\/economie\/2872403-20200928-budget-2021-perdants-gagnants-ministeres\">Le budget 2021 du minist\u00e8re<\/a>&nbsp;a \u00e9t\u00e9 augment\u00e9 de 400&nbsp;millions d\u2019euros (500&nbsp;millions en ann\u00e9e pleine), afin d\u2019augmenter les salaires des enseignants fran\u00e7ais,&nbsp;<a href=\"https:\/\/www.20minutes.fr\/societe\/2600639-20190910-education-nationale-salaires-professeurs-francais-sous-moyenne-pays-ocde\">inf\u00e9rieur de 7&nbsp;% en d\u00e9but de carri\u00e8re<\/a>&nbsp;\u00e0 la moyenne des pays de l\u2019Organisation de coop\u00e9ration et de d\u00e9veloppement \u00e9conomiques (OCDE). La hausse de budget doit financer diff\u00e9rentes primes, notamment une prime d\u2019attractivit\u00e9 (260&nbsp;millions d\u2019euros en ann\u00e9e pleine) ciblant les personnels en d\u00e9but et milieu de carri\u00e8re, ainsi qu\u2019une prime d\u2019\u00e9quipement informatique (178&nbsp;millions d\u2019euros) de 150 euros nets annuels pour chaque professeur.<\/p>\n\n\n\n<p><\/p>\n","protected":false},"excerpt":{"rendered":"<p>Jean-Michel Blanquer&nbsp;lance ce jeudi un&nbsp;Grenelle de l\u2019\u00e9ducation&nbsp;cens\u00e9 mettre davantage les professeurs \u00ab&nbsp;au centre de la soci\u00e9t\u00e9&nbsp;\u00bb. Si cet \u00e9v\u00e9nement est pr\u00e9vu depuis le mois d\u2019ao\u00fbt,&nbsp;l\u2019assassinat de Samuel Paty&nbsp;a boulevers\u00e9 le programme du minist\u00e8re, mettant en lumi\u00e8re le difficile m\u00e9tier d\u2019enseignant. Le Grenelle de l\u2019\u00e9ducation&nbsp;devait d\u00e9j\u00e0 permettre une augmentation&nbsp;des&nbsp;salaires des enseignants&nbsp;ou encore sur des mesures de [&hellip;]<\/p>\n","protected":false},"author":2,"featured_media":16754,"comment_status":"open","ping_status":"open","sticky":false,"template":"","format":"standard","meta":{"_jetpack_memberships_contains_paid_content":false,"footnotes":"","jetpack_publicize_message":"","jetpack_publicize_feature_enabled":true,"jetpack_social_post_already_shared":true,"jetpack_social_options":{"image_generator_settings":{"template":"highway","default_image_id":0,"font":"","enabled":false},"version":2},"_wpas_customize_per_network":false},"categories":[405],"tags":[],"class_list":["post-16753","post","type-post","status-publish","format-standard","has-post-thumbnail","hentry","category-actu-france-monde"],"jetpack_publicize_connections":[],"jetpack_featured_media_url":"https:\/\/i0.wp.com\/www.iceagetv.com\/radiosite\/wp-content\/uploads\/2020\/10\/Grenelle-de-l%E2%80%99Education.png?fit=639%2C407&ssl=1","jetpack_sharing_enabled":true,"_links":{"self":[{"href":"https:\/\/www.iceagetv.com\/radiosite\/wp-json\/wp\/v2\/posts\/16753","targetHints":{"allow":["GET"]}}],"collection":[{"href":"https:\/\/www.iceagetv.com\/radiosite\/wp-json\/wp\/v2\/posts"}],"about":[{"href":"https:\/\/www.iceagetv.com\/radiosite\/wp-json\/wp\/v2\/types\/post"}],"author":[{"embeddable":true,"href":"https:\/\/www.iceagetv.com\/radiosite\/wp-json\/wp\/v2\/users\/2"}],"replies":[{"embeddable":true,"href":"https:\/\/www.iceagetv.com\/radiosite\/wp-json\/wp\/v2\/comments?post=16753"}],"version-history":[{"count":1,"href":"https:\/\/www.iceagetv.com\/radiosite\/wp-json\/wp\/v2\/posts\/16753\/revisions"}],"predecessor-version":[{"id":16755,"href":"https:\/\/www.iceagetv.com\/radiosite\/wp-json\/wp\/v2\/posts\/16753\/revisions\/16755"}],"wp:featuredmedia":[{"embeddable":true,"href":"https:\/\/www.iceagetv.com\/radiosite\/wp-json\/wp\/v2\/media\/16754"}],"wp:attachment":[{"href":"https:\/\/www.iceagetv.com\/radiosite\/wp-json\/wp\/v2\/media?parent=16753"}],"wp:term":[{"taxonomy":"category","embeddable":true,"href":"https:\/\/www.iceagetv.com\/radiosite\/wp-json\/wp\/v2\/categories?post=16753"},{"taxonomy":"post_tag","embeddable":true,"href":"https:\/\/www.iceagetv.com\/radiosite\/wp-json\/wp\/v2\/tags?post=16753"}],"curies":[{"name":"wp","href":"https:\/\/api.w.org\/{rel}","templated":true}]}}