{"id":16764,"date":"2020-10-22T08:05:18","date_gmt":"2020-10-22T08:05:18","guid":{"rendered":"http:\/\/www.iceagetv.com\/radiosite\/?p=16764"},"modified":"2020-10-22T08:05:18","modified_gmt":"2020-10-22T08:05:18","slug":"coronavirus-strasbourg-renonce-a-son-marche-de-noel","status":"publish","type":"post","link":"https:\/\/www.iceagetv.com\/radiosite\/coronavirus-strasbourg-renonce-a-son-marche-de-noel\/","title":{"rendered":"Coronavirus : Strasbourg renonce \u00e0 son march\u00e9 de No\u00ebl"},"content":{"rendered":"\n<p>Jeanne Barseghian, maire (EELV) de Strasbourg,&nbsp; a annonc\u00e9 ce jeudi que la ville renon\u00e7ait \u00e0 son march\u00e9 de No\u00ebl traditionnel face \u00e0 l\u2019aggravation de la situation sanitaire.<\/p>\n\n\n\n<p>Pr\u00e8s de 300 chalets devaient s&rsquo;installer dans la capitale alsacienne&nbsp;du 28 novembre au 30 d\u00e9cembre.<\/p>\n\n\n\n<p>\u00ab\u00a0J\u2019ai pris la d\u00e9cision de privil\u00e9gier le sc\u00e9nario sans chalets\u00a0\u00bb tout en maintenant \u00ab\u00a0Strasbourg capitale de No\u00ebl\u00a0\u00bb avec le grand sapin de la place Kl\u00e9ber au c\u0153ur de la ville, des \u00ab\u00a0animations\u00a0\u00bb ou des \u00ab\u00a0d\u00e9ambulations d\u2019artistes\u00a0\u00bb, a-t-elle d\u00e9clar\u00e9 lors d\u2019une conf\u00e9rence de presse.&nbsp;<\/p>\n","protected":false},"excerpt":{"rendered":"<p>Jeanne Barseghian, maire (EELV) de Strasbourg,&nbsp; a annonc\u00e9 ce jeudi que la ville renon\u00e7ait \u00e0 son march\u00e9 de No\u00ebl traditionnel face \u00e0 l\u2019aggravation de la situation sanitaire. Pr\u00e8s de 300 chalets devaient s&rsquo;installer dans la capitale alsacienne&nbsp;du 28 novembre au 30 d\u00e9cembre. \u00ab\u00a0J\u2019ai pris la d\u00e9cision de privil\u00e9gier le sc\u00e9nario sans chalets\u00a0\u00bb tout en maintenant [&hellip;]<\/p>\n","protected":false},"author":2,"featured_media":16765,"comment_status":"open","ping_status":"open","sticky":false,"template":"","format":"standard","meta":{"_jetpack_memberships_contains_paid_content":false,"footnotes":"","jetpack_publicize_message":"","jetpack_publicize_feature_enabled":true,"jetpack_social_post_already_shared":true,"jetpack_social_options":{"image_generator_settings":{"template":"highway","default_image_id":0,"font":"","enabled":false},"version":2},"_wpas_customize_per_network":false},"categories":[405],"tags":[],"class_list":["post-16764","post","type-post","status-publish","format-standard","has-post-thumbnail","hentry","category-actu-france-monde"],"jetpack_publicize_connections":[],"jetpack_featured_media_url":"https:\/\/i0.wp.com\/www.iceagetv.com\/radiosite\/wp-content\/uploads\/2020\/10\/Strasbourg-renonce-%C3%A0-son-march%C3%A9-de-No%C3%ABl.jpg?fit=1000%2C500&ssl=1","jetpack_sharing_enabled":true,"_links":{"self":[{"href":"https:\/\/www.iceagetv.com\/radiosite\/wp-json\/wp\/v2\/posts\/16764","targetHints":{"allow":["GET"]}}],"collection":[{"href":"https:\/\/www.iceagetv.com\/radiosite\/wp-json\/wp\/v2\/posts"}],"about":[{"href":"https:\/\/www.iceagetv.com\/radiosite\/wp-json\/wp\/v2\/types\/post"}],"author":[{"embeddable":true,"href":"https:\/\/www.iceagetv.com\/radiosite\/wp-json\/wp\/v2\/users\/2"}],"replies":[{"embeddable":true,"href":"https:\/\/www.iceagetv.com\/radiosite\/wp-json\/wp\/v2\/comments?post=16764"}],"version-history":[{"count":1,"href":"https:\/\/www.iceagetv.com\/radiosite\/wp-json\/wp\/v2\/posts\/16764\/revisions"}],"predecessor-version":[{"id":16766,"href":"https:\/\/www.iceagetv.com\/radiosite\/wp-json\/wp\/v2\/posts\/16764\/revisions\/16766"}],"wp:featuredmedia":[{"embeddable":true,"href":"https:\/\/www.iceagetv.com\/radiosite\/wp-json\/wp\/v2\/media\/16765"}],"wp:attachment":[{"href":"https:\/\/www.iceagetv.com\/radiosite\/wp-json\/wp\/v2\/media?parent=16764"}],"wp:term":[{"taxonomy":"category","embeddable":true,"href":"https:\/\/www.iceagetv.com\/radiosite\/wp-json\/wp\/v2\/categories?post=16764"},{"taxonomy":"post_tag","embeddable":true,"href":"https:\/\/www.iceagetv.com\/radiosite\/wp-json\/wp\/v2\/tags?post=16764"}],"curies":[{"name":"wp","href":"https:\/\/api.w.org\/{rel}","templated":true}]}}