{"id":16768,"date":"2020-10-22T18:47:02","date_gmt":"2020-10-22T18:47:02","guid":{"rendered":"http:\/\/www.iceagetv.com\/radiosite\/?p=16768"},"modified":"2020-10-22T18:47:02","modified_gmt":"2020-10-22T18:47:02","slug":"coronavirus-jean-castex-la-situation-est-grave-en-france-et-europe-la-situation-continue-a-se-degrader-54-departements-sont-desormais-sous-couvre-feu-plus-de-40-000-cas-en-24h-en-france","status":"publish","type":"post","link":"https:\/\/www.iceagetv.com\/radiosite\/coronavirus-jean-castex-la-situation-est-grave-en-france-et-europe-la-situation-continue-a-se-degrader-54-departements-sont-desormais-sous-couvre-feu-plus-de-40-000-cas-en-24h-en-france\/","title":{"rendered":"Coronavirus &#8211; Jean Castex : \u00ab\u00a0La situation est grave en France et Europe. La situation continue \u00e0 se d\u00e9grader. 54 d\u00e9partements sont d\u00e9sormais sous couvre-feu\u00a0\u00bb &#8211; Plus de 40.000 cas en 24h en France"},"content":{"rendered":"\n<p> <strong>41.622 nouveaux cas suppl\u00e9mentaires de Covid-19 ont \u00e9t\u00e9 recens\u00e9s en France au cours des derni\u00e8res 24 heures, selon Sant\u00e9 Publique France. Un nouveau record depuis le lancement des tests \u00e0 grande \u00e9chelle. Cela porte le nombre total \u00e0 ce jour \u00e0 999.043 cas confirm\u00e9s depuis le d\u00e9but de la pand\u00e9mie.<\/strong>  <strong>Le taux de positivit\u00e9 des tests s&rsquo;\u00e9tablit quant \u00e0 lui \u00e0 14,3%. Le nombre de d\u00e9c\u00e8s attribuables \u00e0 la maladie s&rsquo;\u00e9l\u00e8ve \u00e0 165 ces derni\u00e8res 24 heures, portant le bilan total des d\u00e9c\u00e8s \u00e0 34.210 dont 23.198 \u00e0 l&rsquo;h\u00f4pital depuis le d\u00e9but de l&rsquo;\u00e9pid\u00e9mie<\/strong>  Jean Castex c\u00e8de la parole \u00e0 la ministre de la Culture, Roselyne Bachelot : \u00ab\u00a0Je tiens \u00e0 saluer les efforts fait par les professionnels de la culture. 85 millions d&rsquo;aide vont-\u00eatre d\u00e9bloqu\u00e9s.\u00a0Pour le spectacle vivant musical, le fonds de sauvegarde et de compensation sera dot\u00e9 de 55 millions d&rsquo;euros suppl\u00e9mentaires.\u00a0Nous allons proposer au Parlement de prolonger\u00a0l&rsquo;exon\u00e9ration de taxe sur les spectacles au premier semestre 2021 pour all\u00e9ger les charges entreprises du secteur.  <strong>\u00a0Le gouvernement lance la nouvelle application \u00ab\u00a0Tous anti-covid\u00a0\u00bb et Jean Castex affirme avoir charg\u00e9 la nouvelle application.\u00a0<\/strong>TousAntiCovid, c&rsquo;est un geste barri\u00e8re suppl\u00e9mentaire. Si vous avez crois\u00e9 le chemin d&rsquo;une personne contamin\u00e9e et que vous aviez tous les deux l&rsquo;application, vous serez averti d\u00e8s que la personne aura les r\u00e9sultats du test.\u00a0Je veux m&rsquo;adresser \u00e0 tous les Fran\u00e7ais. Nous avons besoin de vous, de tous, de chacun. Toutes les garanties ont \u00e9t\u00e9 prises. La Cnil a valid\u00e9 l&rsquo;application, son code source est ouvert et public. Ce n&rsquo;est pas un outil pour le gouvernement, il est un outil collectif soutenu par la communaut\u00e9 m\u00e9dicale.  Jean Castex reprend la parole : Nous d\u00e9tenons tous une partie de la solution et c&rsquo;est respecter les gestes barri\u00e8res. Il faut r\u00e9duire aussi ses interactions sociales. C&rsquo;est un enjeu de protection sociale. Ce virus frappe tout le monde, jeune ou moins jeunes, dans les villes o\u00f9 dans la campagne. Si nous ne r\u00e9ussissons pas collectivement \u00e0 vaincre ce virus, nous devrons prendre des mesures plus dures. Il est encore temps de l&rsquo;\u00e9viter\u00a0\u00bb <\/p>\n\n\n\n<p><strong>Olivier V\u00e9ran, Ministre de la Sant\u00e9 :<\/strong>&nbsp;\u00ab\u00a0Le virus circule moins vite qu&rsquo;au printemps mais sa diffusion est quand m\u00eame alarmante. Il y avait au mois d&rsquo;ao\u00fbt 10 malades diagnostiqu\u00e9s pour 100 000 Fran\u00e7ais, actuellement, c&rsquo;est 250 pour 100.000 Fran\u00e7ais.&nbsp;es chiffres doublent tous les 15 jours malgr\u00e9 tous les efforts. Sans mesure nouvelle, il y aurait dans 15 jours plus de 50.000 cas par jour.&nbsp;En r\u00e9gion Auvergne-Rh\u00f4ne-Alpes au 15 septembre, il y avait 88 malades en r\u00e9animation. Au 2 octobre, il y avait 149 malades en r\u00e9animation. Hier, il y avait 360 malades en r\u00e9animation.<\/p>\n\n\n\n<p>Nous avions dans notre pays 5.100 places de r\u00e9animation. Nous sommes mont\u00e9s \u00e0 5 800 lits dans la dur\u00e9e, \u00e0 la faveur de l&rsquo;\u00e9t\u00e9, +15%. Nous sommes capables de monter \u00e0 7.700 lits dans un d\u00e9lai de 15 jours. S&rsquo;il devenait n\u00e9cessaire d&rsquo;augmenter davantage, sachez qu&rsquo;au 15 avril dernier, il y avait 10.700 lits de r\u00e9animation arm\u00e9s.&nbsp;90% des r\u00e9sultats des tests r\u00e9alis\u00e9s sont d\u00e9sormais donn\u00e9s dans les 48 heures\u00a0\u00bb<\/p>\n\n\n\n<p><strong>Voici la liste des\u00a054 d\u00e9partements\u00a0concern\u00e9s par le couvre-feu : la Loire, le Rh\u00f4ne, le Nord, Paris, l&rsquo;Is\u00e8re, les Hauts-de-Seine, le Val-d&rsquo;Oise, le Val-de-Marne, la Seine-Saint-Denis, l&rsquo;Essonne, les Bouches-du-Rh\u00f4ne, la Haute-Garonne, les Yvelines, l&rsquo;H\u00e9rault, la Seine-et-Marne, la Seine-Maritime, la Haute-Loire, l&rsquo;Ain, la Savoie, l&rsquo;Ard\u00e8che, la Sa\u00f4ne-et-Loire, l&rsquo;Aveyron, l&rsquo;Ari\u00e8ge, le Tarn-et-Garonne, le Tarn, les Pyr\u00e9n\u00e9es-Orientales, le Gard, le Vaucluse, le Puy-de-D\u00f4me, les Hautes-Alpes, le Pas-de-Calais, la Dr\u00f4me, l&rsquo;Oise, la Haute-Savoie, le Jura, les Pyr\u00e9n\u00e9es-Atlantiques, la Haute-Corse, le Calvados, les Hautes-Pyr\u00e9n\u00e9es, la Corse-du-Sud, la Loz\u00e8re, la Haute-Vienne, la C\u00f4te-d&rsquo;Or, les Ardennes, le Var, l&rsquo;Indre-et-Loire, l&rsquo;Aube, le Loiret, le Maine-et-Loire, le Bas-Rhin, la Meurthe-et-Moselle, la Marne, les Alpes-Maritimes et l&rsquo;Ille-et-Vilaine.\u00a0S&rsquo;ajoute \u00e0 cette liste la Polyn\u00e9sie fran\u00e7aise.<\/strong><\/p>\n\n\n\n<p><strong>Jean Castex, le Premier Ministre d\u00e9bute la conf\u00e9rence de presse : \u00ab\u00a0La deuxi\u00e8me vague avec une progression rapide et pr\u00e9occupante de l&rsquo;\u00e9pid\u00e9mie. Nul n&rsquo;est \u00e9pargn\u00e9. La situation est grave en France et en Europe et continue \u00e0 se d\u00e9grader. Le nombre de cas a \u00e9t\u00e9 multipli\u00e9 en 15 jours. Nous allons \u00e9tendre les mesures de couvre feu \u00e0 38 d\u00e9partements et la Polyn\u00e9sie. 46 millions de personnes sont d\u00e9sormais concern\u00e9es par le couvre-feu en France.<\/strong><\/p>\n\n\n\n<p><strong>Il est trop t\u00f4t pour mesurer les effets du couvre-feu.&nbsp;En fonction des r\u00e9sultats obtenus, nous r\u00e9\u00e9valuerons le dispositif, pour \u00e9ventuellement le durcir, avec pour objectif absolu de sauver des vies et de prot\u00e9ger la sant\u00e9 de nos concitoyens.&nbsp;Je vous le dis tr\u00e8s clairement. Les semaines qui viennent seront dures, nos services hospitaliers seront mis \u00e0 rude \u00e9preuve et le nombre de morts va continuer d&rsquo;augmenter . Le mois de novembre sera \u00e9prouvant, nous le savons d\u00e9j\u00e0.\u00a0\u00bb<\/strong><\/p>\n\n\n\n<p><\/p>\n\n\n\n<p><\/p>\n","protected":false},"excerpt":{"rendered":"<p>41.622 nouveaux cas suppl\u00e9mentaires de Covid-19 ont \u00e9t\u00e9 recens\u00e9s en France au cours des derni\u00e8res 24 heures, selon Sant\u00e9 Publique France. Un nouveau record depuis le lancement des tests \u00e0 grande \u00e9chelle. Cela porte le nombre total \u00e0 ce jour \u00e0 999.043 cas confirm\u00e9s depuis le d\u00e9but de la pand\u00e9mie. Le taux de positivit\u00e9 des [&hellip;]<\/p>\n","protected":false},"author":2,"featured_media":16769,"comment_status":"open","ping_status":"open","sticky":false,"template":"","format":"standard","meta":{"_jetpack_memberships_contains_paid_content":false,"footnotes":"","jetpack_publicize_message":"","jetpack_publicize_feature_enabled":true,"jetpack_social_post_already_shared":true,"jetpack_social_options":{"image_generator_settings":{"template":"highway","default_image_id":0,"font":"","enabled":false},"version":2},"_wpas_customize_per_network":false},"categories":[405],"tags":[],"class_list":["post-16768","post","type-post","status-publish","format-standard","has-post-thumbnail","hentry","category-actu-france-monde"],"jetpack_publicize_connections":[],"jetpack_featured_media_url":"https:\/\/i0.wp.com\/www.iceagetv.com\/radiosite\/wp-content\/uploads\/2020\/10\/La-situation-est-grave-en-France-et-Europe.png?fit=612%2C276&ssl=1","jetpack_sharing_enabled":true,"_links":{"self":[{"href":"https:\/\/www.iceagetv.com\/radiosite\/wp-json\/wp\/v2\/posts\/16768","targetHints":{"allow":["GET"]}}],"collection":[{"href":"https:\/\/www.iceagetv.com\/radiosite\/wp-json\/wp\/v2\/posts"}],"about":[{"href":"https:\/\/www.iceagetv.com\/radiosite\/wp-json\/wp\/v2\/types\/post"}],"author":[{"embeddable":true,"href":"https:\/\/www.iceagetv.com\/radiosite\/wp-json\/wp\/v2\/users\/2"}],"replies":[{"embeddable":true,"href":"https:\/\/www.iceagetv.com\/radiosite\/wp-json\/wp\/v2\/comments?post=16768"}],"version-history":[{"count":1,"href":"https:\/\/www.iceagetv.com\/radiosite\/wp-json\/wp\/v2\/posts\/16768\/revisions"}],"predecessor-version":[{"id":16770,"href":"https:\/\/www.iceagetv.com\/radiosite\/wp-json\/wp\/v2\/posts\/16768\/revisions\/16770"}],"wp:featuredmedia":[{"embeddable":true,"href":"https:\/\/www.iceagetv.com\/radiosite\/wp-json\/wp\/v2\/media\/16769"}],"wp:attachment":[{"href":"https:\/\/www.iceagetv.com\/radiosite\/wp-json\/wp\/v2\/media?parent=16768"}],"wp:term":[{"taxonomy":"category","embeddable":true,"href":"https:\/\/www.iceagetv.com\/radiosite\/wp-json\/wp\/v2\/categories?post=16768"},{"taxonomy":"post_tag","embeddable":true,"href":"https:\/\/www.iceagetv.com\/radiosite\/wp-json\/wp\/v2\/tags?post=16768"}],"curies":[{"name":"wp","href":"https:\/\/api.w.org\/{rel}","templated":true}]}}