{"id":16778,"date":"2020-10-24T05:44:04","date_gmt":"2020-10-24T05:44:04","guid":{"rendered":"http:\/\/www.iceagetv.com\/radiosite\/?p=16778"},"modified":"2020-10-24T05:44:04","modified_gmt":"2020-10-24T05:44:04","slug":"coronavirus-leurope-durcit-son-arsenal-de-restrictions-plus-de-10-000-morts-en-allemagne","status":"publish","type":"post","link":"https:\/\/www.iceagetv.com\/radiosite\/coronavirus-leurope-durcit-son-arsenal-de-restrictions-plus-de-10-000-morts-en-allemagne\/","title":{"rendered":"Coronavirus\u00a0: l\u2019Europe durcit son arsenal de restrictions, plus de 10\u00a0000\u00a0morts en Allemagne"},"content":{"rendered":"\n<p>Sur l\u2019ensemble du continent europ\u00e9en, le nombre des infections d\u00e9passe 8,2&nbsp;millions et plus de 258&nbsp;000&nbsp;personnes sont d\u00e9c\u00e9d\u00e9es du coronavirus.&nbsp;<\/p>\n\n\n\n<p>Plusieurs pays d\u2019Europe de l\u2019Est imposent samedi de nouvelles restrictions dans la foul\u00e9e du reste du continent, o\u00f9 l\u2019\u00e9pid\u00e9mie de Covid-19&nbsp;a d\u00e9sormais tu\u00e9 plus de 10&nbsp;000&nbsp;personnes en Allemagne&nbsp;<a href=\"https:\/\/www.sudouest.fr\/2020\/10\/23\/coronavirus-en-france-la-barre-du-million-de-cas-franchie-plus-de-40-000-en-24-heures-7998213-10861.php\">et en a contamin\u00e9 plus d\u2019un million en France.<\/a><\/p>\n\n\n\n<p>Les restrictions ont aussi provoqu\u00e9 des heurts en Italie, \u00e0 Naples, entre la police et des centaines de jeunes protestant contre le couvre-feu d\u00e9cr\u00e9t\u00e9 vendredi soir dans la r\u00e9gion de cette ville. \u00ab\u00a0Si tu fermes, tu payes\u00a0\u00bb, pouvait-on notamment lire sur des pancartes de manifestants inquiets des cons\u00e9quences \u00e9conomiques.<\/p>\n\n\n\n<p>L\u2019OMS a tir\u00e9 la sonnette d\u2019alarme&nbsp;: \u00ab\u00a0trop de pays\u00a0\u00bb dans l\u2019h\u00e9misph\u00e8re nord enregistrent une progression exponentielle des cas de Covid-19. R\u00e9sultat&nbsp;: h\u00f4pitaux et unit\u00e9s de soins intensifs sont proches ou ont d\u00e9pass\u00e9 leurs limites de capacit\u00e9, a pr\u00e9venu l\u2019organisation.<\/p>\n\n\n\n<h2 class=\"wp-block-heading\">Plus de 8&nbsp;millions d\u2019infections en Europe<\/h2>\n\n\n\n<p>Sur l\u2019ensemble du continent europ\u00e9en, le nombre des infections d\u00e9passe 8,2&nbsp;millions et plus de 258&nbsp;000&nbsp;personnes sont d\u00e9c\u00e9d\u00e9es du coronavirus. Dont quelque 10&nbsp;003&nbsp;en Allemagne, pays jusqu\u2019ici relativement \u00e9pargn\u00e9 par la pand\u00e9mie mais d\u00e9sormais frapp\u00e9 de plein fouet par le rebond \u00e9pid\u00e9mique.<\/p>\n\n\n\n<p>La pand\u00e9mie a fait au moins 1&nbsp;139&nbsp;406&nbsp;morts dans le monde depuis fin d\u00e9cembre, d\u2019apr\u00e8s un bilan \u00e9tabli par l\u2019AFP vendredi. Et un record de nouvelles contaminations, pr\u00e8s de 80&nbsp;000&nbsp;en 24&nbsp;heures, a \u00e9t\u00e9 enregistr\u00e9 par les \u00c9tats-Unis.<\/p>\n\n\n\n<p>La situation se d\u00e9grade en Europe de l\u2019Est&nbsp;: devant la flamb\u00e9e des contaminations sur son territoire, l\u2019ensemble de la Pologne passe samedi en \u00ab\u00a0zone rouge\u00a0\u00bb, une mesure qui ne concernait jusqu\u2019alors que les grandes villes et leurs alentours.<\/p>\n\n\n\n<p>Les restaurants et \u00e9coles primaires seront partiellement ferm\u00e9s, et les lyc\u00e9ens et \u00e9tudiants pratiqueront l\u2019enseignement \u00e0 distance. Les c\u00e9r\u00e9monies de mariage seront interdites et le nombre de personnes strictement restreint dans les commerces, les transports et les \u00e9glises.<\/p>\n\n\n\n<p>En Slovaquie voisine, un couvre-feu nocturne entre en vigueur samedi, jusqu\u2019au 1er novembre. Et en R\u00e9publique tch\u00e8que, autre pays limitrophe o\u00f9 le taux de contaminations et de d\u00e9c\u00e8s est le pire d\u2019Europe sur les deux derni\u00e8res semaines, un confinement partiel est d\u00e9j\u00e0 instaur\u00e9 jusqu\u2019au 3&nbsp;novembre. Un confinement partiel s\u2019applique aussi d\u00e8s samedi en Slov\u00e9nie, dont le ministre des Affaires \u00e9trang\u00e8res Anze Logar a \u00e9t\u00e9 test\u00e9 positif au coronavirus.<\/p>\n\n\n\n<p>Les deux principales villes de Gr\u00e8ce, Ath\u00e8nes et Thessalonique, seront soumises \u00e0 un couvre-feu nocturne \u00e0 partir de samedi, et le masque y devient obligatoire \u00e0 l\u2019int\u00e9rieur comme \u00e0 l\u2019ext\u00e9rieur.<\/p>\n\n\n\n<h2 class=\"wp-block-heading\">Situation pr\u00e9occupante en France<\/h2>\n\n\n\n<p>Sur le reste du continent, la situation est particuli\u00e8rement pr\u00e9occupante en France qui a pass\u00e9 vendredi la barre du million de cas de Covid-19&nbsp;depuis le d\u00e9but de l\u2019\u00e9pid\u00e9mie. La situation continue de se d\u00e9grader avec 42&nbsp;032&nbsp;nouveaux cas enregistr\u00e9s dans les derni\u00e8res 24&nbsp;heures, un nouveau record. Les autorit\u00e9s sanitaires craignent d\u00e9sormais une deuxi\u00e8me vague \u00ab\u00a0pire que la premi\u00e8re\u00a0\u00bb et ont dit envisager des reconfinements locaux.<\/p>\n\n\n\n<p>En Italie, \u00e0 Naples, le couvre-feu d\u00e9cr\u00e9t\u00e9 vendredi a suscit\u00e9 col\u00e8re et inqui\u00e9tude. \u00c0 son d\u00e9but, vers 23&nbsp;heures, plusieurs centaines de personnes ont allum\u00e9 des fumig\u00e8nes, incendi\u00e9 des poubelles et lanc\u00e9 des projectiles sur les policiers anti-\u00e9meute d\u00e9ploy\u00e9s dans le centre-ville.<\/p>\n\n\n\n<p>\u00ab\u00a0Si tu fermes, tu payes\u00a0\u00bb, pouvait-on lire sur des pancartes de fortune brandies par des manifestants inquiets des cons\u00e9quences \u00e9conomiques du couvre-feu et d\u2019un nouveau confinement que le pr\u00e9sident de la r\u00e9gion de Naples, Vincenzo De Luca, a annonc\u00e9 vouloir imposer d\u00e8s que possible. Outre la r\u00e9gion de Naples, des couvre-feux sont en vigueur en Italie dans le Latium, la r\u00e9gion de Rome, et en Lombardie, la r\u00e9gion de Milan (nord).<\/p>\n\n\n\n<p>En Espagne, qui a officiellement d\u00e9pass\u00e9 le seuil du million de cas de coronavirus, le chef du gouvernement Pedro Sanchez a estim\u00e9 vendredi que le nombre r\u00e9el \u00ab\u00a0d\u00e9passe les trois millions\u00a0\u00bb. Peu avant, plusieurs r\u00e9gions avaient annonc\u00e9 de nouveaux durcissements des restrictions, appelant le gouvernement central \u00e0 imposer le couvre-feu nocturne.<\/p>\n\n\n\n<p>En Belgique, les autorit\u00e9s des cinq provinces de la Wallonie, la partie francophone, ont d\u00e9cid\u00e9 vendredi de durcir les mesures d\u00e9cid\u00e9es au niveau f\u00e9d\u00e9ral et les maires des 19&nbsp;communes de Bruxelles d\u00e9cideront samedi s\u2019ils suivent le mouvement.<\/p>\n\n\n\n<h2 class=\"wp-block-heading\">Reprise des essais de vaccin&nbsp;<\/h2>\n\n\n\n<p>Au Royaume-Uni, le pays le plus endeuill\u00e9 d\u2019Europe avec plus de 44&nbsp;000&nbsp;morts, le Pays de Galles s\u2019est reconfin\u00e9 vendredi jusqu\u2019au 9&nbsp;novembre. L\u2019Irlande, elle, a reconfin\u00e9 toute sa population pour six semaines depuis mercredi minuit, fermant les commerces non essentiels.<\/p>\n\n\n\n<p>Et le Danemark a annonc\u00e9 un renforcement de ses mesures de restriction de rassemblements et l\u2019extension du port du masque d\u00e8s lundi.<\/p>\n\n\n\n<p>Du c\u00f4t\u00e9 de la recherche, deux essais de vaccins exp\u00e9rimentaux contre le Covid-19&nbsp;vont pouvoir reprendre aux \u00c9tats-Unis apr\u00e8s de fausses alertes apparentes, augmentant les chances d\u2019avoir un ou plusieurs vaccins autoris\u00e9s d\u2019ici le d\u00e9but de l\u2019ann\u00e9e 2021.<\/p>\n","protected":false},"excerpt":{"rendered":"<p>Sur l\u2019ensemble du continent europ\u00e9en, le nombre des infections d\u00e9passe 8,2&nbsp;millions et plus de 258&nbsp;000&nbsp;personnes sont d\u00e9c\u00e9d\u00e9es du coronavirus.&nbsp; Plusieurs pays d\u2019Europe de l\u2019Est imposent samedi de nouvelles restrictions dans la foul\u00e9e du reste du continent, o\u00f9 l\u2019\u00e9pid\u00e9mie de Covid-19&nbsp;a d\u00e9sormais tu\u00e9 plus de 10&nbsp;000&nbsp;personnes en Allemagne&nbsp;et en a contamin\u00e9 plus d\u2019un million en France. [&hellip;]<\/p>\n","protected":false},"author":2,"featured_media":0,"comment_status":"open","ping_status":"open","sticky":false,"template":"","format":"standard","meta":{"_jetpack_memberships_contains_paid_content":false,"footnotes":"","jetpack_publicize_message":"","jetpack_publicize_feature_enabled":true,"jetpack_social_post_already_shared":true,"jetpack_social_options":{"image_generator_settings":{"template":"highway","default_image_id":0,"font":"","enabled":false},"version":2},"_wpas_customize_per_network":false},"categories":[405],"tags":[],"class_list":["post-16778","post","type-post","status-publish","format-standard","hentry","category-actu-france-monde"],"jetpack_publicize_connections":[],"jetpack_featured_media_url":"","jetpack_sharing_enabled":true,"_links":{"self":[{"href":"https:\/\/www.iceagetv.com\/radiosite\/wp-json\/wp\/v2\/posts\/16778","targetHints":{"allow":["GET"]}}],"collection":[{"href":"https:\/\/www.iceagetv.com\/radiosite\/wp-json\/wp\/v2\/posts"}],"about":[{"href":"https:\/\/www.iceagetv.com\/radiosite\/wp-json\/wp\/v2\/types\/post"}],"author":[{"embeddable":true,"href":"https:\/\/www.iceagetv.com\/radiosite\/wp-json\/wp\/v2\/users\/2"}],"replies":[{"embeddable":true,"href":"https:\/\/www.iceagetv.com\/radiosite\/wp-json\/wp\/v2\/comments?post=16778"}],"version-history":[{"count":1,"href":"https:\/\/www.iceagetv.com\/radiosite\/wp-json\/wp\/v2\/posts\/16778\/revisions"}],"predecessor-version":[{"id":16779,"href":"https:\/\/www.iceagetv.com\/radiosite\/wp-json\/wp\/v2\/posts\/16778\/revisions\/16779"}],"wp:attachment":[{"href":"https:\/\/www.iceagetv.com\/radiosite\/wp-json\/wp\/v2\/media?parent=16778"}],"wp:term":[{"taxonomy":"category","embeddable":true,"href":"https:\/\/www.iceagetv.com\/radiosite\/wp-json\/wp\/v2\/categories?post=16778"},{"taxonomy":"post_tag","embeddable":true,"href":"https:\/\/www.iceagetv.com\/radiosite\/wp-json\/wp\/v2\/tags?post=16778"}],"curies":[{"name":"wp","href":"https:\/\/api.w.org\/{rel}","templated":true}]}}