{"id":16796,"date":"2020-10-26T19:23:47","date_gmt":"2020-10-26T19:23:47","guid":{"rendered":"http:\/\/www.iceagetv.com\/radiosite\/?p=16796"},"modified":"2020-10-26T19:23:47","modified_gmt":"2020-10-26T19:23:47","slug":"coronavirus-voici-les-3-scenarios-privilegies-par-emmanuel-macron-pour-les-prochains-jours-avec-plusieurs-options-avancer-le-couvre-feu-un-confinement-le-week-end-fermeture-des-ecoles-teletrava","status":"publish","type":"post","link":"https:\/\/www.iceagetv.com\/radiosite\/coronavirus-voici-les-3-scenarios-privilegies-par-emmanuel-macron-pour-les-prochains-jours-avec-plusieurs-options-avancer-le-couvre-feu-un-confinement-le-week-end-fermeture-des-ecoles-teletrava\/","title":{"rendered":"Coronavirus &#8211; Voici les 3 sc\u00e9narios privil\u00e9gi\u00e9s par Emmanuel Macron pour les prochains jours avec plusieurs options : Avancer le couvre-feu, un confinement le week-end, fermeture des \u00e9coles, t\u00e9l\u00e9travail obligatoire&#8230;"},"content":{"rendered":"\n<p> Le Royaume-Uni annonce ce soir 20.890 nouveaux cas de contamination au coronavirus en 24 heures, ainsi que 102 nouveaux d\u00e9c\u00e8s.  <strong>Le pr\u00e9sident du groupe LREM \u00e0 l&rsquo;Assembl\u00e9e et ex-ministre de l&rsquo;Int\u00e9rieur Christophe Castaner test\u00e9 positif<\/strong>\u00a0au Covid-19. Ils se trouve actuellement \u00ab\u00a0\u00e0 l&rsquo;isolement\u00a0\u00bb, selon des sources parlementaires cit\u00e9es par l&rsquo;AFP. <\/p>\n\n\n\n<p>Face \u00e0 la d\u00e9gradation de la situation sanitaire, Emmanuel Macron et Jean Castex ont d\u00e9cid\u00e9 de durcir le dispositif en place lors d&rsquo;un d\u00e9jeuner ce lundi. Ils officialiseront leurs d\u00e9cisions \u00e0 l&rsquo;issue de deux Conseils de d\u00e9fense, pr\u00e9vus mardi et mercredi. Et selon&nbsp;<a href=\"https:\/\/www.lefigaro.fr\/politique\/coronavirus-couvre-feu-etendu-reconfinements-partiels-ou-locaux-les-trois-scenarios-de-l-executif-face-a-la-deuxieme-vague-20201026\" target=\"_blank\" rel=\"noreferrer noopener\">Le Figaro<\/a>,&nbsp;trois hypoth\u00e8ses sont sur la table:&nbsp;<\/p>\n\n\n\n<p>.<\/p>\n\n\n\n<p><strong>1) Couvre-feu \u00e0 19H en semaine et confinement le week-end<\/strong><\/p>\n\n\n\n<p><strong>2) Avancer le couvre-feu et fermer lieux recevant du public dont universit\u00e9s dans les zones d&rsquo;alerte maximale<\/strong><\/p>\n\n\n\n<p><strong>3) Reconfinements locaux de 2 \u00e0 4 semaines<\/strong><\/p>\n\n\n\n<p> <strong>Le pr\u00e9sident de la R\u00e9publique r\u00e9unira un conseil restreint de d\u00e9fense demain matin et un mercredi , pour \u00e9voquer la situation sanitaire annonce l&rsquo;Elys\u00e9e.\u00a0<\/strong>A l&rsquo;issue de ce conseil de d\u00e9fense, le Premier ministre consultera les forces politiques \u00e0 17h30 (pr\u00e9sidents des deux chambres, les chefs de partis, les pr\u00e9sidents des groupes parlementaires et les pr\u00e9sidents des principales associations d\u2019\u00e9lus), puis les partenaires sociaux \u00e0 19h30. <\/p>\n\n\n\n<p>L&rsquo;Agence r\u00e9gionale de Sant\u00e9 (ARS) du Grand Est a annonc\u00e9 lundi avoir demand\u00e9 \u00e0 tous les \u00e9tablissement de sant\u00e9 de d\u00e9clencher le \u00ab\u00a0plan blanc\u00a0\u00bb pour \u00ab\u00a0faire face au rebond \u00e9pid\u00e9mique significatif\u00a0\u00bb.<\/p>\n\n\n\n<p>Cette demande, adress\u00e9e vendredi aux \u00e9tablissements, est justifi\u00e9e par la \u00ab\u00a0situation sanitaire exceptionnelle\u00a0\u00bb, souligne l&rsquo;ARS dans un communiqu\u00e9.<\/p>\n\n\n\n<p>Le plan blanc avait d\u00e9j\u00e0 \u00e9t\u00e9 activ\u00e9 au niveau r\u00e9gional par l&rsquo;ARS d&rsquo;Ile-de-France. Il a \u00e9galement \u00e9t\u00e9 activ\u00e9 de mani\u00e8re plus localis\u00e9e \u00e0 Lille, Lyon, Grenoble ou Saint-Etienne.<\/p>\n\n\n\n<p>Selon les donn\u00e9es de Sant\u00e9 Publique France, le taux d&rsquo;incidence hebdomadaire au 22 octobre s&rsquo;\u00e9levait \u00e0 465,9 cas pour 100.000 habitants dans la m\u00e9tropole strasbourgeoise, soit un chiffre sup\u00e9rieur \u00e0 celui de la m\u00e9tropole du Grand Paris (444,8) ou de Marseille (465,5).<\/p>\n\n\n\n<p>Les chiffres enregistr\u00e9s pour les agglom\u00e9rations de Metz (337,5) et Nancy (297) sont \u00e9galement sup\u00e9rieurs au seuil d&rsquo;alerte maximale, fix\u00e9 \u00e0 250 pour 100.000 habitants.<\/p>\n\n\n\n<p>La Catalogne, dans le nord-est de l\u2019Espagne, a indiqu\u00e9 r\u00e9fl\u00e9chir \u00e0 un \u00e9ventuel confinement de la population \u00e0 domicile le week-end tandis que la r\u00e9gion voisine d\u2019Aragon a d\u00e9cid\u00e9 de boucler son territoire, dans un pays d\u00e9j\u00e0 sous le coup d\u2019un couvre-feu nocturne.<\/p>\n\n\n\n<p>\u00ab&nbsp;C\u2019est un sc\u00e9nario qui est sur la table, puisque c\u2019est pendant les week-ends qu\u2019il y a le plus d\u2019interactions sociales&nbsp;\u00bb, a d\u00e9clar\u00e9 la porte-parole du gouvernement r\u00e9gional de Catalogne Meritxell Budo, sur la radio publique catalane.<\/p>\n\n\n\n<p>\u00ab&nbsp;Nous devons \u00e9viter le confinement total comme au mois de mars, \u00e0 moins que cela ne devienne absolument n\u00e9cessaire et que cela soit la seule option. Nous devons donc envisager d\u2019autres sc\u00e9narii et l\u2019un d\u2019entre eux serait celui-ci&nbsp;\u00bb, a-t-elle ajout\u00e9.<\/p>\n\n\n\n<p>La r\u00e9gion voisine d\u2019Aragon, peupl\u00e9e de 1,3 million de personnes, a quant \u00e0 elle annonc\u00e9 lundi son bouclage partiel \u00e0 partir de mardi. Les entr\u00e9es ou sorties de son territoire ne seront donc autoris\u00e9es que pour des raisons \u00ab&nbsp;justifi\u00e9es&nbsp;\u00bb (comme aller travailler ou se faire soigner par exemple), a-t-elle indiqu\u00e9 sur son compte Twitter.<\/p>\n\n\n\n<p>Dans le nord-ouest du pays, la r\u00e9gion des Asturies doit, elle, d\u00e9cider lundi apr\u00e8s-midi si elle adopte une mesure similaire.<\/p>\n\n\n\n<p>Un bouclage est d\u00e9j\u00e0 en vigueur dans les r\u00e9gions de Navarre ou de la Rioja (nord) mais aussi dans de nombreuses villes comme Saragosse en Aragon ou Salamanque en Castille-et-L\u00e9on.<\/p>\n\n\n\n<p>La capitale du pays, Madrid, et huit communes de sa p\u00e9riph\u00e9rie ont \u00e9t\u00e9 \u00e9galement soumises depuis d\u00e9but octobre et jusqu\u2019\u00e0 samedi \u00e0 un tel bouclage, qui avait donn\u00e9 lieu \u00e0 un bras de fer entre autorit\u00e9s r\u00e9gionales et gouvernement central.<\/p>\n\n\n\n<p><\/p>\n\n\n\n<p><\/p>\n","protected":false},"excerpt":{"rendered":"<p>Le Royaume-Uni annonce ce soir 20.890 nouveaux cas de contamination au coronavirus en 24 heures, ainsi que 102 nouveaux d\u00e9c\u00e8s. Le pr\u00e9sident du groupe LREM \u00e0 l&rsquo;Assembl\u00e9e et ex-ministre de l&rsquo;Int\u00e9rieur Christophe Castaner test\u00e9 positif\u00a0au Covid-19. Ils se trouve actuellement \u00ab\u00a0\u00e0 l&rsquo;isolement\u00a0\u00bb, selon des sources parlementaires cit\u00e9es par l&rsquo;AFP. Face \u00e0 la d\u00e9gradation de la [&hellip;]<\/p>\n","protected":false},"author":2,"featured_media":16797,"comment_status":"open","ping_status":"open","sticky":false,"template":"","format":"standard","meta":{"_jetpack_memberships_contains_paid_content":false,"footnotes":"","jetpack_publicize_message":"","jetpack_publicize_feature_enabled":true,"jetpack_social_post_already_shared":true,"jetpack_social_options":{"image_generator_settings":{"template":"highway","default_image_id":0,"font":"","enabled":false},"version":2},"_wpas_customize_per_network":false},"categories":[405],"tags":[2827,2826,2828],"class_list":["post-16796","post","type-post","status-publish","format-standard","has-post-thumbnail","hentry","category-actu-france-monde","tag-fermeture-des-ecoles","tag-un-confinement-le-week-end","tag-voici-les-3-scenarios-privilegies-par-emmanuel-macron-pour-les-prochains-jours-avec-plusieurs-options-avancer-le-couvre-feu"],"jetpack_publicize_connections":[],"jetpack_featured_media_url":"https:\/\/i0.wp.com\/www.iceagetv.com\/radiosite\/wp-content\/uploads\/2020\/10\/Voici-les-3-sc%C3%A9narios-privil%C3%A9gi%C3%A9s-par-Emmanuel-Macron.png?fit=879%2C371&ssl=1","jetpack_sharing_enabled":true,"_links":{"self":[{"href":"https:\/\/www.iceagetv.com\/radiosite\/wp-json\/wp\/v2\/posts\/16796","targetHints":{"allow":["GET"]}}],"collection":[{"href":"https:\/\/www.iceagetv.com\/radiosite\/wp-json\/wp\/v2\/posts"}],"about":[{"href":"https:\/\/www.iceagetv.com\/radiosite\/wp-json\/wp\/v2\/types\/post"}],"author":[{"embeddable":true,"href":"https:\/\/www.iceagetv.com\/radiosite\/wp-json\/wp\/v2\/users\/2"}],"replies":[{"embeddable":true,"href":"https:\/\/www.iceagetv.com\/radiosite\/wp-json\/wp\/v2\/comments?post=16796"}],"version-history":[{"count":1,"href":"https:\/\/www.iceagetv.com\/radiosite\/wp-json\/wp\/v2\/posts\/16796\/revisions"}],"predecessor-version":[{"id":16798,"href":"https:\/\/www.iceagetv.com\/radiosite\/wp-json\/wp\/v2\/posts\/16796\/revisions\/16798"}],"wp:featuredmedia":[{"embeddable":true,"href":"https:\/\/www.iceagetv.com\/radiosite\/wp-json\/wp\/v2\/media\/16797"}],"wp:attachment":[{"href":"https:\/\/www.iceagetv.com\/radiosite\/wp-json\/wp\/v2\/media?parent=16796"}],"wp:term":[{"taxonomy":"category","embeddable":true,"href":"https:\/\/www.iceagetv.com\/radiosite\/wp-json\/wp\/v2\/categories?post=16796"},{"taxonomy":"post_tag","embeddable":true,"href":"https:\/\/www.iceagetv.com\/radiosite\/wp-json\/wp\/v2\/tags?post=16796"}],"curies":[{"name":"wp","href":"https:\/\/api.w.org\/{rel}","templated":true}]}}