{"id":16800,"date":"2020-10-26T19:31:51","date_gmt":"2020-10-26T19:31:51","guid":{"rendered":"http:\/\/www.iceagetv.com\/radiosite\/?p=16800"},"modified":"2020-10-26T19:31:51","modified_gmt":"2020-10-26T19:31:51","slug":"le-proces-en-appel-de-bernard-tapie-pour-escroquerie-dans-laffaire-de-larbitrage-controverse-de-2008-renvoye-en-mai-2021-en-raison-de-letat-de-sante-de-lhomme-daffaires","status":"publish","type":"post","link":"https:\/\/www.iceagetv.com\/radiosite\/le-proces-en-appel-de-bernard-tapie-pour-escroquerie-dans-laffaire-de-larbitrage-controverse-de-2008-renvoye-en-mai-2021-en-raison-de-letat-de-sante-de-lhomme-daffaires\/","title":{"rendered":"Le proc\u00e8s en appel de Bernard Tapie pour \u00ab\u00a0escroquerie\u00a0\u00bb dans l&rsquo;affaire de l&rsquo;arbitrage controvers\u00e9 de 2008 renvoy\u00e9 en mai 2021, en raison de l&rsquo;\u00e9tat de sant\u00e9 de l&rsquo;homme d&rsquo;affaires"},"content":{"rendered":"\n<p>Le proc\u00e8s en appel de Bernard Tapie pour \u00ab\u00a0escroquerie\u00a0\u00bb dans l&rsquo;affaire de l&rsquo;arbitrage controvers\u00e9 de 2008 a \u00e9t\u00e9 renvoy\u00e9 lundi au mois de mai 2021, en raison de l&rsquo;\u00e9tat de sant\u00e9 de l&rsquo;homme d&rsquo;affaires. La cour d&rsquo;appel de Paris a ordonn\u00e9 que le proc\u00e8s de l&rsquo;ancien ministre et de ses cinq co-pr\u00e9venus, dont le PDG d&rsquo;Orange St\u00e9phane Richard, soit r\u00e9examin\u00e9 \u00e0 partir du 10 mai, pour quinze journ\u00e9es d&rsquo;audiences.<\/p>\n\n\n\n<p>Cette d\u00e9cision fait suite \u00e0 une demande de renvoi formul\u00e9e par la d\u00e9fense de M. Tapie, qui souffre \u00e0 77 ans d&rsquo;un double cancer de l&rsquo;estomac et de l&rsquo;oesophage, et dont la maladie a r\u00e9cemment \u00ab\u00a0tr\u00e8s gravement progress\u00e9\u00a0\u00bb. La cour avait d\u00e9cid\u00e9 mardi de suspendre les d\u00e9bats, dans l&rsquo;attente d&rsquo;une expertise m\u00e9dicale sur l&rsquo;\u00e9tat de sant\u00e9 du patron du groupe de m\u00e9dias La Provence.<\/p>\n\n\n\n<p>Cette expertise a conclu \u00e0 \u00ab\u00a0une alt\u00e9ration\u00a0\u00bb de l'\u00a0\u00bb\u00e9tat g\u00e9n\u00e9ral\u00a0\u00bb de Bernard Tapie et \u00e0 une incompatibilit\u00e9 avec une comparution devant ses juges. L&rsquo;expert a \u00e9galement estim\u00e9 que les nouveaux traitements m\u00e9dicaux entrepris par l&rsquo;ex-patron de l&rsquo;Olympique de Marseille peuvent laisser entrevoir une am\u00e9lioration sensible de son \u00e9tat, mais \u00ab\u00a0pas avant cinq mois\u00a0\u00bb, a indiqu\u00e9 la pr\u00e9sidente de la cour Sophie Cl\u00e9ment. Une audience, fix\u00e9e au 29 mars 2021, doit permettre de faire un point sur l&rsquo;\u00e9tat de sant\u00e9 de l&rsquo;homme d&rsquo;affaires, avant la reprise des d\u00e9bats en mai.<\/p>\n\n\n\n<p>Bernard Tapie avait fait savoir qu&rsquo;il ne voulait pas \u00eatre repr\u00e9sent\u00e9 par ses avocats en son absence. \u00ab\u00a0M. Tapie a tout fait pour pouvoir participer \u00e0 cette audience, qui est et reste d\u00e9cisive pour lui. Malheureusement, son \u00e9tat de sant\u00e9 ne lui a pas permis de pouvoir aller plus loin\u00a0\u00bb, a r\u00e9agi aupr\u00e8s de l&rsquo;AFP l&rsquo;un de ses d\u00e9fenseurs, Me Herv\u00e9 Temime.<\/p>\n\n\n\n<p>L&rsquo;ancien ministre \u00e9tait apparu tr\u00e8s affaibli \u00e0 l&rsquo;ouverture de son proc\u00e8s en appel le 12 octobre, quinze mois apr\u00e8s sa retentissante relaxe au p\u00e9nal dans ce dossier. L&rsquo;arbitrage qui lui avait octroy\u00e9 403 millions d&rsquo;euros en 2008 pour solder son vieux litige avec le Cr\u00e9dit Lyonnais lors de la revente d&rsquo;Adidas a d\u00e9finitivement \u00e9t\u00e9 annul\u00e9 au civil pour \u00ab\u00a0fraude\u00a0\u00bb et M. Tapie a \u00e9t\u00e9 condamn\u00e9 \u00e0 restituer les millions per\u00e7us.<\/p>\n","protected":false},"excerpt":{"rendered":"<p>Le proc\u00e8s en appel de Bernard Tapie pour \u00ab\u00a0escroquerie\u00a0\u00bb dans l&rsquo;affaire de l&rsquo;arbitrage controvers\u00e9 de 2008 a \u00e9t\u00e9 renvoy\u00e9 lundi au mois de mai 2021, en raison de l&rsquo;\u00e9tat de sant\u00e9 de l&rsquo;homme d&rsquo;affaires. La cour d&rsquo;appel de Paris a ordonn\u00e9 que le proc\u00e8s de l&rsquo;ancien ministre et de ses cinq co-pr\u00e9venus, dont le PDG [&hellip;]<\/p>\n","protected":false},"author":2,"featured_media":16801,"comment_status":"open","ping_status":"open","sticky":false,"template":"","format":"standard","meta":{"_jetpack_memberships_contains_paid_content":false,"footnotes":"","jetpack_publicize_message":"","jetpack_publicize_feature_enabled":true,"jetpack_social_post_already_shared":true,"jetpack_social_options":{"image_generator_settings":{"template":"highway","default_image_id":0,"font":"","enabled":false},"version":2},"_wpas_customize_per_network":false},"categories":[405],"tags":[],"class_list":["post-16800","post","type-post","status-publish","format-standard","has-post-thumbnail","hentry","category-actu-france-monde"],"jetpack_publicize_connections":[],"jetpack_featured_media_url":"https:\/\/i0.wp.com\/www.iceagetv.com\/radiosite\/wp-content\/uploads\/2020\/10\/Le-proc%C3%A8s-en-appel-de-Bernard-Tapie.png?fit=622%2C272&ssl=1","jetpack_sharing_enabled":true,"_links":{"self":[{"href":"https:\/\/www.iceagetv.com\/radiosite\/wp-json\/wp\/v2\/posts\/16800","targetHints":{"allow":["GET"]}}],"collection":[{"href":"https:\/\/www.iceagetv.com\/radiosite\/wp-json\/wp\/v2\/posts"}],"about":[{"href":"https:\/\/www.iceagetv.com\/radiosite\/wp-json\/wp\/v2\/types\/post"}],"author":[{"embeddable":true,"href":"https:\/\/www.iceagetv.com\/radiosite\/wp-json\/wp\/v2\/users\/2"}],"replies":[{"embeddable":true,"href":"https:\/\/www.iceagetv.com\/radiosite\/wp-json\/wp\/v2\/comments?post=16800"}],"version-history":[{"count":1,"href":"https:\/\/www.iceagetv.com\/radiosite\/wp-json\/wp\/v2\/posts\/16800\/revisions"}],"predecessor-version":[{"id":16802,"href":"https:\/\/www.iceagetv.com\/radiosite\/wp-json\/wp\/v2\/posts\/16800\/revisions\/16802"}],"wp:featuredmedia":[{"embeddable":true,"href":"https:\/\/www.iceagetv.com\/radiosite\/wp-json\/wp\/v2\/media\/16801"}],"wp:attachment":[{"href":"https:\/\/www.iceagetv.com\/radiosite\/wp-json\/wp\/v2\/media?parent=16800"}],"wp:term":[{"taxonomy":"category","embeddable":true,"href":"https:\/\/www.iceagetv.com\/radiosite\/wp-json\/wp\/v2\/categories?post=16800"},{"taxonomy":"post_tag","embeddable":true,"href":"https:\/\/www.iceagetv.com\/radiosite\/wp-json\/wp\/v2\/tags?post=16800"}],"curies":[{"name":"wp","href":"https:\/\/api.w.org\/{rel}","templated":true}]}}