{"id":16804,"date":"2020-10-26T19:55:23","date_gmt":"2020-10-26T19:55:23","guid":{"rendered":"http:\/\/www.iceagetv.com\/radiosite\/?p=16804"},"modified":"2020-10-26T19:55:23","modified_gmt":"2020-10-26T19:55:23","slug":"recep-tayyip-erdogan-appelle-au-boycottage-des-produits-francais","status":"publish","type":"post","link":"https:\/\/www.iceagetv.com\/radiosite\/recep-tayyip-erdogan-appelle-au-boycottage-des-produits-francais\/","title":{"rendered":"Recep Tayyip Erdogan appelle au boycottage des produits fran\u00e7ais"},"content":{"rendered":"\n<p>Le pr\u00e9sident turc, Recep Tayyip Erdogan, n\u2019en finit pas de multiplier ses attaques \u00e0 l\u2019encontre d\u2019Emmanuel Macron. Lundi 26 octobre, il a appel\u00e9 au boycottage des produits fran\u00e7ais, ajoutant une pierre aux critiques contre le chef de l\u2019Etat fran\u00e7ais au Moyen-Orient apr\u00e8s de r\u00e9cents propos d\u00e9fendant la libert\u00e9 d\u2019expression, et par cons\u00e9quent la libert\u00e9 de caricaturer le proph\u00e8te Mahomet.<\/p>\n\n\n\n<p>\u00ab Tout comme en France certains disent \u201cn\u2019achetez pas les marques turques\u201d, je m\u2019adresse d\u2019ici \u00e0 ma nation : surtout ne pr\u00eatez pas attention aux marques fran\u00e7aises, ne les achetez pas \u00bb, a d\u00e9clar\u00e9 M. Erdogan dans un discours \u00e0 Ankara. \u00ab Une campagne de lynchage semblable \u00e0 celle qui a \u00e9t\u00e9 conduite contre les juifs d\u2019Europe avant la deuxi\u00e8me guerre mondiale est en train d\u2019\u00eatre men\u00e9e contre les musulmans \u00bb, a-t-il ajout\u00e9, accusant certains dirigeants europ\u00e9ens de \u00ab fascisme \u00bb et de \u00ab nazisme \u00bb.<\/p>\n\n\n\n<p>Par deux fois ce week-end, le pr\u00e9sident turc a mis en cause la \u00ab sant\u00e9 mentale \u00bb de M. Macron, d\u00e9non\u00e7ant ses positions \u00e0 l\u2019\u00e9gard des musulmans. Le discours du pr\u00e9sident fran\u00e7ais lors de l\u2019hommage national \u00e0 Samuel Paty, le professeur d\u00e9capit\u00e9 dans un attentat islamiste le 16 octobre pour avoir montr\u00e9 des caricatures du proph\u00e8te Mahomet en classe, avait notamment suscit\u00e9 sa col\u00e8re. M. Macron avait promis que la France continuerait de d\u00e9fendre les caricatures.<\/p>\n\n\n\n<p>La Turquie a, par ailleurs, fini par condamner \u00ab vigoureusement \u00bb lundi, par la voix du porte-parole de la pr\u00e9sidence, \u00ab l\u2019assassinat monstrueux \u00bb de M. Paty. \u00ab Nous rejetons cette barbarie. Cet assassinat ne peut aucunement \u00eatre justifi\u00e9 \u00bb, a \u00e9crit sur Twitter Ibrahim Kalin.<\/p>\n\n\n\n<p>Dimanche, le chef de la diplomatie europ\u00e9enne, Josep Borrell, et le premier ministre grec, Kyriakos Mitsotakis, avaient \u00e9galement manifest\u00e9 leur soutien au pr\u00e9sident fran\u00e7ais.<\/p>\n\n\n\n<p>D\u00e8s samedi soir, des produits fran\u00e7ais ont \u00e9t\u00e9 retir\u00e9s des rayons de supermarch\u00e9s \u00e0 Doha, la capitale qatarie. En Jordanie, des vid\u00e9os sur les r\u00e9seaux sociaux montraient des rayons de supermarch\u00e9s vid\u00e9s de leurs produits fran\u00e7ais ou remplac\u00e9s par ceux d\u2019autres pays. Les vid\u00e9os \u00e9taient accompagn\u00e9es de hashtags #FranceBoycott ou #OurProphetIsARedLine (\u00ab&nbsp;Notre proph\u00e8te est une ligne rouge&nbsp;\u00bb).<\/p>\n\n\n\n<p>Khalil Haj Tawfeeq, le chef de la chambre de commerce d\u2019Amman, la capitale jordanienne, a \u00e9crit \u00e0 l\u2019ambassadeur de France en Jordanie pour que M.&nbsp;Macron s\u2019excuse imm\u00e9diatement.<\/p>\n\n\n\n<p>Des appels \u00e0 manifester ont \u00e9t\u00e9 lanc\u00e9s pour lundi dans la bande de Gaza et mardi \u00e0 Amman. Ce week-end, plusieurs rassemblements ont eu lieu, en Tunisie ou dans certaines r\u00e9gions de Syrie, m\u00eame s\u2019ils n\u2019ont r\u00e9uni que quelques dizaines de personnes.<\/p>\n\n\n\n<p>Lundi, le ministre iranien des affaires \u00e9trang\u00e8res Mohammad Javad Zarif a accus\u00e9 la France\u00a0<em>\u00ab\u00a0d\u2019alimenter l\u2019extr\u00e9misme\u00a0\u00bb<\/em>.\u00a0<em>\u00ab\u00a0Insulter 1,9\u00a0milliard de musulmans \u2013 et leurs \u00e9l\u00e9ments sacr\u00e9s \u2013 \u00e0 cause des crimes horribles de tels extr\u00e9mistes est un abus opportuniste de la libert\u00e9 d\u2019expression\u00a0\u00bb<\/em>, a tweet\u00e9 le chef de la diplomatie iranienne. Selon lui,\u00a0<em>\u00ab\u00a0les musulmans sont les premi\u00e8res victimes du \u201cculte de la haine\u201d cautionn\u00e9 par les r\u00e9gimes colonialistes et diffus\u00e9 par leurs affili\u00e9s\u00a0\u00bb<\/em>.<\/p>\n\n\n\n<p><em>Il n\u2019est pas question de c\u00e9der au chantage&nbsp;\u00bb<\/em>, a d\u00e9nonc\u00e9 Geoffroy Roux de B\u00e9zieux, le pr\u00e9sident du Mouvement des entreprises de France (Medef), appelant les entreprises fran\u00e7aises \u00e0 faire passer leurs&nbsp;<em>\u00ab&nbsp;principes&nbsp;\u00bb<\/em>&nbsp;avant les affaires. Les entreprises de l\u2019agroalimentaire, du luxe et des cosm\u00e9tiques pourraient \u00eatre particuli\u00e8rement touch\u00e9es par ce boycottage dans les pays du Maghreb, du Proche et du Moyen-Orient.<\/p>\n\n\n\n<p>Mohammed Moussaoui, le pr\u00e9sident du Conseil fran\u00e7ais du culte musulman (CFCM), a, de son c\u00f4t\u00e9, appel\u00e9 les musulmans de France \u00e0&nbsp;<em>\u00ab&nbsp;d\u00e9fendre l\u2019int\u00e9r\u00eat&nbsp;\u00bb<\/em>&nbsp;du pays face \u00e0 cette campagne de boycottage, qu\u2019il consid\u00e8re comme&nbsp;<em>\u00ab&nbsp;contre-productive&nbsp;\u00bb<\/em>&nbsp;et cr\u00e9ant de la&nbsp;<em>\u00ab&nbsp;division&nbsp;\u00bb<\/em>.<\/p>\n\n\n\n<p><em>\u00ab&nbsp;La France est un grand pays, les citoyens musulmans ne sont pas pers\u00e9cut\u00e9s, ils construisent librement leurs mosqu\u00e9es et pratiquent librement leur culte.&nbsp;\u00bb<\/em><\/p>\n\n\n\n<p>Au sujet des caricatures, le pr\u00e9sident du CFCM souligne que la loi&nbsp;<em>\u00ab&nbsp;n\u2019oblige pas \u00e0 aimer ces caricatures, elle leur donne m\u00eame le droit de les d\u00e9tester&nbsp;\u00bb<\/em>, mais soutient la position de M.&nbsp;Macron qui, selon lui,&nbsp;<em>\u00ab&nbsp;appelle \u00e0 ne pas renoncer \u00e0 la caricature, toutes les caricatures, sous la pression des terroristes&nbsp;\u00bb<\/em>.<\/p>\n\n\n\n<p>Plusieurs dizaines de petits sites Internet fran\u00e7ais ont, par ailleurs, \u00e9t\u00e9 touch\u00e9s par une vague de piratages informatiques consistant \u00e0 leur faire afficher des messages de propagande islamiste, a constat\u00e9 lundi l\u2019Agence France-Presse (AFP). Des messages tels que&nbsp;<em>\u00ab&nbsp;Victoire pour Mohammed, victoire pour l\u2019islam et mort \u00e0 la France&nbsp;\u00bb<\/em>&nbsp;et un montage repr\u00e9sentant M.&nbsp;Macron repr\u00e9sent\u00e9 en cochon \u00e9taient affich\u00e9s \u00e0 la place de la page d\u2019accueil de sites d\u2019associations de retrait\u00e9s, de commerces ou de petites mairies.<\/p>\n\n\n\n<p><\/p>\n\n\n\n<p><\/p>\n","protected":false},"excerpt":{"rendered":"<p>Le pr\u00e9sident turc, Recep Tayyip Erdogan, n\u2019en finit pas de multiplier ses attaques \u00e0 l\u2019encontre d\u2019Emmanuel Macron. Lundi 26 octobre, il a appel\u00e9 au boycottage des produits fran\u00e7ais, ajoutant une pierre aux critiques contre le chef de l\u2019Etat fran\u00e7ais au Moyen-Orient apr\u00e8s de r\u00e9cents propos d\u00e9fendant la libert\u00e9 d\u2019expression, et par cons\u00e9quent la libert\u00e9 de [&hellip;]<\/p>\n","protected":false},"author":2,"featured_media":16805,"comment_status":"open","ping_status":"open","sticky":false,"template":"","format":"standard","meta":{"_jetpack_memberships_contains_paid_content":false,"footnotes":"","jetpack_publicize_message":"","jetpack_publicize_feature_enabled":true,"jetpack_social_post_already_shared":true,"jetpack_social_options":{"image_generator_settings":{"template":"highway","default_image_id":0,"font":"","enabled":false},"version":2},"_wpas_customize_per_network":false},"categories":[405],"tags":[],"class_list":["post-16804","post","type-post","status-publish","format-standard","has-post-thumbnail","hentry","category-actu-france-monde"],"jetpack_publicize_connections":[],"jetpack_featured_media_url":"https:\/\/i0.wp.com\/www.iceagetv.com\/radiosite\/wp-content\/uploads\/2020\/10\/Recep-Tayyip-Erdogan.png?fit=570%2C370&ssl=1","jetpack_sharing_enabled":true,"_links":{"self":[{"href":"https:\/\/www.iceagetv.com\/radiosite\/wp-json\/wp\/v2\/posts\/16804","targetHints":{"allow":["GET"]}}],"collection":[{"href":"https:\/\/www.iceagetv.com\/radiosite\/wp-json\/wp\/v2\/posts"}],"about":[{"href":"https:\/\/www.iceagetv.com\/radiosite\/wp-json\/wp\/v2\/types\/post"}],"author":[{"embeddable":true,"href":"https:\/\/www.iceagetv.com\/radiosite\/wp-json\/wp\/v2\/users\/2"}],"replies":[{"embeddable":true,"href":"https:\/\/www.iceagetv.com\/radiosite\/wp-json\/wp\/v2\/comments?post=16804"}],"version-history":[{"count":1,"href":"https:\/\/www.iceagetv.com\/radiosite\/wp-json\/wp\/v2\/posts\/16804\/revisions"}],"predecessor-version":[{"id":16806,"href":"https:\/\/www.iceagetv.com\/radiosite\/wp-json\/wp\/v2\/posts\/16804\/revisions\/16806"}],"wp:featuredmedia":[{"embeddable":true,"href":"https:\/\/www.iceagetv.com\/radiosite\/wp-json\/wp\/v2\/media\/16805"}],"wp:attachment":[{"href":"https:\/\/www.iceagetv.com\/radiosite\/wp-json\/wp\/v2\/media?parent=16804"}],"wp:term":[{"taxonomy":"category","embeddable":true,"href":"https:\/\/www.iceagetv.com\/radiosite\/wp-json\/wp\/v2\/categories?post=16804"},{"taxonomy":"post_tag","embeddable":true,"href":"https:\/\/www.iceagetv.com\/radiosite\/wp-json\/wp\/v2\/tags?post=16804"}],"curies":[{"name":"wp","href":"https:\/\/api.w.org\/{rel}","templated":true}]}}