{"id":16807,"date":"2020-10-28T20:05:07","date_gmt":"2020-10-28T20:05:07","guid":{"rendered":"http:\/\/www.iceagetv.com\/radiosite\/?p=16807"},"modified":"2020-10-28T20:05:07","modified_gmt":"2020-10-28T20:05:07","slug":"coronavirus-emmanuel-macron-annonce-un-confinement-national-des-jeudi-soir-et-jusquau-1er-decembre","status":"publish","type":"post","link":"https:\/\/www.iceagetv.com\/radiosite\/coronavirus-emmanuel-macron-annonce-un-confinement-national-des-jeudi-soir-et-jusquau-1er-decembre\/","title":{"rendered":"Coronavirus : Emmanuel Macron annonce un confinement national d\u00e8s jeudi soir et jusqu\u2019au 1er d\u00e9cembre"},"content":{"rendered":"\n<ul class=\"wp-block-list\"><li>Emmanuel Macron a annonc\u00e9 un confinement national \u00e0 partir de jeudi soir.<\/li><li>Les Fran\u00e7ais pourront sortir pour se rendre \u00e0 leur travail, \u00e0 un rendez-vous m\u00e9dical, porter assistance, faire ses courses ou prendre l\u2019air.<\/li><li>Comme lors du premier confinement, les bars et les restaurants ferment. En revanche, les maternelles, les \u00e9coles, les coll\u00e8ges et les lyc\u00e9es restent ouverts. <strong>L&rsquo;allocution du Pr\u00e9sident est termin\u00e9e, merci de l&rsquo;avoir suivie avec nous en direct<\/strong> <\/li><\/ul>\n\n\n\n<p><strong>Il sera interdit d\u2019aller d\u2019une r\u00e9gion \u00e0 une autre<\/strong><\/p>\n\n\n\n<p>\u00ab&nbsp;Vous ne pourrez pas sortir d\u2019une r\u00e9gion \u00e0 l\u2019autre, \u00e0 l\u2019exception des retours de vacances de la Toussaint. Il y aura une tol\u00e9rance durant ce week-end de retour.&nbsp;\u00bb<\/p>\n\n\n\n<ul class=\"wp-block-list\"><li> <strong>es visites en maison de retraite et en EHPAD seront cette fois autoris\u00e9es dans le strict respect sanitaire\u00bb<\/strong> <\/li><\/ul>\n\n\n\n<p><strong>L\u2019ensemble des mesures entrera en application dans la nuit de jeudi \u00e0 vendredi<\/strong><\/p>\n\n\n\n<p>\u00ab&nbsp;Et elles seront appliqu\u00e9es \u00e0 minima jusqu\u2019au 1er&nbsp;d\u00e9cembre&nbsp;\u00bb, a martel\u00e9 le Pr\u00e9sident.<\/p>\n\n\n\n<ul class=\"wp-block-list\"><li> <strong>Tous les quinze jours, nous \u00e9valuerons l\u2019\u00e9volution de l\u2019\u00e9pid\u00e9mie\u00a0\u00bb, promet Emmanuel Macron<\/strong>  <strong>Nos fronti\u00e8res int\u00e9rieures demeureront ouvertes et les fronti\u00e8res ext\u00e9rieures, sauf exceptions, resteront ferm\u00e9es\u00a0\u00bb<\/strong> <\/li><\/ul>\n\n\n\n<p><strong>Les commerces non-essentiels, notamment les bars et restaurants, devront fermer \u00e0 expliquer Emmanuel Macron<\/strong><\/p>\n\n\n\n<p>Un plan sp\u00e9cial&nbsp;pour les ind\u00e9pendants et&nbsp;les commer\u00e7ants sera mis en place, avec \u00ab&nbsp;une prise en charge jusqu\u2019\u00e0 10.000 euros par mois des pertes des entreprises ferm\u00e9es administrativement&nbsp;\u00bb.<\/p>\n\n\n\n<p>Le Pr\u00e9sident a encourag\u00e9 les Fran\u00e7ais&nbsp;\u00e0 d\u00e9velopper les \u00ab&nbsp;commandes \u00e0 distance, les ventes \u00e0 emporter ou la livraison \u00e0 domicile&nbsp;\u00bb.<\/p>\n\n\n\n<p><strong>&nbsp;Les citoyens pourront sortir pour se rendre \u00e0 leur travail, \u00e0 un rendez-vous m\u00e9dical, porter assistance, faire ses courses ou prendre l\u2019air<\/strong><\/p>\n\n\n\n<p>C\u2019est donc le retour de l\u2019attestation. \u00ab&nbsp;Les r\u00e9unions priv\u00e9es sont exclues&nbsp;\u00bb, et les rassemblements publics sont \u00ab&nbsp;interdits&nbsp;\u00bb.<\/p>\n\n\n\n<p>Cependant \u00ab\u00a0le t\u00e9l\u00e9travail sera g\u00e9n\u00e9ralis\u00e9\u00a0\u00bb, a assur\u00e9 le Pr\u00e9sident.<\/p>\n\n\n\n<p> <strong>Les universit\u00e9s donneront des cours en ligne<\/strong> <\/p>\n\n\n\n<p> <strong>J\u2019ai d\u00e9cid\u00e9 qu\u2019il fallait retrouver \u00e0 partir de vendredi le confinement\u00a0\u00bb pour tout le territoire<\/strong> <\/p>\n\n\n\n<p><strong>Le confinement ne se fera pas par type de population<\/strong><\/p>\n\n\n\n<p>Emmanuel Macron assure qu\u2019isoler seulement les personnes \u00e2g\u00e9es et vuln\u00e9rables ne serait pas efficace, \u00ab\u00a0parce que le virus continuerait sous des formes graves dans le reste de la population\u00a0\u00bb. <strong>Quoi que nous fassions, nous savons que quelque 9.000 patients seront hospitalis\u00e9s en r\u00e9animation \u00e0 la mi-novembre<\/strong>  <strong>Nous avons pris des mesures. Elles \u00e9taient indispensables. Elles se r\u00e9v\u00e8lent insuffisantes pour endiguer une vague qui touche toute l\u2019Europe\u00a0\u00bb, admet le Pr\u00e9sident.<\/strong>  <strong>\u00a0La seconde vague sera plus meurtri\u00e8re que la premi\u00e8re, nous le savons d\u00e9sormais\u00a0<\/strong> <strong>Le virus circule \u00e0 une vitesse que m\u00eames les pr\u00e9visions les plus pessimistes n\u2019avaient pas anticip\u00e9e\u00a0\u00bb, d\u00e9clare Emmanuel Macron.<\/strong>  <\/p>\n\n\n\n<p><\/p>\n","protected":false},"excerpt":{"rendered":"<p>Emmanuel Macron a annonc\u00e9 un confinement national \u00e0 partir de jeudi soir. Les Fran\u00e7ais pourront sortir pour se rendre \u00e0 leur travail, \u00e0 un rendez-vous m\u00e9dical, porter assistance, faire ses courses ou prendre l\u2019air. Comme lors du premier confinement, les bars et les restaurants ferment. En revanche, les maternelles, les \u00e9coles, les coll\u00e8ges et les [&hellip;]<\/p>\n","protected":false},"author":2,"featured_media":16808,"comment_status":"open","ping_status":"open","sticky":false,"template":"","format":"standard","meta":{"_jetpack_memberships_contains_paid_content":false,"footnotes":"","jetpack_publicize_message":"","jetpack_publicize_feature_enabled":true,"jetpack_social_post_already_shared":true,"jetpack_social_options":{"image_generator_settings":{"template":"highway","default_image_id":0,"font":"","enabled":false},"version":2},"_wpas_customize_per_network":false},"categories":[405],"tags":[],"class_list":["post-16807","post","type-post","status-publish","format-standard","has-post-thumbnail","hentry","category-actu-france-monde"],"jetpack_publicize_connections":[],"jetpack_featured_media_url":"https:\/\/i0.wp.com\/www.iceagetv.com\/radiosite\/wp-content\/uploads\/2020\/10\/Emmanuel-Macron-annonce-un-confinement-national-d%C3%A8s-jeudi-soir-et-jusqu%E2%80%99au-1er-d%C3%A9cembre.png?fit=638%2C409&ssl=1","jetpack_sharing_enabled":true,"_links":{"self":[{"href":"https:\/\/www.iceagetv.com\/radiosite\/wp-json\/wp\/v2\/posts\/16807","targetHints":{"allow":["GET"]}}],"collection":[{"href":"https:\/\/www.iceagetv.com\/radiosite\/wp-json\/wp\/v2\/posts"}],"about":[{"href":"https:\/\/www.iceagetv.com\/radiosite\/wp-json\/wp\/v2\/types\/post"}],"author":[{"embeddable":true,"href":"https:\/\/www.iceagetv.com\/radiosite\/wp-json\/wp\/v2\/users\/2"}],"replies":[{"embeddable":true,"href":"https:\/\/www.iceagetv.com\/radiosite\/wp-json\/wp\/v2\/comments?post=16807"}],"version-history":[{"count":1,"href":"https:\/\/www.iceagetv.com\/radiosite\/wp-json\/wp\/v2\/posts\/16807\/revisions"}],"predecessor-version":[{"id":16809,"href":"https:\/\/www.iceagetv.com\/radiosite\/wp-json\/wp\/v2\/posts\/16807\/revisions\/16809"}],"wp:featuredmedia":[{"embeddable":true,"href":"https:\/\/www.iceagetv.com\/radiosite\/wp-json\/wp\/v2\/media\/16808"}],"wp:attachment":[{"href":"https:\/\/www.iceagetv.com\/radiosite\/wp-json\/wp\/v2\/media?parent=16807"}],"wp:term":[{"taxonomy":"category","embeddable":true,"href":"https:\/\/www.iceagetv.com\/radiosite\/wp-json\/wp\/v2\/categories?post=16807"},{"taxonomy":"post_tag","embeddable":true,"href":"https:\/\/www.iceagetv.com\/radiosite\/wp-json\/wp\/v2\/tags?post=16807"}],"curies":[{"name":"wp","href":"https:\/\/api.w.org\/{rel}","templated":true}]}}