{"id":16811,"date":"2020-10-28T20:11:10","date_gmt":"2020-10-28T20:11:10","guid":{"rendered":"http:\/\/www.iceagetv.com\/radiosite\/?p=16811"},"modified":"2020-10-28T20:11:10","modified_gmt":"2020-10-28T20:11:10","slug":"les-negociations-menees-au-niveau-europeen-pour-imposer-aux-plate-formes-numeriques-de-retirer-rapidement-les-contenus-terroristes-en-ligne-doivent-aboutir-au-plus-vite-affirme-emmanuel-macron","status":"publish","type":"post","link":"https:\/\/www.iceagetv.com\/radiosite\/les-negociations-menees-au-niveau-europeen-pour-imposer-aux-plate-formes-numeriques-de-retirer-rapidement-les-contenus-terroristes-en-ligne-doivent-aboutir-au-plus-vite-affirme-emmanuel-macron\/","title":{"rendered":"Les n\u00e9gociations men\u00e9es au niveau europ\u00e9en pour imposer aux plate-formes num\u00e9riques de retirer rapidement les contenus terroristes en ligne doivent \u00ab\u00a0aboutir au plus vite\u00a0\u00bb, affirme Emmanuel Macron"},"content":{"rendered":"\n<p>Les n\u00e9gociations men\u00e9es au niveau europ\u00e9en pour imposer aux plate-formes num\u00e9riques de retirer rapidement les contenus terroristes en ligne doivent \u00ab\u00a0aboutir au plus vite\u00a0\u00bb, a souhait\u00e9 mercredi Emmanuel Macron.<\/p>\n\n\n\n<p>Il est \u00ab\u00a0urgent et n\u00e9cessaire que les n\u00e9gociations europ\u00e9ennes sur le retrait des contenus terroristes d&rsquo;internet, dans un d\u00e9lai d&rsquo;une heure, puissent aboutir au plus vite\u00a0\u00bb, a d\u00e9clar\u00e9 le chef de l&rsquo;Etat face \u00e0 la presse \u00e0 l&rsquo;issue d&rsquo;une rencontre avec le Premier ministre estonien Juri Ratas \u00e0 l&rsquo;Elys\u00e9e.<\/p>\n\n\n\n<p>La mise en oeuvre d&rsquo;un r\u00e8glement au niveau de l&rsquo;Union europ\u00e9enne fait actuellement l&rsquo;objet de discussions entre le Parlement europ\u00e9en et les Etats membres, portant notamment sur la libert\u00e9 d&rsquo;expression et les moyens de r\u00e9guler les plateformes.<\/p>\n\n\n\n<p>Pour Emmanuel Macron, \u00ab\u00a0les contenus terroristes ne sont pas des contenus illicites comme les autres: ils sont meurtriers, ils sont fortement viraux. C&rsquo;est donc un enjeu de s\u00e9curit\u00e9 majeur au regard de la menace terroriste \u00e0 laquelle nous sommes tous confront\u00e9s\u00a0\u00bb.<\/p>\n\n\n\n<p>Il s&rsquo;exprimait pr\u00e8s de deux semaines apr\u00e8s la d\u00e9capitation du professeur Samuel Paty \u00e0 Conflans-Sainte-Honorine, qui avait \u00e9t\u00e9 la cible des r\u00e9seaux sociaux et d&rsquo;une mobilisation en ligne pour avoir montr\u00e9 \u00e0 ses \u00e9l\u00e8ves de 4e des caricatures de Mahomet lors d&rsquo;un cours sur la libert\u00e9 d&rsquo;expression.<\/p>\n\n\n\n<p>Le Premier ministre Jean Castex a insist\u00e9, \u00e0 Bruxelles le 23 octobre, sur l&rsquo;urgence d&rsquo;une \u00ab\u00a0r\u00e9gulation beaucoup plus forte\u00a0\u00bb des r\u00e9seaux sociaux au niveau europ\u00e9en, \u00e0 l&rsquo;issue d&rsquo;une rencontre avec le commissaire europ\u00e9en au March\u00e9 int\u00e9rieur et au Num\u00e9rique, Thierry Breton, qui doit pr\u00e9senter le 2 d\u00e9cembre une l\u00e9gislation pour mieux r\u00e9guler les plateformes.<\/p>\n\n\n\n<p>A l&rsquo;issue du d\u00e9jeuner avec Emmanuel Macron, Juri Ratas a affirm\u00e9 la \u00ab\u00a0solidarit\u00e9\u00a0\u00bb de son pays avec la France pour la d\u00e9fense des \u00ab\u00a0valeurs r\u00e9publicaines\u00a0\u00bb et \u00ab\u00a0contre le radicalisme\u00a0\u00bb islamiste.<\/p>\n\n\n\n<p>Les deux pr\u00e9sidents ont sign\u00e9 un \u00ab\u00a0partenariat strat\u00e9gique\u00a0\u00bb pour renforcer la coop\u00e9ration entre Paris et Tallinn \u00ab\u00a0en mati\u00e8re de s\u00e9curit\u00e9, de d\u00e9fense, de cybers\u00e9curit\u00e9, d&rsquo;\u00e9nergie et de climat\u00a0\u00bb, selon Emmanuel Macron, en rappelant que l&rsquo;Estonie avait \u00ab\u00a0d\u00e9velopp\u00e9 une expertise reconnue\u00a0\u00bb contre les cyberattaques.<\/p>\n","protected":false},"excerpt":{"rendered":"<p>Les n\u00e9gociations men\u00e9es au niveau europ\u00e9en pour imposer aux plate-formes num\u00e9riques de retirer rapidement les contenus terroristes en ligne doivent \u00ab\u00a0aboutir au plus vite\u00a0\u00bb, a souhait\u00e9 mercredi Emmanuel Macron. Il est \u00ab\u00a0urgent et n\u00e9cessaire que les n\u00e9gociations europ\u00e9ennes sur le retrait des contenus terroristes d&rsquo;internet, dans un d\u00e9lai d&rsquo;une heure, puissent aboutir au plus vite\u00a0\u00bb, [&hellip;]<\/p>\n","protected":false},"author":2,"featured_media":16812,"comment_status":"open","ping_status":"open","sticky":false,"template":"","format":"standard","meta":{"_jetpack_memberships_contains_paid_content":false,"footnotes":"","jetpack_publicize_message":"","jetpack_publicize_feature_enabled":true,"jetpack_social_post_already_shared":true,"jetpack_social_options":{"image_generator_settings":{"template":"highway","default_image_id":0,"font":"","enabled":false},"version":2},"_wpas_customize_per_network":false},"categories":[405],"tags":[],"class_list":["post-16811","post","type-post","status-publish","format-standard","has-post-thumbnail","hentry","category-actu-france-monde"],"jetpack_publicize_connections":[],"jetpack_featured_media_url":"https:\/\/i0.wp.com\/www.iceagetv.com\/radiosite\/wp-content\/uploads\/2020\/10\/Les-n%C3%A9gociations-men%C3%A9es-au-niveau-europ%C3%A9en-pour-imposer-aux-plate-formes-num%C3%A9riques.png?fit=630%2C276&ssl=1","jetpack_sharing_enabled":true,"_links":{"self":[{"href":"https:\/\/www.iceagetv.com\/radiosite\/wp-json\/wp\/v2\/posts\/16811","targetHints":{"allow":["GET"]}}],"collection":[{"href":"https:\/\/www.iceagetv.com\/radiosite\/wp-json\/wp\/v2\/posts"}],"about":[{"href":"https:\/\/www.iceagetv.com\/radiosite\/wp-json\/wp\/v2\/types\/post"}],"author":[{"embeddable":true,"href":"https:\/\/www.iceagetv.com\/radiosite\/wp-json\/wp\/v2\/users\/2"}],"replies":[{"embeddable":true,"href":"https:\/\/www.iceagetv.com\/radiosite\/wp-json\/wp\/v2\/comments?post=16811"}],"version-history":[{"count":1,"href":"https:\/\/www.iceagetv.com\/radiosite\/wp-json\/wp\/v2\/posts\/16811\/revisions"}],"predecessor-version":[{"id":16813,"href":"https:\/\/www.iceagetv.com\/radiosite\/wp-json\/wp\/v2\/posts\/16811\/revisions\/16813"}],"wp:featuredmedia":[{"embeddable":true,"href":"https:\/\/www.iceagetv.com\/radiosite\/wp-json\/wp\/v2\/media\/16812"}],"wp:attachment":[{"href":"https:\/\/www.iceagetv.com\/radiosite\/wp-json\/wp\/v2\/media?parent=16811"}],"wp:term":[{"taxonomy":"category","embeddable":true,"href":"https:\/\/www.iceagetv.com\/radiosite\/wp-json\/wp\/v2\/categories?post=16811"},{"taxonomy":"post_tag","embeddable":true,"href":"https:\/\/www.iceagetv.com\/radiosite\/wp-json\/wp\/v2\/tags?post=16811"}],"curies":[{"name":"wp","href":"https:\/\/api.w.org\/{rel}","templated":true}]}}