{"id":16814,"date":"2020-10-28T20:15:01","date_gmt":"2020-10-28T20:15:01","guid":{"rendered":"http:\/\/www.iceagetv.com\/radiosite\/?p=16814"},"modified":"2020-10-28T20:15:01","modified_gmt":"2020-10-28T20:15:01","slug":"la-chaine-de-magasins-de-vetements-celio-prevoit-la-fermeture-de-102-magasins-en-france-pres-de-383-emplois-sont-menaces","status":"publish","type":"post","link":"https:\/\/www.iceagetv.com\/radiosite\/la-chaine-de-magasins-de-vetements-celio-prevoit-la-fermeture-de-102-magasins-en-france-pres-de-383-emplois-sont-menaces\/","title":{"rendered":"La cha\u00eene de magasins de v\u00eatements Celio pr\u00e9voit la fermeture de 102 magasins en France, pr\u00e8s de 383 emplois sont menac\u00e9s"},"content":{"rendered":"\n<p>L&rsquo;enseigne de pr\u00eat-\u00e0-porter masculin Celio, qui avait \u00e9t\u00e9 plac\u00e9e en proc\u00e9dure de sauvegarde fin juin, pr\u00e9voit la \u00ab fermeture de 102 magasins en succursales et la suppression de 383 postes \u00bb dans le cadre d\u2019un plan de sauvegarde de l\u2019emploi (PSE) pr\u00e9sent\u00e9 mercredi aux repr\u00e9sentants des salari\u00e9s.<\/p>\n\n\n\n<p>\u00ab 344 emplois en magasin et 39 dans les fonctions support \u00bb sont concern\u00e9s, selon un communiqu\u00e9 de la direction pr\u00e9cisant que la consultation du CSE \u00ab s\u2019\u00e9tendra jusqu\u2019au premier trimestre 2021 \u00bb et que les magasins resteront ouverts \u00ab pour la p\u00e9riode de No\u00ebl, \u00e0 l\u2019exception de quelques uns dont les baux arrivent \u00e0 \u00e9ch\u00e9ance \u00bb. Dans ce texte, la direction \u00ab s\u2019engage \u00e0 mettre tout en oeuvre pour proposer des solutions favorisant le repositionnement des salari\u00e9s concern\u00e9s, gr\u00e2ce \u00e0 des mesures de reclassement interne et \u00e0 un accompagnement personnalis\u00e9 pour la construction de projets professionnels externes \u00bb.<\/p>\n\n\n\n<p>L\u2019enseigne fond\u00e9e en 1978 compte \u00e0 l\u2019heure actuelle 1.500 magasins dans 46 pays, dont 478 magasins en France, et 4.200 collaborateurs dans le monde, dont 2.416 en France au 1er octobre 2020. \u00ab Une partie de ce r\u00e9seau est source de pertes financi\u00e8res importantes en raison de la baisse de rentabilit\u00e9 de certains magasins \u00bb, explique Celio. \u00ab Nous allons dans les mois \u00e0 venir acc\u00e9l\u00e9rer notre transformation \u00bb, indique Ga\u00eblle de la Fosse, pr\u00e9sidente du groupe.<\/p>\n\n\n\n<p>La direction pr\u00e9pare en effet un plan de \u00ab sortie de sauvegarde \u00bb qui doit \u00eatre pr\u00e9sent\u00e9 au premier trimestre 2021. Celio n\u2019est pas la seule enseigne de pr\u00eat-\u00e0-porter \u00e0 faire les frais de la crise du Covid-19, puisque La Halle, Andr\u00e9, Naf Naf ou Cama\u00efeu ont tous perdu des salari\u00e9s. R\u00e9cemment, le g\u00e9ant am\u00e9ricain Gap a annonc\u00e9 envisager de fermer l\u2019ensemble de ses magasins en Europe, d\u2019ici \u00e0 juin 2021.<\/p>\n\n\n\n<p>Les deux pr\u00e9c\u00e9dentes ann\u00e9es avaient d\u00e9j\u00e0 \u00e9t\u00e9 marqu\u00e9es en France par les manifestations des gilets jaunes et par les mobilisations sociales contre la r\u00e9forme des retraites, qui ont affect\u00e9 de nombreux commerces. En outre, le march\u00e9 de la mode est \u00ab structurellement en difficult\u00e9 \u00bb et \u00ab a perdu 17% de sa valeur sur les dix derni\u00e8res ann\u00e9es \u00bb, selon Yohann Petiot, directeur g\u00e9n\u00e9ral de l\u2019Alliance du commerce, qui rassemble l\u2019Union du grand commerce de centre-ville, la F\u00e9d\u00e9ration des enseignes de l\u2019habillement et celle des enseignes de la chaussure.<\/p>\n","protected":false},"excerpt":{"rendered":"<p>L&rsquo;enseigne de pr\u00eat-\u00e0-porter masculin Celio, qui avait \u00e9t\u00e9 plac\u00e9e en proc\u00e9dure de sauvegarde fin juin, pr\u00e9voit la \u00ab fermeture de 102 magasins en succursales et la suppression de 383 postes \u00bb dans le cadre d\u2019un plan de sauvegarde de l\u2019emploi (PSE) pr\u00e9sent\u00e9 mercredi aux repr\u00e9sentants des salari\u00e9s. \u00ab 344 emplois en magasin et 39 dans [&hellip;]<\/p>\n","protected":false},"author":2,"featured_media":16815,"comment_status":"open","ping_status":"open","sticky":false,"template":"","format":"standard","meta":{"_jetpack_memberships_contains_paid_content":false,"footnotes":"","jetpack_publicize_message":"","jetpack_publicize_feature_enabled":true,"jetpack_social_post_already_shared":true,"jetpack_social_options":{"image_generator_settings":{"template":"highway","default_image_id":0,"font":"","enabled":false},"version":2},"_wpas_customize_per_network":false},"categories":[405],"tags":[],"class_list":["post-16814","post","type-post","status-publish","format-standard","has-post-thumbnail","hentry","category-actu-france-monde"],"jetpack_publicize_connections":[],"jetpack_featured_media_url":"https:\/\/i0.wp.com\/www.iceagetv.com\/radiosite\/wp-content\/uploads\/2020\/10\/celio.png?fit=623%2C276&ssl=1","jetpack_sharing_enabled":true,"_links":{"self":[{"href":"https:\/\/www.iceagetv.com\/radiosite\/wp-json\/wp\/v2\/posts\/16814","targetHints":{"allow":["GET"]}}],"collection":[{"href":"https:\/\/www.iceagetv.com\/radiosite\/wp-json\/wp\/v2\/posts"}],"about":[{"href":"https:\/\/www.iceagetv.com\/radiosite\/wp-json\/wp\/v2\/types\/post"}],"author":[{"embeddable":true,"href":"https:\/\/www.iceagetv.com\/radiosite\/wp-json\/wp\/v2\/users\/2"}],"replies":[{"embeddable":true,"href":"https:\/\/www.iceagetv.com\/radiosite\/wp-json\/wp\/v2\/comments?post=16814"}],"version-history":[{"count":1,"href":"https:\/\/www.iceagetv.com\/radiosite\/wp-json\/wp\/v2\/posts\/16814\/revisions"}],"predecessor-version":[{"id":16816,"href":"https:\/\/www.iceagetv.com\/radiosite\/wp-json\/wp\/v2\/posts\/16814\/revisions\/16816"}],"wp:featuredmedia":[{"embeddable":true,"href":"https:\/\/www.iceagetv.com\/radiosite\/wp-json\/wp\/v2\/media\/16815"}],"wp:attachment":[{"href":"https:\/\/www.iceagetv.com\/radiosite\/wp-json\/wp\/v2\/media?parent=16814"}],"wp:term":[{"taxonomy":"category","embeddable":true,"href":"https:\/\/www.iceagetv.com\/radiosite\/wp-json\/wp\/v2\/categories?post=16814"},{"taxonomy":"post_tag","embeddable":true,"href":"https:\/\/www.iceagetv.com\/radiosite\/wp-json\/wp\/v2\/tags?post=16814"}],"curies":[{"name":"wp","href":"https:\/\/api.w.org\/{rel}","templated":true}]}}