{"id":16818,"date":"2020-10-29T07:39:17","date_gmt":"2020-10-29T07:39:17","guid":{"rendered":"http:\/\/www.iceagetv.com\/radiosite\/?p=16818"},"modified":"2020-10-29T07:39:17","modified_gmt":"2020-10-29T07:39:17","slug":"confinement-gabriel-attal-annonce-que-les-parcs-et-jardins-resteront-ouverts","status":"publish","type":"post","link":"https:\/\/www.iceagetv.com\/radiosite\/confinement-gabriel-attal-annonce-que-les-parcs-et-jardins-resteront-ouverts\/","title":{"rendered":"CONFINEMENT: GABRIEL ATTAL ANNONCE QUE \u00ab\u00a0LES PARCS ET JARDINS RESTERONT OUVERTS\u00a0\u00bb"},"content":{"rendered":"\n<p>\n\nLe porte-parole du gouvernement, Gabriel Attal, \u00e9tait l&rsquo;invit\u00e9 de RTL ce jeudi matin, au lendemain de l&rsquo;annonce du reconfinement par Emmanuel Macron.<\/p>\n\n\n\n<p>Gabriel Attal, porte-parole du gouvernement,&nbsp;<a href=\"https:\/\/www.bfmtv.com\/sante\/direct-confinement-reconfinement-attestation-de-sortie-jeudi-minuit-coronavirus-ecole-demenagement-sport-travail_LN-202010290005.html\">est intervenu<\/a>&nbsp;ce jeudi matin sur RTL afin de pr\u00e9ciser l&rsquo;annonce du reconfinement par le pr\u00e9sident de la R\u00e9publique la veille, peu avant le discours du Premier ministre devant les d\u00e9put\u00e9s.<\/p>\n\n\n\n<h2 class=\"wp-block-heading\">Les march\u00e9s resteront ouverts<\/h2>\n\n\n\n<p>Tandis que les Fran\u00e7ais pourront, attestation \u00e0 l&rsquo;appui, se promener dans un rayon de un kilom\u00e8tre de leur domicile pendant une heure maximum, il importait de savoir si les parcs et jardins,\u00a0<a href=\"https:\/\/www.bfmtv.com\/societe\/ouverture-des-parcs-et-jardins-a-paris-pour-edouard-philippe-c-est-toujours-non_AN-202005220185.html\">point de crispation au printemps dernier<\/a>, leur seraient accessibles. \u00ab\u00a0J&rsquo;entends votre question et la r\u00e9ponse est oui\u00a0\u00bb, a r\u00e9torqu\u00e9 Gabriel Attal.<\/p>\n\n\n\n<blockquote class=\"wp-block-quote is-layout-flow wp-block-quote-is-layout-flow\"><p>Le porte-parole du gouvernement a aussi abord\u00e9 le th\u00e8me des march\u00e9s. \u00ab\u00a0Oui, les march\u00e9s seront ouverts. Il pourra y avoir comme dans le cadre du premier confinement \u00e9ventuellement une d\u00e9cision pr\u00e9fectorale dans le cas o\u00f9 \u00e7a ne se passerait pas bien. Mais le principe, c\u2019est que les march\u00e9s, en plein air comme ferm\u00e9s, pourront \u00eatre ouverts.\u00a0\u00bb<\/p><\/blockquote>\n\n\n\n<p>Il a par ailleurs soulign\u00e9 que les fleuristes resteraient ouverts jusqu&rsquo;\u00e0 dimanche soir, afin de permettre aux Fran\u00e7ais d&rsquo;aller fleurir la tombe de leurs proches \u00e0 l&rsquo;occasion de la Toussaint.<\/p>\n\n\n\n<p><\/p>\n","protected":false},"excerpt":{"rendered":"<p>Le porte-parole du gouvernement, Gabriel Attal, \u00e9tait l&rsquo;invit\u00e9 de RTL ce jeudi matin, au lendemain de l&rsquo;annonce du reconfinement par Emmanuel Macron. Gabriel Attal, porte-parole du gouvernement,&nbsp;est intervenu&nbsp;ce jeudi matin sur RTL afin de pr\u00e9ciser l&rsquo;annonce du reconfinement par le pr\u00e9sident de la R\u00e9publique la veille, peu avant le discours du Premier ministre devant les [&hellip;]<\/p>\n","protected":false},"author":2,"featured_media":16819,"comment_status":"open","ping_status":"open","sticky":false,"template":"","format":"standard","meta":{"_jetpack_memberships_contains_paid_content":false,"footnotes":"","jetpack_publicize_message":"","jetpack_publicize_feature_enabled":true,"jetpack_social_post_already_shared":true,"jetpack_social_options":{"image_generator_settings":{"template":"highway","default_image_id":0,"font":"","enabled":false},"version":2},"_wpas_customize_per_network":false},"categories":[405],"tags":[],"class_list":["post-16818","post","type-post","status-publish","format-standard","has-post-thumbnail","hentry","category-actu-france-monde"],"jetpack_publicize_connections":[],"jetpack_featured_media_url":"https:\/\/i0.wp.com\/www.iceagetv.com\/radiosite\/wp-content\/uploads\/2020\/10\/GABRIEL-ATTAL-ANNONCE.jpg?fit=768%2C432&ssl=1","jetpack_sharing_enabled":true,"_links":{"self":[{"href":"https:\/\/www.iceagetv.com\/radiosite\/wp-json\/wp\/v2\/posts\/16818","targetHints":{"allow":["GET"]}}],"collection":[{"href":"https:\/\/www.iceagetv.com\/radiosite\/wp-json\/wp\/v2\/posts"}],"about":[{"href":"https:\/\/www.iceagetv.com\/radiosite\/wp-json\/wp\/v2\/types\/post"}],"author":[{"embeddable":true,"href":"https:\/\/www.iceagetv.com\/radiosite\/wp-json\/wp\/v2\/users\/2"}],"replies":[{"embeddable":true,"href":"https:\/\/www.iceagetv.com\/radiosite\/wp-json\/wp\/v2\/comments?post=16818"}],"version-history":[{"count":1,"href":"https:\/\/www.iceagetv.com\/radiosite\/wp-json\/wp\/v2\/posts\/16818\/revisions"}],"predecessor-version":[{"id":16820,"href":"https:\/\/www.iceagetv.com\/radiosite\/wp-json\/wp\/v2\/posts\/16818\/revisions\/16820"}],"wp:featuredmedia":[{"embeddable":true,"href":"https:\/\/www.iceagetv.com\/radiosite\/wp-json\/wp\/v2\/media\/16819"}],"wp:attachment":[{"href":"https:\/\/www.iceagetv.com\/radiosite\/wp-json\/wp\/v2\/media?parent=16818"}],"wp:term":[{"taxonomy":"category","embeddable":true,"href":"https:\/\/www.iceagetv.com\/radiosite\/wp-json\/wp\/v2\/categories?post=16818"},{"taxonomy":"post_tag","embeddable":true,"href":"https:\/\/www.iceagetv.com\/radiosite\/wp-json\/wp\/v2\/tags?post=16818"}],"curies":[{"name":"wp","href":"https:\/\/api.w.org\/{rel}","templated":true}]}}