{"id":16836,"date":"2020-10-30T08:26:19","date_gmt":"2020-10-30T08:26:19","guid":{"rendered":"http:\/\/www.iceagetv.com\/radiosite\/?p=16836"},"modified":"2020-10-30T08:26:19","modified_gmt":"2020-10-30T08:26:19","slug":"attentat-de-nice-un-homme-soupconne-davoir-ete-en-contact-avec-lassaillant-interpelle","status":"publish","type":"post","link":"https:\/\/www.iceagetv.com\/radiosite\/attentat-de-nice-un-homme-soupconne-davoir-ete-en-contact-avec-lassaillant-interpelle\/","title":{"rendered":"Attentat de Nice : un homme soup\u00e7onn\u00e9 d&rsquo;avoir \u00e9t\u00e9 en contact avec l&rsquo;assaillant interpell\u00e9"},"content":{"rendered":"\n<p>L&rsquo;\u00e9motion est toujours tr\u00e8s forte au lendemain de l&rsquo;attaque au couteau qui a fait trois victimes jeudi dans la basilique Notre-Dame de Nice. Emmanuel Macron r\u00e9unit un Conseil de d\u00e9fense ce vendredi.<\/p>\n\n\n\n<p><strong>ARRESTATION<\/strong><\/p>\n\n\n\n<p>Un homme de 47 ans a \u00e9t\u00e9 plac\u00e9 en garde \u00e0 vue. Interpell\u00e9 \u00e0 Nice, hier peu avant 22 heures, \u00a0il est soup\u00e7onn\u00e9 d&rsquo;avoir \u00e9t\u00e9 en contact avec l&rsquo;assaillant la veille des faits.<\/p>\n\n\n\n<p><strong>RETOUR EN IMAGES SUR LE PARCOURS DE L&rsquo;ASSAILLANT&nbsp;<\/strong><\/p>\n\n\n\n<p>Le Tunisien de 21 ans n&rsquo;\u00e9tait pas connu du service des renseignements fran\u00e7ais. Les enqu\u00eateurs ont retrouv\u00e9 sur lui un document de la Croix-Rouge Italienne stipulant qu&rsquo;il est arriv\u00e9 en Europe par l&rsquo;\u00eele de Lampedusa le 20 septembre dernier. Il \u00e9tait donc en situation irr\u00e9guli\u00e8re sur le sol fran\u00e7ais depuis peu.&nbsp;<\/p>\n\n\n\n<p>Hier matin avant le drame, c&rsquo;est dans la gare de Nice qu&rsquo;il est rep\u00e9r\u00e9 \u00e0 6h47 avant de se diriger puis d&rsquo;entrer dans la Basilique Notre-Dame de l&rsquo;Assomption \u00e0 8h29.\u00a0<\/p>\n\n\n\n<p><strong>FORCES MILITAIRES RENFORC\u00c9ES<\/strong><\/p>\n\n\n\n<p>\u00ab\u00a04.000 militaires de plus seront d\u00e9ploy\u00e9s ce week-end pour les f\u00eates de la Toussaint, rappelle le ministre de l&rsquo;Int\u00e9rieur sur RTL. Ils prot\u00e9geront les cimeti\u00e8res, les \u00e9glises et les lieux de culte en g\u00e9n\u00e9ral. Il y a des mosqu\u00e9es aujourd&rsquo;hui qui sont aussi attaqu\u00e9es. (&#8230;) 100.000 policiers et gendarmes seront \u00e9galement \u00e0 la disposition des Fran\u00e7ais pour les prot\u00e9ger et prot\u00e9ger la rentr\u00e9e scolaire.\u00a0\u00bb<\/p>\n\n\n\n<p><strong>UN ATTENTAT DE PLUS\u00a0\u00bb D\u00c9PLORE VALLS<\/strong><\/p>\n\n\n\n<p>\u00ab\u00a0C&rsquo;est un choc, un attentat de plus, \u00e0 Nice d\u00e9j\u00e0 durement frapp\u00e9e, dans une \u00e9glise qui est un symbole\u00a0\u00bb, r\u00e9agit l&rsquo;ancien Premier ministre Manuel Valls ce vendredi sur LCI. \u00ab\u00a0On vise tout simplement la terreur et semer un peu plus la division. Tout discours rationnel, m\u00e9thodique, rappelant ce qui est engag\u00e9, est difficile \u00e0 tenir. Pourtant, beaucoup a \u00e9t\u00e9 fait, et beaucoup continuera \u00e0 \u00eatre fait\u00a0\u00bb pour lutter contre le terrorisme.<\/p>\n\n\n\n<p><strong>ARRESTATION<\/strong><\/p>\n\n\n\n<p>Un homme de 47 ans a \u00e9t\u00e9 plac\u00e9 en garde \u00e0 vue. Interpell\u00e9 \u00e0 Nice, hier peu avant 22 heures, &nbsp;il est soup\u00e7onn\u00e9 d&rsquo;avoir \u00e9t\u00e9 en contact avec l&rsquo;assaillant la veille des faits.<\/p>\n\n\n\n<p><strong>UN ENNEMI INT\u00c9RIEUR ET EXT\u00c9RIEUR\u00a0\u00bb<\/strong><\/p>\n\n\n\n<p>\u00ab\u00a0Nous devons \u00eatre tr\u00e8s durs contre les \u00e9trangers en situation de radicalisation, affirme G\u00e9rald Darmanin sur RTL. C&rsquo;est pour cela que nous les expulsons. Depuis un mois, j&rsquo;ai fait proc\u00e9der \u00e0 14 expulsions. Mais, je dois faire remarquer que dans les 30 derniers terroristes qui ont assassin\u00e9 sur notre sol, 22 \u00e9taient fran\u00e7ais. Le profil des terroristes islamistes est tr\u00e8s divers. (&#8230;) Ceux qui disent qu&rsquo;en fermant les fronti\u00e8res et en virant tous les \u00e9trangers vous aurez r\u00e9solu tous les probl\u00e8mes du terrorisme, ils mentent aux Fran\u00e7ais. (&#8230;) Nous sommes en guerre face \u00e0 un ennemi qui est \u00e0 la fois un ennemi int\u00e9rieur et ext\u00e9rieur.\u00a0\u00bb<\/p>\n\n\n\n<p><strong>TURQUIE ET MALAISIE&nbsp;<\/strong><\/p>\n\n\n\n<p>Invit\u00e9 sur RTL ce matin, le ministre de l&rsquo;Int\u00e9rieur G\u00e9rald Darmanin a d\u00e9nonc\u00e9 les discours de haine venant de plusieurs responsables politiques \u00e9trangers. \u00ab\u00a0Nous sommes particuli\u00e8rement vis\u00e9s en ce moment du fait notamment des appels \u00e0 la haine extr\u00eamement forts de dirigeants de pays \u00e9trangers. Je pense aux propos absolument scandaleux du pr\u00e9sident Erdogan. J&rsquo;ai \u00e9galement lu avec effarement les propos d&rsquo;un ancien ministre malaisien qui \u00e9crivait sur Twitter que les musulmans ont le droit de tuer les Fran\u00e7ais.\u00a0\u00bb\u00a0<\/p>\n\n\n\n<p><strong>NE PAS TOMBER DANS LA HAINE\u00a0\u00bb<\/strong><\/p>\n\n\n\n<p>\u00ab\u00a0Encore une fois, dans un lieu de paix, saint, ouvert \u00e0 tous, ce sont des personnes qui ont \u00e9t\u00e9 tu\u00e9es de fa\u00e7on sauvage et terrible tout simplement parce qu&rsquo;ils \u00e9taient chr\u00e9tiens, d\u00e9plore Herv\u00e9 Grosjean, pr\u00eatre du dioc\u00e8se de Versailles. Rien est anodin dans ce geste. (&#8230;) La solution ce n&rsquo;est pas de tomber dans la haine \u00e0 notre tour, mais de rester fid\u00e8le \u00e0 ce que nous sommes.\u00a0\u00bb\u00a0<\/p>\n\n\n\n<p><strong>VICTIME<\/strong><\/p>\n\n\n\n<p>Le minist\u00e8re br\u00e9silien des Affaires \u00e9trang\u00e8res a annonc\u00e9 qu&rsquo;une Br\u00e9silienne figurait parmi les trois personnes tu\u00e9es lors de l&rsquo;attaque.<\/p>\n\n\n\n<p><em>\u00ab\u00a0Le gouvernement br\u00e9silien annonce, avec une grande affliction, que l&rsquo;une des personnes tu\u00e9es \u00e9tait une Br\u00e9silienne de 44 ans, m\u00e8re de trois enfants, r\u00e9sidant en France\u00a0\u00bb,&nbsp;<\/em>a indiqu\u00e9 le minist\u00e8re dans un communiqu\u00e9 publi\u00e9 en soir\u00e9e.<\/p>\n\n\n\n<p><\/p>\n\n\n\n<p><\/p>\n\n\n\n<p><\/p>\n","protected":false},"excerpt":{"rendered":"<p>L&rsquo;\u00e9motion est toujours tr\u00e8s forte au lendemain de l&rsquo;attaque au couteau qui a fait trois victimes jeudi dans la basilique Notre-Dame de Nice. Emmanuel Macron r\u00e9unit un Conseil de d\u00e9fense ce vendredi. ARRESTATION Un homme de 47 ans a \u00e9t\u00e9 plac\u00e9 en garde \u00e0 vue. Interpell\u00e9 \u00e0 Nice, hier peu avant 22 heures, \u00a0il est [&hellip;]<\/p>\n","protected":false},"author":2,"featured_media":16837,"comment_status":"open","ping_status":"open","sticky":false,"template":"","format":"standard","meta":{"_jetpack_memberships_contains_paid_content":false,"footnotes":"","jetpack_publicize_message":"","jetpack_publicize_feature_enabled":true,"jetpack_social_post_already_shared":true,"jetpack_social_options":{"image_generator_settings":{"template":"highway","default_image_id":0,"font":"","enabled":false},"version":2},"_wpas_customize_per_network":false},"categories":[405],"tags":[],"class_list":["post-16836","post","type-post","status-publish","format-standard","has-post-thumbnail","hentry","category-actu-france-monde"],"jetpack_publicize_connections":[],"jetpack_featured_media_url":"https:\/\/i0.wp.com\/www.iceagetv.com\/radiosite\/wp-content\/uploads\/2020\/10\/Attentat-de-Nice.png?fit=885%2C379&ssl=1","jetpack_sharing_enabled":true,"_links":{"self":[{"href":"https:\/\/www.iceagetv.com\/radiosite\/wp-json\/wp\/v2\/posts\/16836","targetHints":{"allow":["GET"]}}],"collection":[{"href":"https:\/\/www.iceagetv.com\/radiosite\/wp-json\/wp\/v2\/posts"}],"about":[{"href":"https:\/\/www.iceagetv.com\/radiosite\/wp-json\/wp\/v2\/types\/post"}],"author":[{"embeddable":true,"href":"https:\/\/www.iceagetv.com\/radiosite\/wp-json\/wp\/v2\/users\/2"}],"replies":[{"embeddable":true,"href":"https:\/\/www.iceagetv.com\/radiosite\/wp-json\/wp\/v2\/comments?post=16836"}],"version-history":[{"count":1,"href":"https:\/\/www.iceagetv.com\/radiosite\/wp-json\/wp\/v2\/posts\/16836\/revisions"}],"predecessor-version":[{"id":16838,"href":"https:\/\/www.iceagetv.com\/radiosite\/wp-json\/wp\/v2\/posts\/16836\/revisions\/16838"}],"wp:featuredmedia":[{"embeddable":true,"href":"https:\/\/www.iceagetv.com\/radiosite\/wp-json\/wp\/v2\/media\/16837"}],"wp:attachment":[{"href":"https:\/\/www.iceagetv.com\/radiosite\/wp-json\/wp\/v2\/media?parent=16836"}],"wp:term":[{"taxonomy":"category","embeddable":true,"href":"https:\/\/www.iceagetv.com\/radiosite\/wp-json\/wp\/v2\/categories?post=16836"},{"taxonomy":"post_tag","embeddable":true,"href":"https:\/\/www.iceagetv.com\/radiosite\/wp-json\/wp\/v2\/tags?post=16836"}],"curies":[{"name":"wp","href":"https:\/\/api.w.org\/{rel}","templated":true}]}}