{"id":16842,"date":"2020-10-30T09:05:37","date_gmt":"2020-10-30T09:05:37","guid":{"rendered":"http:\/\/www.iceagetv.com\/radiosite\/?p=16842"},"modified":"2020-10-30T09:05:37","modified_gmt":"2020-10-30T09:05:37","slug":"covid-19-olivier-veran-demande-aux-hopitaux-dactiver-le-plan-blanc-pour-liberer-des-lits","status":"publish","type":"post","link":"https:\/\/www.iceagetv.com\/radiosite\/covid-19-olivier-veran-demande-aux-hopitaux-dactiver-le-plan-blanc-pour-liberer-des-lits\/","title":{"rendered":"Covid-19 : Olivier V\u00e9ran demande aux h\u00f4pitaux d&rsquo;activer le \u00ab\u00a0plan blanc\u00a0\u00bb pour lib\u00e9rer des lits"},"content":{"rendered":"\n<p>\u00c9PID\u00c9MIE &#8211; Le ministre de la Sant\u00e9 souhaite que les \u00e9tablissements de sant\u00e9 d\u00e9programment des activit\u00e9s m\u00e9dicales pour r\u00e9server des lits pour les patients atteints du Covid-19.<\/p>\n\n\n\n<p>Tous les \u00e9tablissements de sant\u00e9 fran\u00e7ais doivent d\u00e9clencher<em>&nbsp;\u00ab\u00a0sans attendre\u00a0\u00bb<\/em>&nbsp;leur plan blanc et d\u00e9programmer des activit\u00e9s m\u00e9dicales&nbsp;<em>\u00ab\u00a0afin de lib\u00e9rer de la disponibilit\u00e9 en lits\u00a0\u00bb<\/em>&nbsp;pour les malades du Covid, a indiqu\u00e9 jeudi 29 octobre le ministre de la Sant\u00e9 Olivier V\u00e9ran.<\/p>\n\n\n\n<p><a href=\"https:\/\/www.lci.fr\/sante\/covid-19-submerge-l-hopital-de-villefranche-sur-saone-appelle-a-l-aide-2168166.html\">Face aux&nbsp;<em>\u00ab\u00a0risques de saturation\u00a0\u00bb&nbsp;<\/em>dans certains territoires<\/a>,&nbsp;<em>\u00ab\u00a0il devient n\u00e9cessaire d&rsquo;augmenter plus fortement les possibilit\u00e9s de prise en charge de patients\u00a0\u00bb<\/em>&nbsp;infect\u00e9s par le coronavirus, \u00e9crit le ministre dans cette lettre adress\u00e9e mercredi aux directeurs d&rsquo;h\u00f4pitaux.<\/p>\n\n\n\n<p>Il leur demande donc de&nbsp;<em>\u00ab\u00a0d\u00e9clencher sans attendre, pour tous les \u00e9tablissements ne l&rsquo;ayant pas encore fait, les premiers paliers de d\u00e9programmation\u00a0\u00bb<\/em>&nbsp;et de v\u00e9rifier<em>&nbsp;\u00ab\u00a0la mise en oeuvre effective\u00a0\u00bb<\/em>&nbsp;de ces reports. Dans les r\u00e9gions<em>&nbsp;\u00ab\u00a0les plus en tension\u00a0\u00bb,&nbsp;<\/em>il enjoint aux \u00e9tablissements de sant\u00e9&nbsp;<em>\u00ab\u00a0d&rsquo;activer sans attendre les paliers plus \u00e9lev\u00e9s en d\u00e9programmant toutes les activit\u00e9s chirurgicales et m\u00e9dicales pouvant l&rsquo;\u00eatre\u00a0\u00bb.<\/em><\/p>\n\n\n\n<p>Ces mesures devront toutefois pr\u00e9server la prise en charge des cancers, des greffes, des malades chroniques \u00ab\u00a0<em>requ\u00e9rant des soins urgents\u00a0\u00bb,<\/em>&nbsp;ainsi que la psychiatrie,<em>&nbsp;\u00ab\u00a0notamment les publics mineurs avec handicap psychique\u00a0\u00bb.<\/em><\/p>\n\n\n\n<h3 class=\"wp-block-heading\">Un objectif de 10.000 lits de r\u00e9animation<\/h3>\n\n\n\n<p>L&rsquo;objectif est d&rsquo;<em>\u00ab\u00a0atteindre le plus rapidement possible les capacit\u00e9s maximales\u00a0\u00bb<\/em>&nbsp;en lits de r\u00e9animation. Leur nombre, d\u00e9j\u00e0 relev\u00e9 de 5.100 \u00e0 5.800 apr\u00e8s la premi\u00e8re vague \u00e9pid\u00e9mique, \u00e9tait mont\u00e9 \u00e0 6.400 en d\u00e9but de semaine et devrait bient\u00f4t d\u00e9passer 7.000, a pr\u00e9cis\u00e9 Olivier V\u00e9ran jeudi 29 octobre. La veille, Emmanuel Macron avait annonc\u00e9 que les capacit\u00e9s de r\u00e9animation seraient augment\u00e9es \u00e0 10.000 lits.<\/p>\n\n\n\n<p><em>\u00ab\u00a0L&rsquo;armement de lits suppl\u00e9mentaires\u00a0\u00bb\u00a0<\/em>dans toutes les r\u00e9gions vise aussi \u00e0<em>\u00a0\u00ab\u00a0assurer une solidarit\u00e9 des territoires par le transferts de patients\u00a0\u00bb<\/em>, ajoute M. V\u00e9ran dans son courrier. Le ministre a pr\u00e9cis\u00e9 lors de la conf\u00e9rence de presse du Premier ministre Jean Castex que\u00a0<em>\u00ab\u00a040 \u00e9vacuations sanitaires ont d\u00e9j\u00e0 eu lieu\u00a0\u00bb<\/em>\u00a0entre r\u00e9gions, essentiellement par avion, du sud-est vers l&rsquo;ouest du pays. Par ailleurs, pour garantir les renforts n\u00e9cessaires,\u00a0<em>\u00ab\u00a0les \u00e9tudiants en sant\u00e9 peuvent \u00eatre mobilis\u00e9s\u00a0\u00bb,\u00a0<\/em>quitte \u00e0 mettre\u00a0<em>\u00ab\u00a0en suspens partiellement ou totalement leurs formations\u00a0\u00bb.\u00a0<\/em>Ils rejoindront les<em>\u00a0\u00ab\u00a0plus de 9.000 soignants qui se sont d\u00e9j\u00e0 inscrits\u00a0\u00bb\u00a0<\/em>sur la plateforme Renfort-RH ouverte mi-octobre.  Dans un autre courrier envoy\u00e9 aux m\u00e9decins lib\u00e9raux, le ministre indique avoir d\u00e9cid\u00e9 de\u00a0<em>\u00ab\u00a0rendre \u00e0 nouveau possibles les t\u00e9l\u00e9consultations\u00a0\u00bb.<\/em> <\/p>\n\n\n\n<p><\/p>\n","protected":false},"excerpt":{"rendered":"<p>\u00c9PID\u00c9MIE &#8211; Le ministre de la Sant\u00e9 souhaite que les \u00e9tablissements de sant\u00e9 d\u00e9programment des activit\u00e9s m\u00e9dicales pour r\u00e9server des lits pour les patients atteints du Covid-19. Tous les \u00e9tablissements de sant\u00e9 fran\u00e7ais doivent d\u00e9clencher&nbsp;\u00ab\u00a0sans attendre\u00a0\u00bb&nbsp;leur plan blanc et d\u00e9programmer des activit\u00e9s m\u00e9dicales&nbsp;\u00ab\u00a0afin de lib\u00e9rer de la disponibilit\u00e9 en lits\u00a0\u00bb&nbsp;pour les malades du Covid, a [&hellip;]<\/p>\n","protected":false},"author":2,"featured_media":16843,"comment_status":"open","ping_status":"open","sticky":false,"template":"","format":"standard","meta":{"_jetpack_memberships_contains_paid_content":false,"footnotes":"","jetpack_publicize_message":"","jetpack_publicize_feature_enabled":true,"jetpack_social_post_already_shared":true,"jetpack_social_options":{"image_generator_settings":{"template":"highway","default_image_id":0,"font":"","enabled":false},"version":2},"_wpas_customize_per_network":false},"categories":[405],"tags":[],"class_list":["post-16842","post","type-post","status-publish","format-standard","has-post-thumbnail","hentry","category-actu-france-monde"],"jetpack_publicize_connections":[],"jetpack_featured_media_url":"https:\/\/i0.wp.com\/www.iceagetv.com\/radiosite\/wp-content\/uploads\/2020\/10\/Olivier-V%C3%A9ran-demande-aux-h%C3%B4pitaux-dactiver-le.jpeg?fit=1024%2C576&ssl=1","jetpack_sharing_enabled":true,"_links":{"self":[{"href":"https:\/\/www.iceagetv.com\/radiosite\/wp-json\/wp\/v2\/posts\/16842","targetHints":{"allow":["GET"]}}],"collection":[{"href":"https:\/\/www.iceagetv.com\/radiosite\/wp-json\/wp\/v2\/posts"}],"about":[{"href":"https:\/\/www.iceagetv.com\/radiosite\/wp-json\/wp\/v2\/types\/post"}],"author":[{"embeddable":true,"href":"https:\/\/www.iceagetv.com\/radiosite\/wp-json\/wp\/v2\/users\/2"}],"replies":[{"embeddable":true,"href":"https:\/\/www.iceagetv.com\/radiosite\/wp-json\/wp\/v2\/comments?post=16842"}],"version-history":[{"count":1,"href":"https:\/\/www.iceagetv.com\/radiosite\/wp-json\/wp\/v2\/posts\/16842\/revisions"}],"predecessor-version":[{"id":16844,"href":"https:\/\/www.iceagetv.com\/radiosite\/wp-json\/wp\/v2\/posts\/16842\/revisions\/16844"}],"wp:featuredmedia":[{"embeddable":true,"href":"https:\/\/www.iceagetv.com\/radiosite\/wp-json\/wp\/v2\/media\/16843"}],"wp:attachment":[{"href":"https:\/\/www.iceagetv.com\/radiosite\/wp-json\/wp\/v2\/media?parent=16842"}],"wp:term":[{"taxonomy":"category","embeddable":true,"href":"https:\/\/www.iceagetv.com\/radiosite\/wp-json\/wp\/v2\/categories?post=16842"},{"taxonomy":"post_tag","embeddable":true,"href":"https:\/\/www.iceagetv.com\/radiosite\/wp-json\/wp\/v2\/tags?post=16842"}],"curies":[{"name":"wp","href":"https:\/\/api.w.org\/{rel}","templated":true}]}}