{"id":16855,"date":"2020-10-31T08:05:34","date_gmt":"2020-10-31T08:05:34","guid":{"rendered":"http:\/\/www.iceagetv.com\/radiosite\/?p=16855"},"modified":"2020-10-31T08:05:34","modified_gmt":"2020-10-31T08:05:34","slug":"coronavirus-espagne-des-affrontements-ont-eclate-cette-nuit-dans-le-centre-de-barcelone-entre-des-manifestants-et-la-police-contre-les-restrictions","status":"publish","type":"post","link":"https:\/\/www.iceagetv.com\/radiosite\/coronavirus-espagne-des-affrontements-ont-eclate-cette-nuit-dans-le-centre-de-barcelone-entre-des-manifestants-et-la-police-contre-les-restrictions\/","title":{"rendered":"Coronavirus &#8211; Espagne : Des affrontements ont \u00e9clat\u00e9 cette nuit dans le centre de Barcelone entre des manifestants et la police contre les restrictions"},"content":{"rendered":"\n<p>Des affrontements ont \u00e9clat\u00e9 cette nuit dans le centre de Barcelone entre des manifestants et la police, lors d&rsquo;un rassemblement de centaines de personnes contre des restrictions de circulation prises pour ralentir la propagation du coronavirus, a constat\u00e9 un correspondant de l&rsquo;AFP.<\/p>\n\n\n\n<p>Quelque 700 personnes ont particip\u00e9 \u00e0 ce rassemblement contre ces mesures, qui comprennent notamment un couvre-feu \u00e0 partir de 22H00 et une interdiction de quitter la ville pour le long week-end de la Toussaint. La manifestation a d\u00e9g\u00e9n\u00e9r\u00e9 lorsqu&rsquo;une cinquantaine de personnes \u00ab\u00a0a commenc\u00e9 \u00e0 jeter des objets dangereux en direction de la police\u00a0\u00bb, a indiqu\u00e9 \u00e0 l&rsquo;AFP un porte-Parole des forces de l&rsquo;ordre r\u00e9gionales (Mossos d&rsquo;Esquadra).<\/p>\n\n\n\n<p>Des manifestants ont notamment lanc\u00e9 des barri\u00e8res de s\u00e9curit\u00e9 en direction des policiers, qui ont r\u00e9pliqu\u00e9 \u00e0 coups de matraques, selon un correspondant de l&rsquo;AFP. Tandis que la police cherchait \u00e0 disperser la foule, les pompiers aspergeaient les rues pour \u00e9teindre des feux de poubelles.<\/p>\n\n\n\n<p>Douze personnes, dont deux mineurs, ont \u00e9t\u00e9 interpell\u00e9es, a annonc\u00e9 un peu avant 23H00 (22H00 GMT) la police, dont une vingtaine d&rsquo;agents ont \u00e9galement \u00e9t\u00e9 bless\u00e9s. Plus \u00e0 l&rsquo;ouest, la ville de Burgos (nord) a \u00e9galement \u00e9t\u00e9 le th\u00e9\u00e2tre d&rsquo;affrontements entre plusieurs dizaines de jeunes manifestants et les forces de l&rsquo;ordre.<\/p>\n\n\n\n<p>Malgr\u00e9 de nombreuses restrictions impos\u00e9es en Espagne depuis le mois de juillet alors que le nombre de cas de Covid-19 repartait \u00e0 la hausse, les contaminations se sont multipli\u00e9es. Le pays, l&rsquo;un des plus touch\u00e9s en Europe, a d\u00e9nombr\u00e9 jusqu&rsquo;ici plus de 35.000 morts du Covid-19, et 1,1 million de cas. Un bouclage a \u00e9t\u00e9 d\u00e9cr\u00e9t\u00e9 par la quasi totalit\u00e9 des r\u00e9gions espagnoles afin de limiter les d\u00e9placements avant le week-end de la Toussaint, dans l&rsquo;espoir d&rsquo;\u00e9viter un nouveau confinement.<\/p>\n\n\n\n<p>En Catalogne, o\u00f9 les bars et les restaurants sont ferm\u00e9s depuis mi-octobre, les habitants ont l&rsquo;interdiction de quitter les villes ce week-end. La police effectuait vendredi des contr\u00f4les au niveau des principales sorties de Barcelone.<\/p>\n","protected":false},"excerpt":{"rendered":"<p>Des affrontements ont \u00e9clat\u00e9 cette nuit dans le centre de Barcelone entre des manifestants et la police, lors d&rsquo;un rassemblement de centaines de personnes contre des restrictions de circulation prises pour ralentir la propagation du coronavirus, a constat\u00e9 un correspondant de l&rsquo;AFP. Quelque 700 personnes ont particip\u00e9 \u00e0 ce rassemblement contre ces mesures, qui comprennent [&hellip;]<\/p>\n","protected":false},"author":2,"featured_media":16856,"comment_status":"open","ping_status":"open","sticky":false,"template":"","format":"standard","meta":{"_jetpack_memberships_contains_paid_content":false,"footnotes":"","jetpack_publicize_message":"","jetpack_publicize_feature_enabled":true,"jetpack_social_post_already_shared":true,"jetpack_social_options":{"image_generator_settings":{"template":"highway","default_image_id":0,"font":"","enabled":false},"version":2},"_wpas_customize_per_network":false},"categories":[405],"tags":[],"class_list":["post-16855","post","type-post","status-publish","format-standard","has-post-thumbnail","hentry","category-actu-france-monde"],"jetpack_publicize_connections":[],"jetpack_featured_media_url":"https:\/\/i0.wp.com\/www.iceagetv.com\/radiosite\/wp-content\/uploads\/2020\/10\/Des-affrontements-ont-%C3%A9clat%C3%A9-cette-nuit-dans-le-centre-de-Barcelone-entre-des-manifestants-et-la-police-contre-les-restrictions.png?fit=634%2C283&ssl=1","jetpack_sharing_enabled":true,"_links":{"self":[{"href":"https:\/\/www.iceagetv.com\/radiosite\/wp-json\/wp\/v2\/posts\/16855","targetHints":{"allow":["GET"]}}],"collection":[{"href":"https:\/\/www.iceagetv.com\/radiosite\/wp-json\/wp\/v2\/posts"}],"about":[{"href":"https:\/\/www.iceagetv.com\/radiosite\/wp-json\/wp\/v2\/types\/post"}],"author":[{"embeddable":true,"href":"https:\/\/www.iceagetv.com\/radiosite\/wp-json\/wp\/v2\/users\/2"}],"replies":[{"embeddable":true,"href":"https:\/\/www.iceagetv.com\/radiosite\/wp-json\/wp\/v2\/comments?post=16855"}],"version-history":[{"count":1,"href":"https:\/\/www.iceagetv.com\/radiosite\/wp-json\/wp\/v2\/posts\/16855\/revisions"}],"predecessor-version":[{"id":16857,"href":"https:\/\/www.iceagetv.com\/radiosite\/wp-json\/wp\/v2\/posts\/16855\/revisions\/16857"}],"wp:featuredmedia":[{"embeddable":true,"href":"https:\/\/www.iceagetv.com\/radiosite\/wp-json\/wp\/v2\/media\/16856"}],"wp:attachment":[{"href":"https:\/\/www.iceagetv.com\/radiosite\/wp-json\/wp\/v2\/media?parent=16855"}],"wp:term":[{"taxonomy":"category","embeddable":true,"href":"https:\/\/www.iceagetv.com\/radiosite\/wp-json\/wp\/v2\/categories?post=16855"},{"taxonomy":"post_tag","embeddable":true,"href":"https:\/\/www.iceagetv.com\/radiosite\/wp-json\/wp\/v2\/tags?post=16855"}],"curies":[{"name":"wp","href":"https:\/\/api.w.org\/{rel}","templated":true}]}}