{"id":16891,"date":"2020-11-03T07:58:19","date_gmt":"2020-11-03T07:58:19","guid":{"rendered":"http:\/\/www.iceagetv.com\/radiosite\/?p=16891"},"modified":"2020-11-03T07:58:19","modified_gmt":"2020-11-03T07:58:19","slug":"attaque-en-autriche-une-chasse-a-lhomme-a-ete-lancee-cette-nuit-a-vienne-apres-lattentat-contre-6-lieux-et-qui-a-fait-au-moins-cinq-morts-dont-un-assaillant-et-15-blesses","status":"publish","type":"post","link":"https:\/\/www.iceagetv.com\/radiosite\/attaque-en-autriche-une-chasse-a-lhomme-a-ete-lancee-cette-nuit-a-vienne-apres-lattentat-contre-6-lieux-et-qui-a-fait-au-moins-cinq-morts-dont-un-assaillant-et-15-blesses\/","title":{"rendered":"Attaque en Autriche &#8211; Une chasse \u00e0 l&rsquo;homme a \u00e9t\u00e9 lanc\u00e9e cette nuit \u00e0 Vienne apr\u00e8s l&rsquo;attentat contre 6 lieux et qui a fait au moins cinq morts dont un assaillant et 15 bless\u00e9s"},"content":{"rendered":"\n<p> <strong>Une quatri\u00e8me victime de l&rsquo;attaque commise lundi soir \u00e0 Vienne est morte, rapporte mardi l&rsquo;agence de presse APA, ce qui porte le bilan \u00e0 quatre civils tu\u00e9s, en plus d&rsquo;un assaillant. Le journal Kurier, citant le maire de la capitale autrichienne Michael Ludwig, a lui aussi fait \u00e9tat d&rsquo;une quatri\u00e8me personne tu\u00e9e en plus d&rsquo;un assaillant.<\/strong>  La chanceli\u00e8re allemande Angela Merkel exprime sa solidarit\u00e9 aux Autrichiens apr\u00e8s les attentats commis dans le centre de Vienne:\u00a0\u00ab\u00a0Nous, Allemands, sommes solidaires et compatissants envers nos amis Autrichiens. La lutte contre le terrorisme islamiste est notre combat commun.\u00a0\u00bb  <strong>L&rsquo;homme arm\u00e9 abattu par la police est un \u00ab\u00a0terroriste islamiste\u00a0\u00bb, d\u00e9clare le ministre de l&rsquo;Int\u00e9rieur autrichien<\/strong>\u00a0en conf\u00e9rence de presse.\u00a0Lors de sa conf\u00e9rence de presse, le ministre de l&rsquo;Int\u00e9rieur autrichien, Karl Nehammer, a de nouveau appel\u00e9 les habitants \u00e0 rester chez eux dans la journ\u00e9e. Le ministre avait d\u00e9clar\u00e9 que l&rsquo;assaillant abattu hier \u00e9tait lourdement arm\u00e9 et \u00e9quip\u00e9 d&rsquo;une ceinture explosive, mais la police de Vienne\u00a0a depuis indiqu\u00e9\u00a0que celle-ci \u00e9tait factice. La police m\u00e8ne toujours une traque pour retrouver un ou plusieurs suspects.\u00a0Les enqu\u00eateurs ont acc\u00e9d\u00e9 au logement de l&rsquo;assaillant identifi\u00e9 en for\u00e7ant la porte avec des explosifs, a pr\u00e9cis\u00e9 le ministre, sans souhaiter donner davantage de d\u00e9tails sur le profil de l&rsquo;attaquant. Karl Nehammer, qui avait affirm\u00e9 auparavant qu&rsquo;au moins un autre suspect \u00e9tait en fuite, a dit partir du principe qu&rsquo;ils \u00e9taient\u00a0\u00ab\u00a0plusieurs\u00a0\u00bb\u00a0sans pouvoir formellement l&rsquo;assurer. Les enqu\u00eateurs tentent de d\u00e9terminer s&rsquo;il est possible qu&rsquo;il n&rsquo;y en ait eu qu&rsquo;un seul, alors\u00a0\u00ab\u00a0que les tirs ont eu lieux en diff\u00e9rents endroits\u00a0\u00bb. Le chef de la police viennoise annonce que trois civils sont morts dans l&rsquo;attaque commise dans la capitale autrichienne, deux hommes et une femme. <strong>Le bilan communiqu\u00e9 \u00e0 l&rsquo;instant est de 3 morts dont l&rsquo;assaillant<\/strong> <\/p>\n\n\n\n<p><strong>Une chasse \u00e0 l&rsquo;homme a \u00e9t\u00e9 lanc\u00e9e cette nuit \u00e0 Vienne apr\u00e8s l&rsquo;attentat qui a fait au moins deux morts et sem\u00e9 la terreur dans la capitale autrichienne, une \u00ab\u00a0attaque terroriste\u00a0\u00bb selon le chancelier Sebastian Kurz.<\/strong>&nbsp;Un des assaillants, dont le nombre n&rsquo;est pas connu, \u00e9tait toujours recherch\u00e9 vers 05h00 GMT. \u00ab\u00a0Au moins un suspect se trouve en fuite\u00a0\u00bb, a d\u00e9clar\u00e9 le ministre autrichien de l&rsquo;Int\u00e9rieur, Karl Nehammer. L&rsquo;attaque survient peu apr\u00e8s des attentats islamistes commis en France.<\/p>\n\n\n\n<p>Selon le quotidien allemand Bild, l&rsquo;auteur principal de l&rsquo;attaque serait un membre de l&rsquo;organisation Etat islamique qui aurait annonc\u00e9 l&rsquo;action lundi sur Instagram.<\/p>\n\n\n\n<p>A Vienne, le porte-parole du minist\u00e8re de l&rsquo;Int\u00e9rieur, Harald S\u00f6r\u00f6s, a r\u00e9agi avec prudence \u00e0 l&rsquo;information de Bild.<\/p>\n\n\n\n<p>\u00ab\u00a0Nous ne pouvons pas confirmer cela pour le moment\u00a0\u00bb, a-t-il d\u00e9clar\u00e9 \u00e0 l&rsquo;agence de presse autrichienne APA. \u00ab\u00a0Mais nous enqu\u00eatons dessus et nous esp\u00e9rons pouvoir donner des informations lors d&rsquo;une conf\u00e9rence de presse pr\u00e9vue pour 06h00\u00a0\u00bb heure locale (05h00 GMT).<\/p>\n\n\n\n<p>Les tirs ont \u00e9clat\u00e9 en d\u00e9but de soir\u00e9e, \u00e0 quelques heures de l&rsquo;entr\u00e9e en vigueur d&rsquo;un reconfinement de l&rsquo;Autriche pour lutter contre la pand\u00e9mie de coronavirus. Le drame s&rsquo;est d\u00e9roul\u00e9 en plein coeur de la capitale autrichienne, pr\u00e8s d&rsquo;une importante synagogue et de l&rsquo;Op\u00e9ra. \u00ab\u00a0A ce stade, il n&rsquo;est pas possible de dire si la synagogue\u00a0\u00bb \u00e9tait la cible des tireurs, a d\u00e9clar\u00e9 Oskar Deutsch, le pr\u00e9sident de la communaut\u00e9 isra\u00e9lite de Vienne (IKG).<\/p>\n\n\n\n<p>En tout, \u00ab\u00a0six lieux diff\u00e9rents\u00a0\u00bb ont \u00e9t\u00e9 vis\u00e9s par les tirs, selon la police. Des t\u00e9moins ont racont\u00e9 avoir vu un homme tirer \u00ab\u00a0comme un fou\u00a0\u00bb avec une arme automatique. \u00ab\u00a0On aurait dit des p\u00e9tards, puis on a r\u00e9alis\u00e9 qu&rsquo;il s&rsquo;agissait de coups de feu\u00a0\u00bb, a expliqu\u00e9 l&rsquo;un d&rsquo;eux sur la cha\u00eene de t\u00e9l\u00e9vision publique ORF. Un t\u00e9moin interrog\u00e9 \u00e0 la t\u00e9l\u00e9vision a dit avoir vu \u00ab\u00a0une personne courir avec une arme automatique\u00a0\u00bb, un autre faisant \u00e9tat d'\u00a0\u00bbau moins 50 coups de feu\u00a0\u00bb.<\/p>\n\n\n\n<p>La stupeur s&rsquo;est aussit\u00f4t install\u00e9e dans les restaurants et les bars du quartier, o\u00f9 les clients ont \u00e9t\u00e9 pri\u00e9s de rester \u00e0 l&rsquo;int\u00e9rieur, lumi\u00e8res \u00e9teintes, pendant que les sir\u00e8nes des ambulances hurlaient \u00e0 l&rsquo;ext\u00e9rieur. H\u00e9licopt\u00e8res survolant les lieux, cordons de police, contr\u00f4les aux fronti\u00e8res, soldats et policiers mobilis\u00e9s pour retrouver l&rsquo;agresseur en fuite: la ville de Vienne s&rsquo;est rapidement mu\u00e9e en zone retranch\u00e9e, tandis que le chancelier Kurz condamnait \u00ab\u00a0une attaque terroriste r\u00e9pugnante\u00a0\u00bb. Selon les autorit\u00e9s, deux personnes ont \u00e9t\u00e9 tu\u00e9es dans l&rsquo;attaque et un des assaillants a \u00e9t\u00e9 abattu par la police, intervenue rapidement sur les lieux et dont l&rsquo;un des membres a \u00e9t\u00e9 bless\u00e9.<\/p>\n\n\n\n<p>La premi\u00e8re victime est un passant et la deuxi\u00e8me une femme d\u00e9c\u00e9d\u00e9e des suites de ses blessures, selon des d\u00e9clarations \u00e0 ORF du maire de Vienne, Michael Ludwig, qui a aussi fait \u00e9tat de 15 personnes hospitalis\u00e9es, dont sept dans un \u00e9tat grave.<\/p>\n\n\n\n<p>Peu de temps apr\u00e8s, les spectateurs de l&rsquo;Op\u00e9ra ont quitt\u00e9 sous escorte la repr\u00e9sentation \u00e0 laquelle ils assistaient, la derni\u00e8re avant le confinement. Le ministre de l&rsquo;Int\u00e9rieur a appel\u00e9 les habitants \u00e0 \u00eatre prudents et \u00e0 rester chez eux. \u00ab\u00a0Restez \u00e0 la maison! Si vous \u00eates dehors, r\u00e9fugiez-vous quelque part! Restez loin des lieux publics, n&rsquo;utilisez pas les transports!\u00a0\u00bb, a lanc\u00e9 la police sur son compte Twitter.<\/p>\n\n\n\n<p>Des policiers et des soldats ont \u00e9t\u00e9 mobilis\u00e9s pour prot\u00e9ger les b\u00e2timents importants de la capitale, et les enfants ont \u00e9t\u00e9 dispens\u00e9s d&rsquo;\u00e9cole mardi. \u00ab\u00a0Nous ne nous laisserons jamais intimider par le terrorisme et nous combattrons ces attaques avec tous nos moyens\u00a0\u00bb, a affirm\u00e9 le chancelier Kurz.<\/p>\n\n\n\n<p>L&rsquo;attentat a suscit\u00e9 de nombreuses condamnations \u00e0 travers le monde. \u00ab\u00a0Ces attaques du mal contre des innocents doivent s&rsquo;arr\u00eater\u00a0\u00bb, a d\u00e9clar\u00e9 le pr\u00e9sident am\u00e9ricain Donald Trump. \u00ab\u00a0Les Etats-Unis se tiennent aux c\u00f4t\u00e9 de l&rsquo;Autriche, de la France, et de l&rsquo;Europe toute enti\u00e8re dans le combat contre les terroristes, dont les terroristes islamiques radicaux\u00a0\u00bb, a-t-il dit. L&rsquo;Union europ\u00e9enne a condamn\u00e9 \u00ab\u00a0avec force\u00a0\u00bb cette \u00ab\u00a0horrible attaque\u00a0\u00bb, selon les mots sur Twitter du pr\u00e9sident du Conseil europ\u00e9en Charles Michel, \u00e9voquant \u00ab\u00a0un acte l\u00e2che\u00a0\u00bb qui \u00ab\u00a0viole la vie et nos valeurs humaines\u00a0\u00bb.<\/p>\n\n\n\n<p>La pr\u00e9sidente de la Commission europ\u00e9enne, Ursula von der Leyen, a \u00e9crit, \u00e9galement sur Twitter: \u00ab\u00a0L&rsquo;Europe est totalement solidaire de l&rsquo;Autriche. Nous sommes plus forts que la haine et la terreur\u00a0\u00bb. \u00ab\u00a0Nos ennemis doivent savoir \u00e0 qui ils ont affaire. Nous ne c\u00e9derons rien\u00a0\u00bb, a r\u00e9agi le pr\u00e9sident fran\u00e7ais Emmanuel Macron. L&rsquo;Allemagne a aussi fait part de sa solidarit\u00e9.<\/p>\n\n\n\n<p><\/p>\n","protected":false},"excerpt":{"rendered":"<p>Une quatri\u00e8me victime de l&rsquo;attaque commise lundi soir \u00e0 Vienne est morte, rapporte mardi l&rsquo;agence de presse APA, ce qui porte le bilan \u00e0 quatre civils tu\u00e9s, en plus d&rsquo;un assaillant. Le journal Kurier, citant le maire de la capitale autrichienne Michael Ludwig, a lui aussi fait \u00e9tat d&rsquo;une quatri\u00e8me personne tu\u00e9e en plus d&rsquo;un [&hellip;]<\/p>\n","protected":false},"author":2,"featured_media":16892,"comment_status":"open","ping_status":"open","sticky":false,"template":"","format":"standard","meta":{"_jetpack_memberships_contains_paid_content":false,"footnotes":"","jetpack_publicize_message":"","jetpack_publicize_feature_enabled":true,"jetpack_social_post_already_shared":true,"jetpack_social_options":{"image_generator_settings":{"template":"highway","default_image_id":0,"font":"","enabled":false},"version":2},"_wpas_customize_per_network":false},"categories":[405],"tags":[],"class_list":["post-16891","post","type-post","status-publish","format-standard","has-post-thumbnail","hentry","category-actu-france-monde"],"jetpack_publicize_connections":[],"jetpack_featured_media_url":"https:\/\/i0.wp.com\/www.iceagetv.com\/radiosite\/wp-content\/uploads\/2020\/11\/Attaque-en-Autriche.png?fit=875%2C384&ssl=1","jetpack_sharing_enabled":true,"_links":{"self":[{"href":"https:\/\/www.iceagetv.com\/radiosite\/wp-json\/wp\/v2\/posts\/16891","targetHints":{"allow":["GET"]}}],"collection":[{"href":"https:\/\/www.iceagetv.com\/radiosite\/wp-json\/wp\/v2\/posts"}],"about":[{"href":"https:\/\/www.iceagetv.com\/radiosite\/wp-json\/wp\/v2\/types\/post"}],"author":[{"embeddable":true,"href":"https:\/\/www.iceagetv.com\/radiosite\/wp-json\/wp\/v2\/users\/2"}],"replies":[{"embeddable":true,"href":"https:\/\/www.iceagetv.com\/radiosite\/wp-json\/wp\/v2\/comments?post=16891"}],"version-history":[{"count":1,"href":"https:\/\/www.iceagetv.com\/radiosite\/wp-json\/wp\/v2\/posts\/16891\/revisions"}],"predecessor-version":[{"id":16893,"href":"https:\/\/www.iceagetv.com\/radiosite\/wp-json\/wp\/v2\/posts\/16891\/revisions\/16893"}],"wp:featuredmedia":[{"embeddable":true,"href":"https:\/\/www.iceagetv.com\/radiosite\/wp-json\/wp\/v2\/media\/16892"}],"wp:attachment":[{"href":"https:\/\/www.iceagetv.com\/radiosite\/wp-json\/wp\/v2\/media?parent=16891"}],"wp:term":[{"taxonomy":"category","embeddable":true,"href":"https:\/\/www.iceagetv.com\/radiosite\/wp-json\/wp\/v2\/categories?post=16891"},{"taxonomy":"post_tag","embeddable":true,"href":"https:\/\/www.iceagetv.com\/radiosite\/wp-json\/wp\/v2\/tags?post=16891"}],"curies":[{"name":"wp","href":"https:\/\/api.w.org\/{rel}","templated":true}]}}