{"id":16906,"date":"2020-11-05T10:14:12","date_gmt":"2020-11-05T10:14:12","guid":{"rendered":"http:\/\/www.iceagetv.com\/radiosite\/?p=16906"},"modified":"2020-11-05T10:14:12","modified_gmt":"2020-11-05T10:14:12","slug":"rhone-deux-fillettes-de-6-et-8-ans-meurent-dans-lincendie-de-leur-maison-en-pleine-nuit","status":"publish","type":"post","link":"https:\/\/www.iceagetv.com\/radiosite\/rhone-deux-fillettes-de-6-et-8-ans-meurent-dans-lincendie-de-leur-maison-en-pleine-nuit\/","title":{"rendered":"Rh\u00f4ne : Deux fillettes de 6 et 8 ans meurent dans l\u2019incendie de leur maison en pleine nuit"},"content":{"rendered":"\n<p><strong>Les deux fillettes dormaient au sous-sol. Les secours n\u2019ont pas pu les sauver.<\/strong><\/p>\n\n\n\n<p>Un incendie s\u2019est d\u00e9clar\u00e9 dans un pavillon situ\u00e9 chemin de la Creuse \u00e0 Limas, pr\u00e8s de Villefranche-sur-Sa\u00f4ne (Rh\u00f4ne) dans la nuit de mercredi \u00e0 jeudi vers 04h30 du matin. Un couple et ses cinq enfants dormaient dans l\u2019habitation explique&nbsp;<a href=\"https:\/\/www.leprogres.fr\/\" target=\"_blank\" rel=\"noreferrer noopener\"><em>Le Progr\u00e8s<\/em><\/a>.<\/p>\n\n\n\n<p>Deux s\u0153urs \u00e2g\u00e9s de 6 et 8 ans se trouvaient dans une chambre au sous-sol, d\u2019o\u00f9 le feu est parti. Les deux enfants sont d\u00e9c\u00e9d\u00e9s. Les parents ont r\u00e9ussi \u00e0 sortir du logement en flammes avec leurs trois autres enfants. Ces derniers ont tout de m\u00eame \u00e9t\u00e9 intoxiqu\u00e9s par les fum\u00e9es et transport\u00e9s \u00e0 l\u2019h\u00f4pital.<\/p>\n\n\n\n<p>Une cinquantaine de sapeurs-pompiers ont \u00e9t\u00e9 d\u00e9ploy\u00e9s pour venir \u00e0 bout de cet incendie et prendre en charge les victimes. Les techniciens de la police scientifique de Lyon se sont \u00e9galement rendus sur place pour proc\u00e9der aux constatations.<\/p>\n\n\n\n<p>Une enqu\u00eate a \u00e9t\u00e9 ouverte, la piste accidentelle est privil\u00e9gi\u00e9e \u00e0 ce stade.<\/p>\n","protected":false},"excerpt":{"rendered":"<p>Les deux fillettes dormaient au sous-sol. Les secours n\u2019ont pas pu les sauver. Un incendie s\u2019est d\u00e9clar\u00e9 dans un pavillon situ\u00e9 chemin de la Creuse \u00e0 Limas, pr\u00e8s de Villefranche-sur-Sa\u00f4ne (Rh\u00f4ne) dans la nuit de mercredi \u00e0 jeudi vers 04h30 du matin. Un couple et ses cinq enfants dormaient dans l\u2019habitation explique&nbsp;Le Progr\u00e8s. Deux s\u0153urs [&hellip;]<\/p>\n","protected":false},"author":2,"featured_media":16907,"comment_status":"open","ping_status":"open","sticky":false,"template":"","format":"standard","meta":{"_jetpack_memberships_contains_paid_content":false,"footnotes":"","jetpack_publicize_message":"","jetpack_publicize_feature_enabled":true,"jetpack_social_post_already_shared":true,"jetpack_social_options":{"image_generator_settings":{"template":"highway","default_image_id":0,"font":"","enabled":false},"version":2},"_wpas_customize_per_network":false},"categories":[405],"tags":[],"class_list":["post-16906","post","type-post","status-publish","format-standard","has-post-thumbnail","hentry","category-actu-france-monde"],"jetpack_publicize_connections":[],"jetpack_featured_media_url":"https:\/\/i0.wp.com\/www.iceagetv.com\/radiosite\/wp-content\/uploads\/2020\/11\/Deux-fillettes-de-6-et-8-ans-meurent-dans-l%E2%80%99incendie-de-leur-maison-en-pleine-nuit.jpg?fit=1024%2C684&ssl=1","jetpack_sharing_enabled":true,"_links":{"self":[{"href":"https:\/\/www.iceagetv.com\/radiosite\/wp-json\/wp\/v2\/posts\/16906","targetHints":{"allow":["GET"]}}],"collection":[{"href":"https:\/\/www.iceagetv.com\/radiosite\/wp-json\/wp\/v2\/posts"}],"about":[{"href":"https:\/\/www.iceagetv.com\/radiosite\/wp-json\/wp\/v2\/types\/post"}],"author":[{"embeddable":true,"href":"https:\/\/www.iceagetv.com\/radiosite\/wp-json\/wp\/v2\/users\/2"}],"replies":[{"embeddable":true,"href":"https:\/\/www.iceagetv.com\/radiosite\/wp-json\/wp\/v2\/comments?post=16906"}],"version-history":[{"count":1,"href":"https:\/\/www.iceagetv.com\/radiosite\/wp-json\/wp\/v2\/posts\/16906\/revisions"}],"predecessor-version":[{"id":16908,"href":"https:\/\/www.iceagetv.com\/radiosite\/wp-json\/wp\/v2\/posts\/16906\/revisions\/16908"}],"wp:featuredmedia":[{"embeddable":true,"href":"https:\/\/www.iceagetv.com\/radiosite\/wp-json\/wp\/v2\/media\/16907"}],"wp:attachment":[{"href":"https:\/\/www.iceagetv.com\/radiosite\/wp-json\/wp\/v2\/media?parent=16906"}],"wp:term":[{"taxonomy":"category","embeddable":true,"href":"https:\/\/www.iceagetv.com\/radiosite\/wp-json\/wp\/v2\/categories?post=16906"},{"taxonomy":"post_tag","embeddable":true,"href":"https:\/\/www.iceagetv.com\/radiosite\/wp-json\/wp\/v2\/tags?post=16906"}],"curies":[{"name":"wp","href":"https:\/\/api.w.org\/{rel}","templated":true}]}}