{"id":16912,"date":"2020-11-05T12:16:33","date_gmt":"2020-11-05T12:16:33","guid":{"rendered":"http:\/\/www.iceagetv.com\/radiosite\/?p=16912"},"modified":"2020-11-05T12:16:33","modified_gmt":"2020-11-05T12:16:33","slug":"le-grand-metteur-en-scene-et-directeur-de-theatre-jean-pierre-vincent-est-decede-a-lage-de-78-ans","status":"publish","type":"post","link":"https:\/\/www.iceagetv.com\/radiosite\/le-grand-metteur-en-scene-et-directeur-de-theatre-jean-pierre-vincent-est-decede-a-lage-de-78-ans\/","title":{"rendered":"Le grand metteur en sc\u00e8ne et directeur de th\u00e9\u00e2tre Jean-Pierre Vincent est d\u00e9c\u00e9d\u00e9 \u00e0 l\u2019\u00e2ge de 78 ans"},"content":{"rendered":"\n<p>Le metteur en sc\u00e8ne Jean-Pierre Vincent, qui a d\u00e9poussi\u00e9r\u00e9 un grand nombre de classiques et a \u00e9t\u00e9 un compagnon d\u2019armes de&nbsp;Patrice Ch\u00e9reau, est d\u00e9c\u00e9d\u00e9 \u00e0 l\u2019\u00e2ge de 78 ans, a annonc\u00e9 aujourd&rsquo;hui sa famille \u00e0 l\u2019AFP. Atteint du&nbsp;Covid-19&nbsp;au printemps, il a \u00e9t\u00e9 hospitalis\u00e9 pour des AVC par la suite. La cause de sa mort dans la nuit de mercredi \u00e0 jeudi dans sa maison \u00e0 Mallemort, en Provence, n\u2019\u00e9tait pas connue dans l\u2019imm\u00e9diat.<\/p>\n\n\n\n<p>Avec Michel Bataillon et J\u00e9r\u00f4me Deschamps, il a \u00e9t\u00e9 compagnon de la premi\u00e8re heure de Patrice Ch\u00e9reau, au club de&nbsp;th\u00e9\u00e2tre&nbsp;du Lyc\u00e9e Louis-Le-Grand en 1958. \u201cOn s\u2019est mis \u00e0 lire Brecht comme des fous, et Meyerhold, qui n\u2019\u00e9tait pas encore traduit. Le th\u00e9\u00e2tre fran\u00e7ais de l\u2019\u00e9poque \u00e9tait horrible, pour nous \u2013 ces Marivaux jou\u00e9s avec l\u2019accent du 7e arrondissement&#8230; On \u00e9tait m\u00e9chants, on voulait bouffer le monde\u201d, confiait-il au&nbsp;Monde&nbsp;en 2018.<\/p>\n\n\n\n<p>Durant ses plus de 60 ans de carri\u00e8re,&nbsp;Jean-Pierre Vincent a \u00e9t\u00e9 directeur du Th\u00e9\u00e2tre national de Strasbourg en 1975 et administrateur g\u00e9n\u00e9ral de la Com\u00e9die-Fran\u00e7aise&nbsp;(1983-1986). Il a aussi dirig\u00e9 le Th\u00e9\u00e2tre des Amandiers de Nanterre (1990-2001), o\u00f9 il fait venir \u00e0 ses c\u00f4t\u00e9s Stanislas Nordey, actuel directeur du Th\u00e9\u00e2tre national de Strasbourg. Il clamera que le poste d\u2019administrateur du Fran\u00e7ais \u00e9tait \u201cle plus difficile avec celui de Matignon\u201d.<\/p>\n","protected":false},"excerpt":{"rendered":"<p>Le metteur en sc\u00e8ne Jean-Pierre Vincent, qui a d\u00e9poussi\u00e9r\u00e9 un grand nombre de classiques et a \u00e9t\u00e9 un compagnon d\u2019armes de&nbsp;Patrice Ch\u00e9reau, est d\u00e9c\u00e9d\u00e9 \u00e0 l\u2019\u00e2ge de 78 ans, a annonc\u00e9 aujourd&rsquo;hui sa famille \u00e0 l\u2019AFP. Atteint du&nbsp;Covid-19&nbsp;au printemps, il a \u00e9t\u00e9 hospitalis\u00e9 pour des AVC par la suite. La cause de sa mort dans [&hellip;]<\/p>\n","protected":false},"author":2,"featured_media":16913,"comment_status":"open","ping_status":"open","sticky":false,"template":"","format":"standard","meta":{"_jetpack_memberships_contains_paid_content":false,"footnotes":"","jetpack_publicize_message":"","jetpack_publicize_feature_enabled":true,"jetpack_social_post_already_shared":true,"jetpack_social_options":{"image_generator_settings":{"template":"highway","default_image_id":0,"font":"","enabled":false},"version":2},"_wpas_customize_per_network":false},"categories":[405],"tags":[],"class_list":["post-16912","post","type-post","status-publish","format-standard","has-post-thumbnail","hentry","category-actu-france-monde"],"jetpack_publicize_connections":[],"jetpack_featured_media_url":"https:\/\/i0.wp.com\/www.iceagetv.com\/radiosite\/wp-content\/uploads\/2020\/11\/Jean-Pierre-Vincent.png?fit=630%2C265&ssl=1","jetpack_sharing_enabled":true,"_links":{"self":[{"href":"https:\/\/www.iceagetv.com\/radiosite\/wp-json\/wp\/v2\/posts\/16912","targetHints":{"allow":["GET"]}}],"collection":[{"href":"https:\/\/www.iceagetv.com\/radiosite\/wp-json\/wp\/v2\/posts"}],"about":[{"href":"https:\/\/www.iceagetv.com\/radiosite\/wp-json\/wp\/v2\/types\/post"}],"author":[{"embeddable":true,"href":"https:\/\/www.iceagetv.com\/radiosite\/wp-json\/wp\/v2\/users\/2"}],"replies":[{"embeddable":true,"href":"https:\/\/www.iceagetv.com\/radiosite\/wp-json\/wp\/v2\/comments?post=16912"}],"version-history":[{"count":1,"href":"https:\/\/www.iceagetv.com\/radiosite\/wp-json\/wp\/v2\/posts\/16912\/revisions"}],"predecessor-version":[{"id":16914,"href":"https:\/\/www.iceagetv.com\/radiosite\/wp-json\/wp\/v2\/posts\/16912\/revisions\/16914"}],"wp:featuredmedia":[{"embeddable":true,"href":"https:\/\/www.iceagetv.com\/radiosite\/wp-json\/wp\/v2\/media\/16913"}],"wp:attachment":[{"href":"https:\/\/www.iceagetv.com\/radiosite\/wp-json\/wp\/v2\/media?parent=16912"}],"wp:term":[{"taxonomy":"category","embeddable":true,"href":"https:\/\/www.iceagetv.com\/radiosite\/wp-json\/wp\/v2\/categories?post=16912"},{"taxonomy":"post_tag","embeddable":true,"href":"https:\/\/www.iceagetv.com\/radiosite\/wp-json\/wp\/v2\/tags?post=16912"}],"curies":[{"name":"wp","href":"https:\/\/api.w.org\/{rel}","templated":true}]}}