{"id":16918,"date":"2020-11-06T12:41:46","date_gmt":"2020-11-06T12:41:46","guid":{"rendered":"http:\/\/www.iceagetv.com\/radiosite\/?p=16918"},"modified":"2020-11-06T12:41:46","modified_gmt":"2020-11-06T12:41:46","slug":"un-hommage-national-sera-rendu-demain-a-nice-en-presence-du-premier-ministre-jean-castex-aux-trois-victimes-de-lattaque-mortelle-au-couteau-dans-la-basilique-notre-dame-de-lassompt","status":"publish","type":"post","link":"https:\/\/www.iceagetv.com\/radiosite\/un-hommage-national-sera-rendu-demain-a-nice-en-presence-du-premier-ministre-jean-castex-aux-trois-victimes-de-lattaque-mortelle-au-couteau-dans-la-basilique-notre-dame-de-lassompt\/","title":{"rendered":"Un hommage national sera rendu demain \u00e0 Nice, en pr\u00e9sence du Premier ministre Jean Castex, aux trois victimes de l\u2019attaque mortelle au couteau dans la basilique Notre-Dame-de-l\u2019Assomption"},"content":{"rendered":"\n<p>Un hommage national sera rendu demain \u00e0 Nice, en pr\u00e9sence du Premier ministre Jean Castex, aux trois victimes de l\u2019attaque mortelle au couteau dans la basilique Notre-Dame-de-l\u2019Assomption fin octobre, a annonc\u00e9 Matignon vendredi.<\/p>\n\n\n\n<p>Lors de cette c\u00e9r\u00e9monie qui se d\u00e9roulera \u00ab&nbsp;au sommet de la Colline du Ch\u00e2teau&nbsp;\u00bb, le chef du gouvernement fera une allocution \u00e0 12H10 et aura \u00ab&nbsp;un temps d\u2019\u00e9change avec les familles des victimes&nbsp;\u00bb. Il remettra \u00e9galement des d\u00e9corations aux policiers municipaux de Nice, selon le d\u00e9roul\u00e9 pr\u00e9visionnel de la c\u00e9r\u00e9monie.<\/p>\n\n\n\n<p>Le Premier ministre sera accompagn\u00e9 du Garde des Sceaux \u00c9ric Dupond-Moretti, de la ministre de l\u2019Enseignement sup\u00e9rieur Fr\u00e9d\u00e9rique Vidal et de la ministre d\u00e9l\u00e9gu\u00e9e \u00e0 la Citoyennet\u00e9 Marl\u00e8ne Schiappa.<\/p>\n\n\n\n<p>L\u2019auteur de cette attaque le 29 octobre, un Tunisien de 21 ans, Brahim Aouissaoui, avait \u00e9t\u00e9 stopp\u00e9 par les policiers qui lui avaient tir\u00e9 dessus \u00e0 plusieurs reprises.<\/p>\n\n\n\n<p>Jeudi, le pronostic vital de Brahim Aouissaoui, test\u00e9 positif au coronavirus, \u00e9tait toujours engag\u00e9, a indiqu\u00e9 \u00e0 l\u2019AFP une source proche du dossier.<\/p>\n\n\n\n<p>Au total, onze personnes ont \u00e9t\u00e9 plac\u00e9es en garde \u00e0 vue et dix rel\u00e2ch\u00e9es depuis le d\u00e9but de l\u2019enqu\u00eate, ouverte par le parquet antiterroriste notamment pour \u00ab&nbsp;assassinats en relation avec une entreprise terroriste&nbsp;\u00bb et coordonn\u00e9e par la Sous-direction antiterroriste (Sdat).<\/p>\n","protected":false},"excerpt":{"rendered":"<p>Un hommage national sera rendu demain \u00e0 Nice, en pr\u00e9sence du Premier ministre Jean Castex, aux trois victimes de l\u2019attaque mortelle au couteau dans la basilique Notre-Dame-de-l\u2019Assomption fin octobre, a annonc\u00e9 Matignon vendredi. Lors de cette c\u00e9r\u00e9monie qui se d\u00e9roulera \u00ab&nbsp;au sommet de la Colline du Ch\u00e2teau&nbsp;\u00bb, le chef du gouvernement fera une allocution \u00e0 [&hellip;]<\/p>\n","protected":false},"author":2,"featured_media":16919,"comment_status":"open","ping_status":"open","sticky":false,"template":"","format":"standard","meta":{"_jetpack_memberships_contains_paid_content":false,"footnotes":"","jetpack_publicize_message":"","jetpack_publicize_feature_enabled":true,"jetpack_social_post_already_shared":true,"jetpack_social_options":{"image_generator_settings":{"template":"highway","default_image_id":0,"font":"","enabled":false},"version":2},"_wpas_customize_per_network":false},"categories":[405],"tags":[],"class_list":["post-16918","post","type-post","status-publish","format-standard","has-post-thumbnail","hentry","category-actu-france-monde"],"jetpack_publicize_connections":[],"jetpack_featured_media_url":"https:\/\/i0.wp.com\/www.iceagetv.com\/radiosite\/wp-content\/uploads\/2020\/11\/Un-hommage-national-sera-rendu-demain-%C3%A0-Nice-en-pr%C3%A9sence-du-Premier-ministre-Jean-Castex-aux-trois-victimes-de-l%E2%80%99attaque-mortelle-au-couteau-dans-la-basilique-Notre-Dame-de-l%E2%80%99Assomption.png?fit=623%2C271&ssl=1","jetpack_sharing_enabled":true,"_links":{"self":[{"href":"https:\/\/www.iceagetv.com\/radiosite\/wp-json\/wp\/v2\/posts\/16918","targetHints":{"allow":["GET"]}}],"collection":[{"href":"https:\/\/www.iceagetv.com\/radiosite\/wp-json\/wp\/v2\/posts"}],"about":[{"href":"https:\/\/www.iceagetv.com\/radiosite\/wp-json\/wp\/v2\/types\/post"}],"author":[{"embeddable":true,"href":"https:\/\/www.iceagetv.com\/radiosite\/wp-json\/wp\/v2\/users\/2"}],"replies":[{"embeddable":true,"href":"https:\/\/www.iceagetv.com\/radiosite\/wp-json\/wp\/v2\/comments?post=16918"}],"version-history":[{"count":1,"href":"https:\/\/www.iceagetv.com\/radiosite\/wp-json\/wp\/v2\/posts\/16918\/revisions"}],"predecessor-version":[{"id":16920,"href":"https:\/\/www.iceagetv.com\/radiosite\/wp-json\/wp\/v2\/posts\/16918\/revisions\/16920"}],"wp:featuredmedia":[{"embeddable":true,"href":"https:\/\/www.iceagetv.com\/radiosite\/wp-json\/wp\/v2\/media\/16919"}],"wp:attachment":[{"href":"https:\/\/www.iceagetv.com\/radiosite\/wp-json\/wp\/v2\/media?parent=16918"}],"wp:term":[{"taxonomy":"category","embeddable":true,"href":"https:\/\/www.iceagetv.com\/radiosite\/wp-json\/wp\/v2\/categories?post=16918"},{"taxonomy":"post_tag","embeddable":true,"href":"https:\/\/www.iceagetv.com\/radiosite\/wp-json\/wp\/v2\/tags?post=16918"}],"curies":[{"name":"wp","href":"https:\/\/api.w.org\/{rel}","templated":true}]}}