{"id":16948,"date":"2020-11-07T19:58:35","date_gmt":"2020-11-07T19:58:35","guid":{"rendered":"http:\/\/www.iceagetv.com\/radiosite\/?p=16948"},"modified":"2020-11-07T19:58:35","modified_gmt":"2020-11-07T19:58:35","slug":"presidentielle-americaine-nouvelle-vice-presidente-kamala-harris-entre-a-pieds-joints-dans-lhistoire","status":"publish","type":"post","link":"https:\/\/www.iceagetv.com\/radiosite\/presidentielle-americaine-nouvelle-vice-presidente-kamala-harris-entre-a-pieds-joints-dans-lhistoire\/","title":{"rendered":"Pr\u00e9sidentielle am\u00e9ricaine : Nouvelle vice-pr\u00e9sidente, Kamala Harris entre \u00e0 pieds joints dans l\u2019Histoire"},"content":{"rendered":"\n<p> C\u2019est elle qui, lors des d\u00e9bats entre les candidats d\u00e9mocrates, \u00e9tait celle qui avait attaqu\u00e9 le plus frontalement son adversaire d\u2019alors. Un certain\u00a0<a href=\"https:\/\/www.20minutes.fr\/dossier\/joe_biden\">Joe Biden<\/a>\u2026\u00a0<a href=\"https:\/\/www.20minutes.fr\/politique\/kamala-harris\/\">Kamala Harris<\/a>\u00a0obtient ce samedi la cons\u00e9cration en devenant la future vice-pr\u00e9sidente des\u00a0<a href=\"https:\/\/www.20minutes.fr\/monde\/etats-unis\/\">Etats-Unis<\/a>. Ancienne procureure et fille d\u2019immigr\u00e9s, elle\u00a0entre ainsi \u00e0 pieds joints dans l\u2019Histoire, en tant que premi\u00e8re femme et premi\u00e8re personne noire \u00e0\u00a0acc\u00e9der \u00e0 ce poste.  Ag\u00e9e de\u00a056 ans, la s\u00e9natrice de\u00a0<a href=\"https:\/\/www.20minutes.fr\/dossier\/californie\">Californie\u00a0<\/a>a permis \u00e0 Joe Biden, son a\u00een\u00e9 de 20 ans, d\u2019engranger durant cette campagne chaotique les voix d\u2019un \u00e9lectorat plus divers, qui avait soif de se voir mieux repr\u00e9sent\u00e9 au sommet du pouvoir. A tel point que certains \u00e9lecteurs disaient voter non pas pour\u00a0Biden mais pour Harris, la fille d\u2019un p\u00e8re jama\u00efcain et d\u2019une m\u00e8re indienne. <\/p>\n\n\n\n<h2 class=\"wp-block-heading\">Une campagne \u00e0 l\u2019\u00e9nergie<\/h2>\n\n\n\n<p>Avant le scrutin, Kamala Harris&nbsp;a appel\u00e9 sans rel\u00e2che \u00e0 une mobilisation historique des femmes et des minorit\u00e9s, en d\u00e9non\u00e7ant les tentatives d\u2019entraver le scrutin dans des Etats r\u00e9publicains. \u00ab&nbsp;Pourquoi croyez-vous que tant de gens puissants (\u2026) essayent de vous emp\u00eacher de voter&nbsp;\u00bb, a-t-elle demand\u00e9 en&nbsp;<a href=\"https:\/\/www.20minutes.fr\/elections\/2903007-20201106-presidentielle-americaine-etat-georgie-va-proceder-recomptage-voix\">G\u00e9orgie, l\u2019un des Etats-cl\u00e9s de l\u2019\u00e9lection<\/a>, finalement remport\u00e9 par les d\u00e9mocrates en attendant le recomptage des voix. \u00ab&nbsp;Ils connaissent votre pouvoir&nbsp;\u00bb, a-t-elle r\u00e9pondu. \u00ab&nbsp;Ne laissez personne vous mettre hors-jeu.&nbsp;\u00bb<\/p>\n\n\n\n<p>Arborant toujours un masque contre le&nbsp;<a href=\"https:\/\/www.20minutes.fr\/dossier\/coronavirus\">coronavirus&nbsp;<\/a>et respectant les distances de pr\u00e9caution comme Joe Biden, elle a men\u00e9 une campagne plus active que le septuag\u00e9naire, dansant au rythme des fanfares ou s\u2019entretenant avec les clients de caf\u00e9s\u2026 en ext\u00e9rieur, pand\u00e9mie oblige. Elle a aussi rencontr\u00e9 \u00e0 Milwaukee la famille de&nbsp;<a href=\"https:\/\/www.20minutes.fr\/monde\/2846731-20200826-violences-policieres-etats-unis-jacob-blake-doute-paralyse-vie-mere-appelle-calme\">Jacob Blake<\/a>, un homme noir gri\u00e8vement bless\u00e9 par la police, en pleine vague de col\u00e8re historique contre le racisme aux Etats-Unis.<\/p>\n\n\n\n<p><\/p>\n","protected":false},"excerpt":{"rendered":"<p>C\u2019est elle qui, lors des d\u00e9bats entre les candidats d\u00e9mocrates, \u00e9tait celle qui avait attaqu\u00e9 le plus frontalement son adversaire d\u2019alors. Un certain\u00a0Joe Biden\u2026\u00a0Kamala Harris\u00a0obtient ce samedi la cons\u00e9cration en devenant la future vice-pr\u00e9sidente des\u00a0Etats-Unis. Ancienne procureure et fille d\u2019immigr\u00e9s, elle\u00a0entre ainsi \u00e0 pieds joints dans l\u2019Histoire, en tant que premi\u00e8re femme et premi\u00e8re personne [&hellip;]<\/p>\n","protected":false},"author":2,"featured_media":16949,"comment_status":"open","ping_status":"open","sticky":false,"template":"","format":"standard","meta":{"_jetpack_memberships_contains_paid_content":false,"footnotes":"","jetpack_publicize_message":"","jetpack_publicize_feature_enabled":true,"jetpack_social_post_already_shared":true,"jetpack_social_options":{"image_generator_settings":{"template":"highway","default_image_id":0,"font":"","enabled":false},"version":2},"_wpas_customize_per_network":false},"categories":[405],"tags":[],"class_list":["post-16948","post","type-post","status-publish","format-standard","has-post-thumbnail","hentry","category-actu-france-monde"],"jetpack_publicize_connections":[],"jetpack_featured_media_url":"https:\/\/i0.wp.com\/www.iceagetv.com\/radiosite\/wp-content\/uploads\/2020\/11\/Nouvelle-vice-pr%C3%A9sidente.png?fit=632%2C411&ssl=1","jetpack_sharing_enabled":true,"_links":{"self":[{"href":"https:\/\/www.iceagetv.com\/radiosite\/wp-json\/wp\/v2\/posts\/16948","targetHints":{"allow":["GET"]}}],"collection":[{"href":"https:\/\/www.iceagetv.com\/radiosite\/wp-json\/wp\/v2\/posts"}],"about":[{"href":"https:\/\/www.iceagetv.com\/radiosite\/wp-json\/wp\/v2\/types\/post"}],"author":[{"embeddable":true,"href":"https:\/\/www.iceagetv.com\/radiosite\/wp-json\/wp\/v2\/users\/2"}],"replies":[{"embeddable":true,"href":"https:\/\/www.iceagetv.com\/radiosite\/wp-json\/wp\/v2\/comments?post=16948"}],"version-history":[{"count":1,"href":"https:\/\/www.iceagetv.com\/radiosite\/wp-json\/wp\/v2\/posts\/16948\/revisions"}],"predecessor-version":[{"id":16950,"href":"https:\/\/www.iceagetv.com\/radiosite\/wp-json\/wp\/v2\/posts\/16948\/revisions\/16950"}],"wp:featuredmedia":[{"embeddable":true,"href":"https:\/\/www.iceagetv.com\/radiosite\/wp-json\/wp\/v2\/media\/16949"}],"wp:attachment":[{"href":"https:\/\/www.iceagetv.com\/radiosite\/wp-json\/wp\/v2\/media?parent=16948"}],"wp:term":[{"taxonomy":"category","embeddable":true,"href":"https:\/\/www.iceagetv.com\/radiosite\/wp-json\/wp\/v2\/categories?post=16948"},{"taxonomy":"post_tag","embeddable":true,"href":"https:\/\/www.iceagetv.com\/radiosite\/wp-json\/wp\/v2\/tags?post=16948"}],"curies":[{"name":"wp","href":"https:\/\/api.w.org\/{rel}","templated":true}]}}