{"id":16958,"date":"2020-11-08T17:34:50","date_gmt":"2020-11-08T17:34:50","guid":{"rendered":"http:\/\/www.iceagetv.com\/radiosite\/?p=16958"},"modified":"2020-11-08T17:34:50","modified_gmt":"2020-11-08T17:34:50","slug":"coronavirus-en-france-un-ralentissement-de-la-progression-de-lepidemie-selon-olivier-veran","status":"publish","type":"post","link":"https:\/\/www.iceagetv.com\/radiosite\/coronavirus-en-france-un-ralentissement-de-la-progression-de-lepidemie-selon-olivier-veran\/","title":{"rendered":"Coronavirus en France : \u00ab\u00a0un ralentissement de la progression de l\u2019\u00e9pid\u00e9mie\u00a0\u00bb, selon Olivier V\u00e9ran"},"content":{"rendered":"\n<p>Les mesures prises \u00ab\u00a0ont permis d\u2019avoir une forme de ralentissement de la progression de l\u2019\u00e9pid\u00e9mie mais il est trop t\u00f4t pour juger de l\u2019effet du reconfinement\u00a0\u00bb, a d\u00e9clar\u00e9 le ministre de la Sant\u00e9 ce dimanche.<\/p>\n\n\n\n<p>Le ministre de la Sant\u00e9 Olivier V\u00e9ran a estim\u00e9 qu\u2019il y avait un \u00ab\u00a0fr\u00e9missement\u00a0\u00bb et \u00ab\u00a0une forme de ralentissement\u00a0\u00bb dans la progression de l\u2019\u00e9pid\u00e9mie de Covid-19&nbsp;en France, mais qu\u2019il \u00e9tait trop t\u00f4t pour tirer des conclusions sur l\u2019efficacit\u00e9 du reconfinement.<\/p>\n\n\n\n<p>Les mesures prises \u00ab\u00a0ont permis d\u2019avoir une forme de ralentissement de la progression de l\u2019\u00e9pid\u00e9mie mais il est trop t\u00f4t pour juger de l\u2019effet du reconfinement\u00a0\u00bb, a-t-il d\u00e9clar\u00e9 dimanche dans l\u2019\u00e9mission \u00ab\u00a0Questions Politiques\u00a0\u00bb (France Inter\/franceinfo\/Le Monde),&nbsp;<a href=\"https:\/\/www.sudouest.fr\/2020\/11\/07\/covid-19-la-france-franchit-la-barre-des-40-000-deces-8053959-10618.php\">alors que la France vient de franchir la barre des 40&nbsp;000&nbsp;morts<\/a>&nbsp;et d\u00e9nombrait vendredi plus de 60&nbsp;000&nbsp;cas de contamination en 24&nbsp;heures.<\/p>\n\n\n\n<h2 class=\"wp-block-heading\">Une augmentation les prochains jours&nbsp;<\/h2>\n\n\n\n<p>\u00ab\u00a0D\u2019ici la fin de la semaine, nous aurons des donn\u00e9es consolid\u00e9es\u00a0\u00bb, qui permettront d\u2019\u00e9valuer la situation, mais \u00ab\u00a0de toute fa\u00e7on il y aura une augmentation des hospitalisations et des r\u00e9animations dans les prochains jours puisque c\u2019est le reflet de la situation \u00e9pid\u00e9mique d\u2019avant le confinement\u00a0\u00bb, a-t-il ajout\u00e9.<\/p>\n","protected":false},"excerpt":{"rendered":"<p>Les mesures prises \u00ab\u00a0ont permis d\u2019avoir une forme de ralentissement de la progression de l\u2019\u00e9pid\u00e9mie mais il est trop t\u00f4t pour juger de l\u2019effet du reconfinement\u00a0\u00bb, a d\u00e9clar\u00e9 le ministre de la Sant\u00e9 ce dimanche. Le ministre de la Sant\u00e9 Olivier V\u00e9ran a estim\u00e9 qu\u2019il y avait un \u00ab\u00a0fr\u00e9missement\u00a0\u00bb et \u00ab\u00a0une forme de ralentissement\u00a0\u00bb dans [&hellip;]<\/p>\n","protected":false},"author":2,"featured_media":16959,"comment_status":"open","ping_status":"open","sticky":false,"template":"","format":"standard","meta":{"_jetpack_memberships_contains_paid_content":false,"footnotes":"","jetpack_publicize_message":"","jetpack_publicize_feature_enabled":true,"jetpack_social_post_already_shared":true,"jetpack_social_options":{"image_generator_settings":{"template":"highway","default_image_id":0,"font":"","enabled":false},"version":2},"_wpas_customize_per_network":false},"categories":[405],"tags":[],"class_list":["post-16958","post","type-post","status-publish","format-standard","has-post-thumbnail","hentry","category-actu-france-monde"],"jetpack_publicize_connections":[],"jetpack_featured_media_url":"https:\/\/i0.wp.com\/www.iceagetv.com\/radiosite\/wp-content\/uploads\/2020\/11\/un-ralentissement-de-la-progression-de-l%E2%80%99%C3%A9pid%C3%A9mie.png?fit=1000%2C500&ssl=1","jetpack_sharing_enabled":true,"_links":{"self":[{"href":"https:\/\/www.iceagetv.com\/radiosite\/wp-json\/wp\/v2\/posts\/16958","targetHints":{"allow":["GET"]}}],"collection":[{"href":"https:\/\/www.iceagetv.com\/radiosite\/wp-json\/wp\/v2\/posts"}],"about":[{"href":"https:\/\/www.iceagetv.com\/radiosite\/wp-json\/wp\/v2\/types\/post"}],"author":[{"embeddable":true,"href":"https:\/\/www.iceagetv.com\/radiosite\/wp-json\/wp\/v2\/users\/2"}],"replies":[{"embeddable":true,"href":"https:\/\/www.iceagetv.com\/radiosite\/wp-json\/wp\/v2\/comments?post=16958"}],"version-history":[{"count":1,"href":"https:\/\/www.iceagetv.com\/radiosite\/wp-json\/wp\/v2\/posts\/16958\/revisions"}],"predecessor-version":[{"id":16960,"href":"https:\/\/www.iceagetv.com\/radiosite\/wp-json\/wp\/v2\/posts\/16958\/revisions\/16960"}],"wp:featuredmedia":[{"embeddable":true,"href":"https:\/\/www.iceagetv.com\/radiosite\/wp-json\/wp\/v2\/media\/16959"}],"wp:attachment":[{"href":"https:\/\/www.iceagetv.com\/radiosite\/wp-json\/wp\/v2\/media?parent=16958"}],"wp:term":[{"taxonomy":"category","embeddable":true,"href":"https:\/\/www.iceagetv.com\/radiosite\/wp-json\/wp\/v2\/categories?post=16958"},{"taxonomy":"post_tag","embeddable":true,"href":"https:\/\/www.iceagetv.com\/radiosite\/wp-json\/wp\/v2\/tags?post=16958"}],"curies":[{"name":"wp","href":"https:\/\/api.w.org\/{rel}","templated":true}]}}