{"id":16982,"date":"2020-11-10T10:15:39","date_gmt":"2020-11-10T10:15:39","guid":{"rendered":"http:\/\/www.iceagetv.com\/radiosite\/?p=16982"},"modified":"2020-11-10T10:15:39","modified_gmt":"2020-11-10T10:15:39","slug":"rhone-des-violences-urbaines-ont-eclate-dans-la-banlieue-lyonnaise-cette-nuit","status":"publish","type":"post","link":"https:\/\/www.iceagetv.com\/radiosite\/rhone-des-violences-urbaines-ont-eclate-dans-la-banlieue-lyonnaise-cette-nuit\/","title":{"rendered":"Rh\u00f4ne : des violences urbaines ont \u00e9clat\u00e9 dans la banlieue lyonnaise cette nuit"},"content":{"rendered":"\n<p>Dans la nuit de ce lundi 9 novembre \u00e0 ce mardi 10, une s\u00e9rie de violences urbaines ont eu lieu dans l&rsquo;agglom\u00e9ration lyonnaise, dans le d\u00e9partement du Rh\u00f4ne, a indiqu\u00e9 la Police nationale. Ainsi,&nbsp;<strong>des incidents ont \u00e9t\u00e9 relev\u00e9s \u00e0 Bron, Rillieux-la-Pape, V\u00e9nissieux et Vaulx-en-Velin<\/strong>.&nbsp;<\/p>\n\n\n\n<p>\u00c0 Bron, dans le quartier du Terraillon, les pompiers ont \u00e9t\u00e9 appel\u00e9s vers 20h30 pour\u00a0<strong>un\u00a0<a href=\"https:\/\/www.rtl.fr\/actu\/environnement\/incendie-a-la-reunion-200-hectares-de-vegetation-du-maido-ravages-7800919640\">incendie<\/a>\u00a0de v\u00e9hicule<\/strong>. \u00c0 leur arriv\u00e9e, une quarantaine de personnes hostiles bloquaient le quartier. Lorsque les policiers sont intervenus, des\u00a0<a href=\"https:\/\/www.rtl.fr\/actu\/justice-faits-divers\/les-mortiers-d-artifice-ne-sont-ils-pas-deja-interdits-en-france-7800903555\"><strong>tirs de mortiers<\/strong><\/a><strong>\u00a0et de projectiles<\/strong>\u00a0ont eu lieu. Le calme est revenu vers 23 heures.\u00a0<br><br>\u00c0 Rillieux-la-Pape, les policiers sont intervenus pour\u00a0<strong>un conflit de voisinage<\/strong>. Un v\u00e9hicule de patrouille s&rsquo;est rendu sur les lieux, un\u00a0<a href=\"https:\/\/www.rtl.fr\/actu\/justice-faits-divers\/compiegne-des-policiers-et-pompiers-pris-a-partie-devant-un-lycee-un-blesse-7800919562\">policier<\/a>\u00a0est mont\u00e9, l&rsquo;autre est rest\u00e9 dans la\u00a0<a href=\"https:\/\/www.rtl.fr\/actu\/justice-faits-divers\/compiegne-des-policiers-et-pompiers-pris-a-partie-devant-un-lycee-un-blesse-7800919562\">voiture<\/a>\u00a0s\u00e9rigraphi\u00e9e.\u00a0<strong>Plusieurs cocktails Molotov<\/strong>\u00a0ont \u00e9t\u00e9 jet\u00e9s en direction de la voiture qui a r\u00e9ussi \u00e0 se d\u00e9gager.<\/p>\n\n\n\n<p><br>\u00c0\u00a0<a href=\"https:\/\/www.rtl.fr\/actu\/justice-faits-divers\/venissieux-deux-motards-meurent-dans-une-collision-7800727522\">V\u00e9nissieux<\/a>, dans le quartier des Minguettes, les pompiers et les policiers\u00a0sont intervenus sur\u00a0<strong>l&rsquo;incendie d&rsquo;une voiture et d&rsquo;un\u00a0<a href=\"https:\/\/www.rtl.fr\/actu\/justice-faits-divers\/boulogne-billancourt-une-fille-de-3-ans-percutee-par-un-livreur-a-scooter-7800764319\">scooter<\/a>.\u00a0<\/strong>\u00c0 leur arriv\u00e9e, un groupe d&rsquo;individus hostiles a jet\u00e9 des projectiles et cocktails Molotov. Enfin, \u00e0 Vaulx-en-Velin,\u00a0<strong>des projectiles ont \u00e9t\u00e9 jet\u00e9s sur des bus en d\u00e9but de soir\u00e9e<\/strong>. Une voiture de police s&rsquo;est rendue sur les lieux et a essuy\u00e9 \u00e0 son\u00a0tour des tirs de projectiles. Il n&rsquo;y a pas eu d&rsquo;interpellation.\u00a0 <\/p>\n","protected":false},"excerpt":{"rendered":"<p>Dans la nuit de ce lundi 9 novembre \u00e0 ce mardi 10, une s\u00e9rie de violences urbaines ont eu lieu dans l&rsquo;agglom\u00e9ration lyonnaise, dans le d\u00e9partement du Rh\u00f4ne, a indiqu\u00e9 la Police nationale. Ainsi,&nbsp;des incidents ont \u00e9t\u00e9 relev\u00e9s \u00e0 Bron, Rillieux-la-Pape, V\u00e9nissieux et Vaulx-en-Velin.&nbsp; \u00c0 Bron, dans le quartier du Terraillon, les pompiers ont \u00e9t\u00e9 [&hellip;]<\/p>\n","protected":false},"author":2,"featured_media":16983,"comment_status":"open","ping_status":"open","sticky":false,"template":"","format":"standard","meta":{"_jetpack_memberships_contains_paid_content":false,"footnotes":"","jetpack_publicize_message":"","jetpack_publicize_feature_enabled":true,"jetpack_social_post_already_shared":true,"jetpack_social_options":{"image_generator_settings":{"template":"highway","default_image_id":0,"font":"","enabled":false},"version":2},"_wpas_customize_per_network":false},"categories":[405],"tags":[],"class_list":["post-16982","post","type-post","status-publish","format-standard","has-post-thumbnail","hentry","category-actu-france-monde"],"jetpack_publicize_connections":[],"jetpack_featured_media_url":"https:\/\/i0.wp.com\/www.iceagetv.com\/radiosite\/wp-content\/uploads\/2020\/11\/des-violences-urbaines-ont-%C3%A9clat%C3%A9-dans-la-banlieue-lyonnaise-cette-nuit.jpg?fit=880%2C586&ssl=1","jetpack_sharing_enabled":true,"_links":{"self":[{"href":"https:\/\/www.iceagetv.com\/radiosite\/wp-json\/wp\/v2\/posts\/16982","targetHints":{"allow":["GET"]}}],"collection":[{"href":"https:\/\/www.iceagetv.com\/radiosite\/wp-json\/wp\/v2\/posts"}],"about":[{"href":"https:\/\/www.iceagetv.com\/radiosite\/wp-json\/wp\/v2\/types\/post"}],"author":[{"embeddable":true,"href":"https:\/\/www.iceagetv.com\/radiosite\/wp-json\/wp\/v2\/users\/2"}],"replies":[{"embeddable":true,"href":"https:\/\/www.iceagetv.com\/radiosite\/wp-json\/wp\/v2\/comments?post=16982"}],"version-history":[{"count":1,"href":"https:\/\/www.iceagetv.com\/radiosite\/wp-json\/wp\/v2\/posts\/16982\/revisions"}],"predecessor-version":[{"id":16984,"href":"https:\/\/www.iceagetv.com\/radiosite\/wp-json\/wp\/v2\/posts\/16982\/revisions\/16984"}],"wp:featuredmedia":[{"embeddable":true,"href":"https:\/\/www.iceagetv.com\/radiosite\/wp-json\/wp\/v2\/media\/16983"}],"wp:attachment":[{"href":"https:\/\/www.iceagetv.com\/radiosite\/wp-json\/wp\/v2\/media?parent=16982"}],"wp:term":[{"taxonomy":"category","embeddable":true,"href":"https:\/\/www.iceagetv.com\/radiosite\/wp-json\/wp\/v2\/categories?post=16982"},{"taxonomy":"post_tag","embeddable":true,"href":"https:\/\/www.iceagetv.com\/radiosite\/wp-json\/wp\/v2\/tags?post=16982"}],"curies":[{"name":"wp","href":"https:\/\/api.w.org\/{rel}","templated":true}]}}