{"id":16992,"date":"2020-11-11T09:43:29","date_gmt":"2020-11-11T09:43:29","guid":{"rendered":"http:\/\/www.iceagetv.com\/radiosite\/?p=16992"},"modified":"2020-11-11T09:43:29","modified_gmt":"2020-11-11T09:43:29","slug":"cinq-choses-a-savoir-sur-maurice-genevoix-qui-entre-au-pantheon-ce-11-novembre-2020","status":"publish","type":"post","link":"https:\/\/www.iceagetv.com\/radiosite\/cinq-choses-a-savoir-sur-maurice-genevoix-qui-entre-au-pantheon-ce-11-novembre-2020\/","title":{"rendered":"Cinq choses \u00e0 savoir sur Maurice Genevoix, qui entre au Panth\u00e9on ce 11 novembre 2020"},"content":{"rendered":"\n<p>L&rsquo;\u00e9crivain Maurice Genevoix (1890-1980), qui a immortalis\u00e9 la m\u00e9moire des Poilus dans son r\u00e9cit&nbsp;<em>Ceux de 14<\/em>, entre au Panth\u00e9on, mercredi 11&nbsp;novembre, cent ans apr\u00e8s l&rsquo;inhumation du soldat inconnu. Qui \u00e9tait Maurice Genevoix&nbsp;? Prix Goncourt pour son roman&nbsp;<em>Raboliot<\/em>&nbsp;(1925) et secr\u00e9taire perp\u00e9tuel de l&rsquo;Acad\u00e9mie fran\u00e7aise pendant plus de quinze ans (de 1958 \u00e0 1973), ce survivant a occup\u00e9 une place de premier plan dans la vie litt\u00e9raire fran\u00e7aise du XXe si\u00e8cle, c\u00e9l\u00e9brant&nbsp;<em>\u00ab\u00a0l&rsquo;invincible esp\u00e9rance des hommes\u00a0\u00bb.<\/em><\/p>\n\n\n\n<h2 class=\"wp-block-heading\">1Maurice Genevoix a \u00e9t\u00e9 irr\u00e9m\u00e9diablement marqu\u00e9 par la guerre de 14<\/h2>\n\n\n\n<p>En ao\u00fbt 1914, \u00e0 la mobilisation g\u00e9n\u00e9rale, \u00e9l\u00e8ve \u00e0 l&rsquo;Ecole normale sup\u00e9rieure, Maurice Genevoix est incorpor\u00e9 comme sous-lieutenant au 106e r\u00e9giment d&rsquo;infanterie. Il participe \u00e0 la bataille de la Marne et \u00e0 la marche sur Verdun. Promu lieutenant, il vit le quotidien du fantassin : la boue, le sang, les orages d&rsquo;acier, toute cette\u00a0<em>\u00ab\u00a0farce d\u00e9mente\u00a0\u00bb<\/em>. Le 25 avril 1915, devenu commandant, il est gri\u00e8vement bless\u00e9 sur la c\u00f4te des Eparges, un village de la Meuse surmont\u00e9 d&rsquo;une colline strat\u00e9gique qui va engloutir 12\u00a0000\u00a0hommes en quatre mois. Maurice Genevoix, bless\u00e9 au bras et au flanc gauche, doit la vie au courage de ses camarades qui le portent \u00e0 bout de bras jusqu&rsquo;\u00e0 un poste de secours.<\/p>\n\n\n\n<p>Invalide \u00e0 70%, priv\u00e9 de l&rsquo;usage de sa main gauche, il est r\u00e9form\u00e9. Son corps n&rsquo;oubliera jamais la ligne de feu meusienne et ses nuits, t\u00e9moignera sa seconde femme Suzanne, en resteront hant\u00e9es.<\/p>\n\n\n\n<h2 class=\"wp-block-heading\">2Sa vocation litt\u00e9raire est n\u00e9e dans les tranch\u00e9es<\/h2>\n\n\n\n<p>C&rsquo;est pendant son hospitalisation, qui va durer sept mois, que le jeune homme de 24 ans commence \u00e0 \u00e9crire, \u00e0 partir de notes et de dessins, car il dessinait aussi tr\u00e8s bien, consign\u00e9es au front. Soucieux de t\u00e9moigner des horreurs que lui et ses camarades ont v\u00e9cues dans les tranch\u00e9es, il devient la voix de la Grande Guerre. En 1916, il publie\u00a0<em>Sous Verdun<\/em>, un r\u00e9cit dont le r\u00e9alisme lui vaut d&rsquo;\u00eatre largement censur\u00e9. Suivront\u00a0<em>Nuits de guerre<\/em>\u00a0(1917),\u00a0<em>Au seuil des guitounes<\/em>\u00a0(1918),\u00a0<em>La boue<\/em>\u00a0(1921) et\u00a0<em>Les Eparges<\/em>\u00a0(1923) r\u00e9unis sous le titre\u00a0<em>Ceux de 14<\/em>\u00a0en 1949.\u00a0<em>\u00ab\u00a0Ce que nous avons fait, c&rsquo;est plus qu&rsquo;on ne pouvait demander \u00e0 des hommes, et nous l&rsquo;avons fait\u00a0\u00bb<\/em>, \u00e9crit-il dans ce t\u00e9moignage.<\/p>\n\n\n\n<p>C&rsquo;est gr\u00e2ce \u00e0 sa grand-m\u00e8re, qui lui lisait ses livres quand il \u00e9tait enfant, qu&rsquo;Emmanuel Macron a d\u00e9couvert Maurice Genevoix. La&nbsp;<em>\u00ab\u00a0plume de la guerre 14-18\u00a0\u00bb<\/em>&nbsp;entrera au Panth\u00e9on \u00e0 l&rsquo;initiative du pr\u00e9sident de la R\u00e9publique, et \u00e0 la demande des descendants de l&rsquo;\u00e9crivain, mercredi. Pour la pr\u00e9sident de la R\u00e9publique,&nbsp;<em>\u00ab\u00a0ce sont tous ceux de 14 qui franchiront le seuil avec leur porte-voix que fut Maurice Genevoix\u00a0\u00bb<\/em>&nbsp;Le manuscrit autographe de&nbsp;<em>Ceux de 14<\/em>,&nbsp;<a href=\"https:\/\/www.francetvinfo.fr\/societe\/debats\/pantheon\/le-manuscrit-autographe-de-ceux-de-14-de-maurice-genevoix-entre-a-la-bibliotheque-nationale-de-france_4175815.html\" target=\"_blank\" rel=\"noreferrer noopener\">dont la famille de Maurice Genevoix a fait don \u00e0 la Biblioth\u00e8que nationale de France<\/a>, sera exceptionnellement expos\u00e9 pr\u00e8s du cercueil de Maurice Genevoix lors de la c\u00e9r\u00e9monie d&rsquo;hommage au Panth\u00e9on.<\/p>\n\n\n\n<h2 class=\"wp-block-heading\">3Maurice Genevoix a peint le Val de Loire, pays de son enfance<\/h2>\n\n\n\n<p>N\u00e9 le 29 novembre 1890 \u00e0 Decize (Ni\u00e8vre),&nbsp;<em>\u00ab\u00a0petite ville en Loire assise\u00a0\u00bb<\/em>, c&rsquo;est au Val de Loire que Maurice Genevoix appartient.&nbsp;<em>\u00ab\u00a0Je tiens plus que jamais comme un grand privil\u00e8ge d&rsquo;avoir pass\u00e9 toute mon enfance dans une petite ville fran\u00e7aise d&rsquo;avant 1914\u00a0\u00bb<\/em>, expliquait-il faisant allusion \u00e0 Ch\u00e2teauneuf-sur-Loire o\u00f9 il grandit. Puis c&rsquo;est \u00e0 Orl\u00e9ans qu&rsquo;il suit son secondaire en brillant \u00e9l\u00e8ve, d\u00e9j\u00e0 avide de s&rsquo;exprimer. Il y perd sa m\u00e8re \u00e0 12 ans. Apr\u00e8s la guerre, il retourne&nbsp;<em>\u00ab\u00a0avec ivresse\u00a0\u00bb<\/em>&nbsp;\u00e0 Ch\u00e2teauneuf et y c\u00e9l\u00e8bre dans son premier roman,&nbsp;<em>R\u00e9mi des Rauches<\/em>&nbsp;(1922), la Loire,&nbsp;<em>\u00ab\u00a0miroir des clairs de lune et des nuits pleines d&rsquo;\u00e9toiles\u00a0\u00bb<\/em>. Il \u00e9crira des dizaines d&rsquo;hymnes aux habitants de la Sologne, aux b\u00eates de la for\u00eat, aux eaux du fleuve et des \u00e9tangs :&nbsp;<em>Raboliot<\/em>,&nbsp;<em>La bo\u00eete \u00e0 p\u00eache<\/em>&nbsp;(1926),&nbsp;<em>Rro\u00fb<\/em>&nbsp;(1931),&nbsp;<em>La for\u00eat perdue<\/em>&nbsp;(1968).<\/p>\n\n\n\n<h2 class=\"wp-block-heading\">4Ecrivain animalier, il est consid\u00e9r\u00e9 comme le \u00ab\u00a0premier de nos \u00e9cologistes\u00a0\u00bb<\/h2>\n\n\n\n<p>Auteur d&rsquo;une s\u00e9rie de bestiaires de 1968 \u00e0 1971, le fl\u00e2neur de Loire, qui s&rsquo;est install\u00e9 entre-temps dans le hameau de la Vernelle, est \u00e9galement un excellent \u00e9crivain animalier. Il publie notamment en 1969&nbsp;<em>Tendre bestiaire<\/em>, dans lequel il rend hommage \u00e0&nbsp;<em>\u00ab\u00a0tant de cr\u00e9atures crois\u00e9es dans sa vie\u00a0\u00bb.<\/em><\/p>\n\n\n\n<p>\u00ab\u00a0Un cerf qui tombe, que le piqueux emperche sur ses bois, sa noble t\u00eate \u00e0 la renverse, ses yeux ouverts sur le n\u00e9ant bleu\u00e2tre, sa langue exsangue qui pend sur l&rsquo;herbe, c&rsquo;est vous-m\u00eame qu&rsquo;ils prennent \u00e0 t\u00e9moin, vous qui, regardant cela, avez encore des yeux pour voir. Tout ce qui meurt en cet instant, c&rsquo;est beaucoup plus que cette b\u00eate massacr\u00e9e. La tache de sang qu&rsquo;elle laissera sur la mousse, elle a coul\u00e9, elle ne s&rsquo;effacera plus.\u00a0\u00bbMaurice Genevois&nbsp;<\/p>\n\n\n\n<p>Dans Tendre bestiaire<\/p>\n\n\n\n<p>A sa mort, le 8 septembre 1980, le pr\u00e9sident Giscard d&rsquo;Estaing salue&nbsp;<em>\u00ab\u00a0le premier de nos \u00e9cologistes\u00a0\u00bb.<\/em><\/p>\n\n\n\n<h2 class=\"wp-block-heading\">5Acad\u00e9micien, Maurice Genevoix a d\u00e9fendu la langue fran\u00e7aise et le vocabulaire vernaculaire<\/h2>\n\n\n\n<p>Elu en 1946 \u00e0 l&rsquo;Acad\u00e9mie fran\u00e7aise au fauteuil de Joseph de Pesquidoux, il en devient le secr\u00e9taire perp\u00e9tuel en 1958.&nbsp;<em>\u00ab\u00a0Tu humanisais merveilleusement la fonction\u00a0\u00bb<\/em>, regretta Joseph Kessel lorsque Maurice Genevoix, avide de libert\u00e9 pour \u00e9crire, d\u00e9missionna en 1973. On lui doit l&rsquo;\u00e9lection de Paul Morand, Julien Green, Montherlant. Membre assidu de la Commission du dictionnaire de la langue fran\u00e7aise, le p\u00e9tillant conteur chasse les anglicismes de la litt\u00e9rature scientifique, participe \u00e0 de nombreuses \u00e9missions t\u00e9l\u00e9vis\u00e9es et fait revivre tout un vocabulaire vernaculaire d\u00e9laiss\u00e9.<\/p>\n\n\n\n<p><\/p>\n\n\n\n<p><\/p>\n","protected":false},"excerpt":{"rendered":"<p>L&rsquo;\u00e9crivain Maurice Genevoix (1890-1980), qui a immortalis\u00e9 la m\u00e9moire des Poilus dans son r\u00e9cit&nbsp;Ceux de 14, entre au Panth\u00e9on, mercredi 11&nbsp;novembre, cent ans apr\u00e8s l&rsquo;inhumation du soldat inconnu. Qui \u00e9tait Maurice Genevoix&nbsp;? Prix Goncourt pour son roman&nbsp;Raboliot&nbsp;(1925) et secr\u00e9taire perp\u00e9tuel de l&rsquo;Acad\u00e9mie fran\u00e7aise pendant plus de quinze ans (de 1958 \u00e0 1973), ce survivant a [&hellip;]<\/p>\n","protected":false},"author":2,"featured_media":16993,"comment_status":"open","ping_status":"open","sticky":false,"template":"","format":"standard","meta":{"_jetpack_memberships_contains_paid_content":false,"footnotes":"","jetpack_publicize_message":"","jetpack_publicize_feature_enabled":true,"jetpack_social_post_already_shared":true,"jetpack_social_options":{"image_generator_settings":{"template":"highway","default_image_id":0,"font":"","enabled":false},"version":2},"_wpas_customize_per_network":false},"categories":[68],"tags":[],"class_list":["post-16992","post","type-post","status-publish","format-standard","has-post-thumbnail","hentry","category-actu-culturelle"],"jetpack_publicize_connections":[],"jetpack_featured_media_url":"https:\/\/i0.wp.com\/www.iceagetv.com\/radiosite\/wp-content\/uploads\/2020\/11\/Cinq-choses-%C3%A0-savoir-sur-Maurice-Genevoix.jpg?fit=910%2C512&ssl=1","jetpack_sharing_enabled":true,"_links":{"self":[{"href":"https:\/\/www.iceagetv.com\/radiosite\/wp-json\/wp\/v2\/posts\/16992","targetHints":{"allow":["GET"]}}],"collection":[{"href":"https:\/\/www.iceagetv.com\/radiosite\/wp-json\/wp\/v2\/posts"}],"about":[{"href":"https:\/\/www.iceagetv.com\/radiosite\/wp-json\/wp\/v2\/types\/post"}],"author":[{"embeddable":true,"href":"https:\/\/www.iceagetv.com\/radiosite\/wp-json\/wp\/v2\/users\/2"}],"replies":[{"embeddable":true,"href":"https:\/\/www.iceagetv.com\/radiosite\/wp-json\/wp\/v2\/comments?post=16992"}],"version-history":[{"count":1,"href":"https:\/\/www.iceagetv.com\/radiosite\/wp-json\/wp\/v2\/posts\/16992\/revisions"}],"predecessor-version":[{"id":16994,"href":"https:\/\/www.iceagetv.com\/radiosite\/wp-json\/wp\/v2\/posts\/16992\/revisions\/16994"}],"wp:featuredmedia":[{"embeddable":true,"href":"https:\/\/www.iceagetv.com\/radiosite\/wp-json\/wp\/v2\/media\/16993"}],"wp:attachment":[{"href":"https:\/\/www.iceagetv.com\/radiosite\/wp-json\/wp\/v2\/media?parent=16992"}],"wp:term":[{"taxonomy":"category","embeddable":true,"href":"https:\/\/www.iceagetv.com\/radiosite\/wp-json\/wp\/v2\/categories?post=16992"},{"taxonomy":"post_tag","embeddable":true,"href":"https:\/\/www.iceagetv.com\/radiosite\/wp-json\/wp\/v2\/tags?post=16992"}],"curies":[{"name":"wp","href":"https:\/\/api.w.org\/{rel}","templated":true}]}}