{"id":16995,"date":"2020-11-11T12:33:13","date_gmt":"2020-11-11T12:33:13","guid":{"rendered":"http:\/\/www.iceagetv.com\/radiosite\/?p=16995"},"modified":"2020-11-11T12:33:13","modified_gmt":"2020-11-11T12:33:13","slug":"une-attaque-a-lexplosif-fait-plusieurs-blesses-dans-un-cimetiere-non-musulman-de-djedda-lors-dune-ceremonie-du-11-novembre","status":"publish","type":"post","link":"https:\/\/www.iceagetv.com\/radiosite\/une-attaque-a-lexplosif-fait-plusieurs-blesses-dans-un-cimetiere-non-musulman-de-djedda-lors-dune-ceremonie-du-11-novembre\/","title":{"rendered":"Une attaque \u00e0 l\u2019explosif fait plusieurs bless\u00e9s dans un cimeti\u00e8re non musulman de Djedda lors d\u2019une c\u00e9r\u00e9monie du 11-Novembre"},"content":{"rendered":"\n<p>Plusieurs personnes ont \u00e9t\u00e9 bless\u00e9es, mercredi, dans un attentat \u00e0 l\u2019explosif au cimeti\u00e8re non musulman de Djedda, ville de l\u2019ouest de l\u2019Arabie saoudite, lors d\u2019une c\u00e9r\u00e9monie comm\u00e9morant l\u2019armistice du 11 novembre 1918, a annonc\u00e9 le minist\u00e8re des affaires \u00e9trang\u00e8res fran\u00e7ais.<\/p>\n\n\n\n<p>\u00ab La c\u00e9r\u00e9monie annuelle comm\u00e9morant la fin de la premi\u00e8re guerre mondiale au cimeti\u00e8re non musulman de Djedda, associant plusieurs consulats g\u00e9n\u00e9raux dont le consulat de France, a \u00e9t\u00e9 la cible d\u2019une attaque \u00e0 l\u2019engin explosif ce matin, qui a caus\u00e9 plusieurs bless\u00e9s \u00bb, a d\u00e9clar\u00e9 le Quai d\u2019Orsay. \u00ab La France condamne fermement ce l\u00e2che attentat que rien ne saurait justifier \u00bb, a ajout\u00e9 la diplomatie fran\u00e7aise.<\/p>\n\n\n\n<p>Il s\u2019agit de la deuxi\u00e8me attaque visant des int\u00e9r\u00eats fran\u00e7ais \u00e0 Djedda, apr\u00e8s celle du 29 octobre contre un vigile saoudien du consulat de France, sur fond d\u2019une s\u00e9rie d\u2019attentats djihadistes en France, mais aussi \u00e0 Vienne le 2 novembre, li\u00e9s en partie aux caricatures du proph\u00e8te Mahomet.<\/p>\n\n\n\n<p>Un contexte de tensions li\u00e9es aux caricatures de Mahomet<br>\nDes propos du pr\u00e9sident fran\u00e7ais, Emmanuel Macron, sur le droit \u00e0 la caricature au nom de la libert\u00e9 d\u2019expression ont en effet d\u00e9clench\u00e9 la col\u00e8re au Moyen-Orient, et plus largement dans le monde musulman. M. Macron avait promis ne pas \u00ab renoncer aux caricatures \u00bb lors d\u2019un hommage national au professeur Samuel Paty, d\u00e9capit\u00e9 par un islamiste le 16 octobre pour avoir montr\u00e9 des caricatures du Proph\u00e8te dans un cours sur la libert\u00e9 d\u2019expression.<\/p>\n\n\n\n<p>Article r\u00e9serv\u00e9 \u00e0 nos abonn\u00e9s Lire aussi  Apr\u00e8s l\u2019attentat de Conflans, Emmanuel Macron promet que \u00ab la peur va changer de camp \u00bb<br>\nDans certains pays \u00e0 majorit\u00e9 musulmane, des fid\u00e8les ont r\u00e9agi avec col\u00e8re aux propos de M. Macron : des portraits du pr\u00e9sident fran\u00e7ais ont \u00e9t\u00e9 br\u00fbl\u00e9s lors de manifestations et une campagne a \u00e9t\u00e9 lanc\u00e9e pour boycotter les produits fran\u00e7ais.<\/p>\n\n\n\n<p>M. Macron a tent\u00e9 d\u2019apaiser les tensions en assurant comprendre, dans un entretien \u00e0 la cha\u00eene Al-Jazira, que des musulmans puissent \u00eatre \u00ab choqu\u00e9s \u00bb par les caricatures de Mahomet, tout en d\u00e9non\u00e7ant les \u00ab manipulations \u00bb et \u00ab la violence \u00bb.<\/p>\n\n\n\n<p>La France, l\u2019Autriche, l\u2019Allemagne et l\u2019Union europ\u00e9enne (UE) ont tenu un minisommet par visioconf\u00e9rence mardi&nbsp;<a href=\"https:\/\/www.lemonde.fr\/politique\/article\/2020\/11\/10\/terrorisme-macron-recoit-kurz-pour-elaborer-une-strategie-europeenne-de-lutte-contre-l-islamisme_6059196_823448.html\">pour tenter de muscler la r\u00e9ponse europ\u00e9enne au terrorisme<\/a>, \u00e0 la suite des derniers attentats en France et \u00e0 Vienne.<\/p>\n\n\n\n<p>Le royaume saoudien, critiqu\u00e9 pour sa promotion d\u2019un islam rigoriste, le wahhabisme, tente pour sa part de se pr\u00e9senter sous un jour nouveau, avec des r\u00e9formes sociales lib\u00e9rales entreprises ces derni\u00e8res ann\u00e9es sous l\u2019impulsion de Mohammed Ben Salman, qui a dans le m\u00eame temps accentu\u00e9 la r\u00e9pression des voix dissidentes depuis son accession au statut de prince h\u00e9ritier, en&nbsp;2017.<\/p>\n\n\n\n<p><\/p>\n","protected":false},"excerpt":{"rendered":"<p>Plusieurs personnes ont \u00e9t\u00e9 bless\u00e9es, mercredi, dans un attentat \u00e0 l\u2019explosif au cimeti\u00e8re non musulman de Djedda, ville de l\u2019ouest de l\u2019Arabie saoudite, lors d\u2019une c\u00e9r\u00e9monie comm\u00e9morant l\u2019armistice du 11 novembre 1918, a annonc\u00e9 le minist\u00e8re des affaires \u00e9trang\u00e8res fran\u00e7ais. \u00ab La c\u00e9r\u00e9monie annuelle comm\u00e9morant la fin de la premi\u00e8re guerre mondiale au cimeti\u00e8re non [&hellip;]<\/p>\n","protected":false},"author":2,"featured_media":16996,"comment_status":"open","ping_status":"open","sticky":false,"template":"","format":"standard","meta":{"_jetpack_memberships_contains_paid_content":false,"footnotes":"","jetpack_publicize_message":"","jetpack_publicize_feature_enabled":true,"jetpack_social_post_already_shared":true,"jetpack_social_options":{"image_generator_settings":{"template":"highway","default_image_id":0,"font":"","enabled":false},"version":2},"_wpas_customize_per_network":false},"categories":[405],"tags":[],"class_list":["post-16995","post","type-post","status-publish","format-standard","has-post-thumbnail","hentry","category-actu-france-monde"],"jetpack_publicize_connections":[],"jetpack_featured_media_url":"https:\/\/i0.wp.com\/www.iceagetv.com\/radiosite\/wp-content\/uploads\/2020\/11\/Arabie-Saoudite-attaque-a-lexplosif-au-cimetiere-non-musulman-de-Jeddah-des-blesses-479464.jpg?fit=800%2C450&ssl=1","jetpack_sharing_enabled":true,"_links":{"self":[{"href":"https:\/\/www.iceagetv.com\/radiosite\/wp-json\/wp\/v2\/posts\/16995","targetHints":{"allow":["GET"]}}],"collection":[{"href":"https:\/\/www.iceagetv.com\/radiosite\/wp-json\/wp\/v2\/posts"}],"about":[{"href":"https:\/\/www.iceagetv.com\/radiosite\/wp-json\/wp\/v2\/types\/post"}],"author":[{"embeddable":true,"href":"https:\/\/www.iceagetv.com\/radiosite\/wp-json\/wp\/v2\/users\/2"}],"replies":[{"embeddable":true,"href":"https:\/\/www.iceagetv.com\/radiosite\/wp-json\/wp\/v2\/comments?post=16995"}],"version-history":[{"count":1,"href":"https:\/\/www.iceagetv.com\/radiosite\/wp-json\/wp\/v2\/posts\/16995\/revisions"}],"predecessor-version":[{"id":16997,"href":"https:\/\/www.iceagetv.com\/radiosite\/wp-json\/wp\/v2\/posts\/16995\/revisions\/16997"}],"wp:featuredmedia":[{"embeddable":true,"href":"https:\/\/www.iceagetv.com\/radiosite\/wp-json\/wp\/v2\/media\/16996"}],"wp:attachment":[{"href":"https:\/\/www.iceagetv.com\/radiosite\/wp-json\/wp\/v2\/media?parent=16995"}],"wp:term":[{"taxonomy":"category","embeddable":true,"href":"https:\/\/www.iceagetv.com\/radiosite\/wp-json\/wp\/v2\/categories?post=16995"},{"taxonomy":"post_tag","embeddable":true,"href":"https:\/\/www.iceagetv.com\/radiosite\/wp-json\/wp\/v2\/tags?post=16995"}],"curies":[{"name":"wp","href":"https:\/\/api.w.org\/{rel}","templated":true}]}}