{"id":17017,"date":"2020-11-13T07:42:22","date_gmt":"2020-11-13T07:42:22","guid":{"rendered":"http:\/\/www.iceagetv.com\/radiosite\/?p=17017"},"modified":"2020-11-13T07:42:22","modified_gmt":"2020-11-13T07:42:22","slug":"coronavirus-voici-les-5-informations-clefs-annoncees-hier-par-le-premier-ministre-qui-confirme-que-le-confinement-va-se-prolonger-que-que-noel-sera-different-cette-annee","status":"publish","type":"post","link":"https:\/\/www.iceagetv.com\/radiosite\/coronavirus-voici-les-5-informations-clefs-annoncees-hier-par-le-premier-ministre-qui-confirme-que-le-confinement-va-se-prolonger-que-que-noel-sera-different-cette-annee\/","title":{"rendered":"Coronavirus &#8211; Voici les 5 informations clefs annonc\u00e9es hier par le Premier Ministre qui confirme que le confinement va se prolonger que que No\u00ebl sera \u00ab\u00a0diff\u00e9rent\u00a0\u00bb cette ann\u00e9e"},"content":{"rendered":"\n<p>Comme annonc\u00e9 il y a quinze jours, le Premier ministre Jean Castex a tenu, une conf\u00e9rence de presse pour faire un point de situation relatif \u00e0 la lutte contre le coronavirus. Un exercice qui s&rsquo;est avant tout voulu p\u00e9dagogique, le reconfinement du pays n&rsquo;ayant \u00e0 ce stade que peu d&rsquo;effets sur l&rsquo;\u00e9pid\u00e9mie.<strong>&nbsp;\u00abLes r\u00e8gles du confinement n&rsquo;ont pas chang\u00e9\u00bb et \u00abperdureront encore pour les quinze prochains jours\u00bb<\/strong>, a dans ce contexte annonc\u00e9 d&#8217;embl\u00e9e le chef du gouvernement, qui s&rsquo;exprimait depuis le minist\u00e8re de la Sant\u00e9, \u00e0 Paris. \u00abIl serait irresponsable de lever et m\u00eame d&rsquo;all\u00e9ger le dispositif\u00bb, pour l&rsquo;instant, a-t-il ajout\u00e9.<\/p>\n\n\n\n<p>Flanqu\u00e9 de quatre de ses ministres, Jean-Michel Blanquer (Education), Bruno Le Maire (Economie), Elisabeth Borne (Travail) et, surtout, Olivier V\u00e9ran (Sant\u00e9), Jean Castex a toutefois fait part de plusieurs annonces, dont beaucoup consistent en un accompagnement des secteurs les plus fragilis\u00e9s par la crise sanitaire.<\/p>\n\n\n\n<p><strong>1 \/ \u00ab PAS DE GRANDES F\u00caTES DE PLUS DE 10 PERSONNES AU MOMENT DE NO\u00cbL \u00bb<\/strong>&nbsp;: Sujet majeur pour nombre de Fran\u00e7ais, le Premier ministre a confirm\u00e9 que les f\u00eates de fin d&rsquo;ann\u00e9e seront cette ann\u00e9e des plus particuli\u00e8res. Les f\u00eates de No\u00ebl ne pourront pas \u00eatre c\u00e9l\u00e9br\u00e9es \u00abcomme d\u2019habitude\u00bb, a indiqu\u00e9 Jean Castex pour qui \u00ables rassemblements \u00e0 plusieurs dizaines de personnes\u00bb, notamment pour le Nouvel an, ne seront pas possibles cette ann\u00e9e. \u00abPas de grandes f\u00eates de plus de 10 personnes au moment de No\u00ebl\u00bb, a-t-il pr\u00e9cis\u00e9. Un seuil \u00e0 ce stade hypoth\u00e9tique qui devra \u00eatre revu ou ajust\u00e9 avant d&rsquo;\u00eatre confirm\u00e9, au regard de la situation \u00e9pid\u00e9mique. En l&rsquo;\u00e9tat, si les signaux venaient \u00e0 s&rsquo;am\u00e9liorer durablement, un nouvel all\u00e8gement du confinement est donc envisag\u00e9 pour les vacances de No\u00ebl.<\/p>\n\n\n\n<p><strong>2\/ BARS ET RESTAURANTS FERM\u00c9S APR\u00c8S LE 1ER D\u00c9CEMBRE :<\/strong>&nbsp;En revanche, m\u00eame si de \u00abpremi\u00e8res mesures d&rsquo;all\u00e9gement\u00bb du reconfinement pourraient intervenir au 1er d\u00e9cembre, elles seraient \u00abstrictement limit\u00e9es aux commerces que nous avons d\u00fb fermer\u00bb, a affirm\u00e9 Jean Castex. Les bars, les restaurants, mais \u00e9galement les salles de sport, resteront, eux, ferm\u00e9s.<\/p>\n\n\n\n<p><strong>3\/ LES DROITS DES CH\u00d4MEURS PROLONG\u00c9S :&nbsp;<\/strong>&nbsp;Autre sujet d&rsquo;importance, sur le volet de l&#8217;emploi, comme lors du premier confinement, les droits des ch\u00f4meurs seront prolong\u00e9s pendant la dur\u00e9e du reconfinement, a indiqu\u00e9 le Premier ministre. \u00abPour les demandeurs d&#8217;emploi qui arrivent en fin de droit, tout doit \u00eatre fait pour \u00e9viter le risque de bascule dans la pr\u00e9carit\u00e9. C&rsquo;est pourquoi j&rsquo;ai demand\u00e9 \u00e0 la ministre du Travail de proposer aux partenaires sociaux (&#8230;) de reconduire le dispositif de prolongation exceptionnelle des droits \u00e0 l&rsquo;assurance ch\u00f4mage pour les ch\u00f4meurs qui sont aujourd&rsquo;hui en fin de droit et ce le temps du confinement\u00bb, a-t-il assur\u00e9.<\/p>\n\n\n\n<p><strong>4\/ UN GESTE DEMAND\u00c9 AUX PROPRI\u00c9TAIRES DE BAILS COMMERCIAUX :<\/strong>&nbsp;Le ministre de l&rsquo;Economie s&rsquo;exprimant \u00e0 son tour, Bruno Le Maire a indiqu\u00e9 que \u00absans exception, [le gouvernement] va mettre en place dans le budget 2021 un cr\u00e9dit d&rsquo;imp\u00f4t de 50 % du montant du loyer abandonn\u00e9 pour tous les bailleurs qui renoncent au loyer du mois de novembre pour toutes les entreprises qui ont jusqu&rsquo;\u00e0 250 salari\u00e9s et qui sont ferm\u00e9es\u00bb.<\/p>\n\n\n\n<p><strong>5\/ UNE ATTESTATION POUR SE D\u00c9PLACER N\u00c9CESSAIRE AU-DEL\u00c0 DU 1ER D\u00c9CEMBRE :<\/strong>&nbsp;Une attestation pour se d\u00e9placer sera toujours n\u00e9cessaire au-del\u00e0 du 1er d\u00e9cembre, m\u00eame si une am\u00e9lioration des indicateurs de l&rsquo;\u00e9pid\u00e9mie de coronavirus permettraient un all\u00e8gement du confinement, a indiqu\u00e9 Jean Castex jeudi lors d&rsquo;une conf\u00e9rence de presse. \u00abOui, oui\u00bb, a r\u00e9pondu le Premier ministre, interrog\u00e9 par l&rsquo;AFP pour savoir si cette attestation, actuellement obligatoire pour circuler, serait encore n\u00e9cessaire apr\u00e8s le 1er d\u00e9cembre, date \u00e0 laquelle le chef du gouvernement envisage un all\u00e8gement du confinement qui serait \u00abstrictement limit\u00e9\u00bb aux commerces.<\/p>\n","protected":false},"excerpt":{"rendered":"<p>Comme annonc\u00e9 il y a quinze jours, le Premier ministre Jean Castex a tenu, une conf\u00e9rence de presse pour faire un point de situation relatif \u00e0 la lutte contre le coronavirus. Un exercice qui s&rsquo;est avant tout voulu p\u00e9dagogique, le reconfinement du pays n&rsquo;ayant \u00e0 ce stade que peu d&rsquo;effets sur l&rsquo;\u00e9pid\u00e9mie.&nbsp;\u00abLes r\u00e8gles du confinement [&hellip;]<\/p>\n","protected":false},"author":2,"featured_media":17015,"comment_status":"open","ping_status":"open","sticky":false,"template":"","format":"standard","meta":{"_jetpack_memberships_contains_paid_content":false,"footnotes":"","jetpack_publicize_message":"","jetpack_publicize_feature_enabled":true,"jetpack_social_post_already_shared":true,"jetpack_social_options":{"image_generator_settings":{"template":"highway","default_image_id":0,"font":"","enabled":false},"version":2},"_wpas_customize_per_network":false},"categories":[405],"tags":[],"class_list":["post-17017","post","type-post","status-publish","format-standard","has-post-thumbnail","hentry","category-actu-france-monde"],"jetpack_publicize_connections":[],"jetpack_featured_media_url":"https:\/\/i0.wp.com\/www.iceagetv.com\/radiosite\/wp-content\/uploads\/2020\/11\/Nous-maintenons-au-moins-pour-15-jours-les-r%C3%A8gles-du-confinement.png?fit=767%2C370&ssl=1","jetpack_sharing_enabled":true,"_links":{"self":[{"href":"https:\/\/www.iceagetv.com\/radiosite\/wp-json\/wp\/v2\/posts\/17017","targetHints":{"allow":["GET"]}}],"collection":[{"href":"https:\/\/www.iceagetv.com\/radiosite\/wp-json\/wp\/v2\/posts"}],"about":[{"href":"https:\/\/www.iceagetv.com\/radiosite\/wp-json\/wp\/v2\/types\/post"}],"author":[{"embeddable":true,"href":"https:\/\/www.iceagetv.com\/radiosite\/wp-json\/wp\/v2\/users\/2"}],"replies":[{"embeddable":true,"href":"https:\/\/www.iceagetv.com\/radiosite\/wp-json\/wp\/v2\/comments?post=17017"}],"version-history":[{"count":1,"href":"https:\/\/www.iceagetv.com\/radiosite\/wp-json\/wp\/v2\/posts\/17017\/revisions"}],"predecessor-version":[{"id":17018,"href":"https:\/\/www.iceagetv.com\/radiosite\/wp-json\/wp\/v2\/posts\/17017\/revisions\/17018"}],"wp:featuredmedia":[{"embeddable":true,"href":"https:\/\/www.iceagetv.com\/radiosite\/wp-json\/wp\/v2\/media\/17015"}],"wp:attachment":[{"href":"https:\/\/www.iceagetv.com\/radiosite\/wp-json\/wp\/v2\/media?parent=17017"}],"wp:term":[{"taxonomy":"category","embeddable":true,"href":"https:\/\/www.iceagetv.com\/radiosite\/wp-json\/wp\/v2\/categories?post=17017"},{"taxonomy":"post_tag","embeddable":true,"href":"https:\/\/www.iceagetv.com\/radiosite\/wp-json\/wp\/v2\/tags?post=17017"}],"curies":[{"name":"wp","href":"https:\/\/api.w.org\/{rel}","templated":true}]}}