{"id":17025,"date":"2020-11-13T17:01:24","date_gmt":"2020-11-13T17:01:24","guid":{"rendered":"http:\/\/www.iceagetv.com\/radiosite\/?p=17025"},"modified":"2020-11-13T17:01:24","modified_gmt":"2020-11-13T17:01:24","slug":"covid-19-le-conseil-constitutionnel-valide-la-prolongation-de-letat-durgence-sanitaire","status":"publish","type":"post","link":"https:\/\/www.iceagetv.com\/radiosite\/covid-19-le-conseil-constitutionnel-valide-la-prolongation-de-letat-durgence-sanitaire\/","title":{"rendered":"Covid-19 : le Conseil constitutionnel valide la prolongation de l&rsquo;\u00e9tat d&rsquo;urgence sanitaire"},"content":{"rendered":"\n<p> Le Conseil constitutionnel a valid\u00e9 vendredi 13 novembre la prolongation de l&rsquo;\u00e9tat d&rsquo;urgence sanitaire jusqu&rsquo;au 16 f\u00e9vrier, approuv\u00e9 il y a une semaine par le Parlement et qui avait donn\u00e9 lieu \u00e0 des d\u00e9bats tendus entre la majorit\u00e9 et les oppositions. <\/p>\n\n\n\n<p><em>Le Conseil constitutionnel a jug\u00e9 que le l\u00e9gislateur a pu, sans m\u00e9conna\u00eetre aucune exigence constitutionnelle, proroger l&rsquo;\u00e9tat d&rsquo;urgence sanitaire jusqu&rsquo;au 16 f\u00e9vrier 2021<\/em>\u00bb, a-t-il indiqu\u00e9 dans un communiqu\u00e9, ne censurant pas cette mesure comme il l&rsquo;avait fait, par exemple, pour la loi Avia contre la haine en ligne. Une soixantaine de d\u00e9put\u00e9s, mais aussi une soixantaine de s\u00e9nateurs, avaient pr\u00e9sent\u00e9 des recours contre l&rsquo;article 1er et plusieurs dispositions de la loi.<\/p>\n\n\n\n<p>Le Conseil a estim\u00e9 \u00ab<em>qu&rsquo;il n&rsquo;y avait pas lieu de remettre en cause l&rsquo;appr\u00e9ciation du l\u00e9gislateur selon laquelle, d&rsquo;une part, l&rsquo;\u00e9pid\u00e9mie de covid-19 se r\u00e9pand \u00e0 une vitesse \u00e9lev\u00e9e contribuant (&#8230;) \u00e0 un \u00e9tat de catastrophe sanitaire mettant en p\u00e9ril, par sa nature et sa gravit\u00e9, la sant\u00e9 de la population et selon laquelle, d&rsquo;autre part, cet \u00e9tat devrait perdurer au moins durant les quatre mois \u00e0 venir<\/em>\u00bb.<\/p>\n\n\n\n<h2 class=\"wp-block-heading\">Prolongation \u00abd<em>isproportionn\u00e9e<\/em>\u00bb<\/h2>\n\n\n\n<p>Les \u00e9lus qui ont saisi le Conseil consid\u00e9raient que la prolongation jusqu&rsquo;au 16 f\u00e9vrier \u00e9tait \u00ab<em>manifestement disproportionn\u00e9e en ce qu&rsquo;elle porte une atteinte ind\u00e9niable aux libert\u00e9s fondamentales constitutionnellement garanties sans pour autant constituer une r\u00e9ponse ad\u00e9quate susceptible de mettre fin \u00e0 l&rsquo;\u00e9pid\u00e9mie<\/em>\u00bb.<\/p>\n\n\n\n<p>Loin du consensus politique du printemps dernier lors du premier confinement, la prolongation de l&rsquo;\u00e9tat d&rsquo;urgence sanitaire a aiguis\u00e9 jusqu&rsquo;au bout les tensions et divisions entre majorit\u00e9 et oppositions. L&rsquo;union sacr\u00e9e de la classe politique, qui avait pr\u00e9valu lors de la premi\u00e8re vague \u00e9pid\u00e9mique, a vol\u00e9 en \u00e9clats, alors que les couacs n&rsquo;ont pas \u00e9pargn\u00e9 une majorit\u00e9 d\u00e9sorganis\u00e9e qui, au Palais Bourbon, s&rsquo;est parfois retrouv\u00e9e en minorit\u00e9. Outre le coeur de la proposition de loi Avia sur la haine en ligne, les Sages avaient \u00e9galement censur\u00e9 il y a quelques semaines la proposition de loi sur des \u00ab<em>mesures de s\u00fbret\u00e9<\/em>\u00bb pour les terroristes sortant de prison.<\/p>\n\n\n\n<p><\/p>\n","protected":false},"excerpt":{"rendered":"<p>Le Conseil constitutionnel a valid\u00e9 vendredi 13 novembre la prolongation de l&rsquo;\u00e9tat d&rsquo;urgence sanitaire jusqu&rsquo;au 16 f\u00e9vrier, approuv\u00e9 il y a une semaine par le Parlement et qui avait donn\u00e9 lieu \u00e0 des d\u00e9bats tendus entre la majorit\u00e9 et les oppositions. Le Conseil constitutionnel a jug\u00e9 que le l\u00e9gislateur a pu, sans m\u00e9conna\u00eetre aucune exigence [&hellip;]<\/p>\n","protected":false},"author":2,"featured_media":17026,"comment_status":"open","ping_status":"open","sticky":false,"template":"","format":"standard","meta":{"_jetpack_memberships_contains_paid_content":false,"footnotes":"","jetpack_publicize_message":"","jetpack_publicize_feature_enabled":true,"jetpack_social_post_already_shared":true,"jetpack_social_options":{"image_generator_settings":{"template":"highway","default_image_id":0,"font":"","enabled":false},"version":2},"_wpas_customize_per_network":false},"categories":[405],"tags":[],"class_list":["post-17025","post","type-post","status-publish","format-standard","has-post-thumbnail","hentry","category-actu-france-monde"],"jetpack_publicize_connections":[],"jetpack_featured_media_url":"https:\/\/i0.wp.com\/www.iceagetv.com\/radiosite\/wp-content\/uploads\/2020\/11\/le-Conseil-constitutionnel-valide-la-prolongation-de-l%C3%A9tat-durgence-sanitaire.jpeg?fit=616%2C347&ssl=1","jetpack_sharing_enabled":true,"_links":{"self":[{"href":"https:\/\/www.iceagetv.com\/radiosite\/wp-json\/wp\/v2\/posts\/17025","targetHints":{"allow":["GET"]}}],"collection":[{"href":"https:\/\/www.iceagetv.com\/radiosite\/wp-json\/wp\/v2\/posts"}],"about":[{"href":"https:\/\/www.iceagetv.com\/radiosite\/wp-json\/wp\/v2\/types\/post"}],"author":[{"embeddable":true,"href":"https:\/\/www.iceagetv.com\/radiosite\/wp-json\/wp\/v2\/users\/2"}],"replies":[{"embeddable":true,"href":"https:\/\/www.iceagetv.com\/radiosite\/wp-json\/wp\/v2\/comments?post=17025"}],"version-history":[{"count":1,"href":"https:\/\/www.iceagetv.com\/radiosite\/wp-json\/wp\/v2\/posts\/17025\/revisions"}],"predecessor-version":[{"id":17027,"href":"https:\/\/www.iceagetv.com\/radiosite\/wp-json\/wp\/v2\/posts\/17025\/revisions\/17027"}],"wp:featuredmedia":[{"embeddable":true,"href":"https:\/\/www.iceagetv.com\/radiosite\/wp-json\/wp\/v2\/media\/17026"}],"wp:attachment":[{"href":"https:\/\/www.iceagetv.com\/radiosite\/wp-json\/wp\/v2\/media?parent=17025"}],"wp:term":[{"taxonomy":"category","embeddable":true,"href":"https:\/\/www.iceagetv.com\/radiosite\/wp-json\/wp\/v2\/categories?post=17025"},{"taxonomy":"post_tag","embeddable":true,"href":"https:\/\/www.iceagetv.com\/radiosite\/wp-json\/wp\/v2\/tags?post=17025"}],"curies":[{"name":"wp","href":"https:\/\/api.w.org\/{rel}","templated":true}]}}