{"id":17028,"date":"2020-11-14T08:45:26","date_gmt":"2020-11-14T08:45:26","guid":{"rendered":"http:\/\/www.iceagetv.com\/radiosite\/?p=17028"},"modified":"2020-11-14T08:45:26","modified_gmt":"2020-11-14T08:45:26","slug":"segur-de-la-sante-les-hopitaux-publics-demandent-une-augmentation-pour-55-000-fonctionnaires","status":"publish","type":"post","link":"https:\/\/www.iceagetv.com\/radiosite\/segur-de-la-sante-les-hopitaux-publics-demandent-une-augmentation-pour-55-000-fonctionnaires\/","title":{"rendered":"S\u00e9gur de la sant\u00e9 : les h\u00f4pitaux publics demandent une augmentation pour 55 000 fonctionnaires"},"content":{"rendered":"\n<p>Le compte n&rsquo;y est toujours pas. Le pr\u00e9sident de la F\u00e9d\u00e9ration des h\u00f4pitaux de France, Fr\u00e9d\u00e9ric Valletoux,&nbsp;a \u00e9crit au&nbsp;Premier ministre, Jean Castex, pour lui demander d&rsquo;accorder&nbsp;au 55 000 fonctionnaires hospitaliers exclus&nbsp;<a href=\"https:\/\/www.francetvinfo.fr\/sante\/maladie\/coronavirus\/hopital-on-vous-explique-pourquoi-les-soignants-restent-mobilises-apres-le-segur-de-la-sante_4138725.html\" target=\"_blank\" rel=\"noreferrer noopener\">des accords du S\u00e9gur de la sant\u00e9<\/a>&nbsp;l&rsquo;augmentation g\u00e9n\u00e9rale pr\u00e9vue de 183 euros net par mois.<\/p>\n\n\n\n<p>A&nbsp;l&rsquo;heure o\u00f9 les premi\u00e8res hausses de salaires du S\u00e9gur sont vers\u00e9es \u00e0 l&rsquo;h\u00f4pital public, le pr\u00e9sident de&nbsp;la F\u00e9d\u00e9ration des h\u00f4pitaux de France&nbsp;entend<em>&nbsp;\u00ab\u00a0alerter le gouvernement sur l&rsquo;exclusion lourde de cons\u00e9quences d&rsquo;une partie des professionnels\u00a0\u00bb<\/em>, selon le courrier dat\u00e9 de vendredi 13 novembre et que l&rsquo;AFP s&rsquo;est procur\u00e9.<\/p>\n\n\n\n<h2 class=\"wp-block-heading\">Les secteurs m\u00e9dico-social et social concern\u00e9s<\/h2>\n\n\n\n<p>Cette<em>&nbsp;\u00ab\u00a0diff\u00e9rence de traitement non justifi\u00e9e\u00a0\u00bb<\/em>&nbsp;concerne des fonctionnaires&nbsp;<em>\u00ab\u00a0qui exercent dans les secteurs m\u00e9dico-social et social : handicap, services de soins infirmiers \u00e0 domicile, protection de l&rsquo;enfance\u00a0\u00bb<\/em>, pr\u00e9cise&nbsp;le pr\u00e9sident de&nbsp;la F\u00e9d\u00e9ration des h\u00f4pitaux de France.&nbsp;Fr\u00e9d\u00e9ric Valletoux, qui redoute&nbsp;<em>\u00ab\u00a0un d\u00e9ficit d&rsquo;attractivit\u00e9 tr\u00e8s important\u00a0\u00bb<\/em>&nbsp;pour ces m\u00e9tiers,&nbsp;presse l&rsquo;ex\u00e9cutif de trouver&nbsp;<em>\u00ab\u00a0une solution \u00e9quitable\u00a0\u00bb<\/em>.&nbsp;Il s&rsquo;inqui\u00e8te d&rsquo;<em>\u00ab\u00a0une forte incompr\u00e9hension des agents et des tensions de plus en plus nombreuses au sein des \u00e9tablissements\u00a0\u00bb<\/em>&nbsp;publics, o\u00f9 ceux qui ont re\u00e7u l&rsquo;augmentation c\u00f4toient ceux qui n&rsquo;y ont pas droit.<\/p>\n\n\n\n<p>Les principaux syndicats hospitaliers ont, eux aussi, d\u00e9j\u00e0 alert\u00e9 sur ce point. La CFDT et FO ont appel\u00e9 \u00e0 une journ\u00e9e de gr\u00e8ve&nbsp;&#8211; respectivement le 13 octobre et le 5 novembre &#8211; sur cette revendication. Cette derni\u00e8re \u00e9tait \u00e9galement reprise par la CGT et SUD lors de leur journ\u00e9e de mobilisation du 15 octobre.<\/p>\n","protected":false},"excerpt":{"rendered":"<p>Le compte n&rsquo;y est toujours pas. Le pr\u00e9sident de la F\u00e9d\u00e9ration des h\u00f4pitaux de France, Fr\u00e9d\u00e9ric Valletoux,&nbsp;a \u00e9crit au&nbsp;Premier ministre, Jean Castex, pour lui demander d&rsquo;accorder&nbsp;au 55 000 fonctionnaires hospitaliers exclus&nbsp;des accords du S\u00e9gur de la sant\u00e9&nbsp;l&rsquo;augmentation g\u00e9n\u00e9rale pr\u00e9vue de 183 euros net par mois. A&nbsp;l&rsquo;heure o\u00f9 les premi\u00e8res hausses de salaires du S\u00e9gur sont [&hellip;]<\/p>\n","protected":false},"author":2,"featured_media":17029,"comment_status":"open","ping_status":"open","sticky":false,"template":"","format":"standard","meta":{"_jetpack_memberships_contains_paid_content":false,"footnotes":"","jetpack_publicize_message":"","jetpack_publicize_feature_enabled":true,"jetpack_social_post_already_shared":true,"jetpack_social_options":{"image_generator_settings":{"template":"highway","default_image_id":0,"font":"","enabled":false},"version":2},"_wpas_customize_per_network":false},"categories":[405],"tags":[],"class_list":["post-17028","post","type-post","status-publish","format-standard","has-post-thumbnail","hentry","category-actu-france-monde"],"jetpack_publicize_connections":[],"jetpack_featured_media_url":"https:\/\/i0.wp.com\/www.iceagetv.com\/radiosite\/wp-content\/uploads\/2020\/11\/S%C3%A9gur-de-la-sant%C3%A9.jpg?fit=910%2C512&ssl=1","jetpack_sharing_enabled":true,"_links":{"self":[{"href":"https:\/\/www.iceagetv.com\/radiosite\/wp-json\/wp\/v2\/posts\/17028","targetHints":{"allow":["GET"]}}],"collection":[{"href":"https:\/\/www.iceagetv.com\/radiosite\/wp-json\/wp\/v2\/posts"}],"about":[{"href":"https:\/\/www.iceagetv.com\/radiosite\/wp-json\/wp\/v2\/types\/post"}],"author":[{"embeddable":true,"href":"https:\/\/www.iceagetv.com\/radiosite\/wp-json\/wp\/v2\/users\/2"}],"replies":[{"embeddable":true,"href":"https:\/\/www.iceagetv.com\/radiosite\/wp-json\/wp\/v2\/comments?post=17028"}],"version-history":[{"count":1,"href":"https:\/\/www.iceagetv.com\/radiosite\/wp-json\/wp\/v2\/posts\/17028\/revisions"}],"predecessor-version":[{"id":17030,"href":"https:\/\/www.iceagetv.com\/radiosite\/wp-json\/wp\/v2\/posts\/17028\/revisions\/17030"}],"wp:featuredmedia":[{"embeddable":true,"href":"https:\/\/www.iceagetv.com\/radiosite\/wp-json\/wp\/v2\/media\/17029"}],"wp:attachment":[{"href":"https:\/\/www.iceagetv.com\/radiosite\/wp-json\/wp\/v2\/media?parent=17028"}],"wp:term":[{"taxonomy":"category","embeddable":true,"href":"https:\/\/www.iceagetv.com\/radiosite\/wp-json\/wp\/v2\/categories?post=17028"},{"taxonomy":"post_tag","embeddable":true,"href":"https:\/\/www.iceagetv.com\/radiosite\/wp-json\/wp\/v2\/tags?post=17028"}],"curies":[{"name":"wp","href":"https:\/\/api.w.org\/{rel}","templated":true}]}}