{"id":17031,"date":"2020-11-14T10:40:04","date_gmt":"2020-11-14T10:40:04","guid":{"rendered":"http:\/\/www.iceagetv.com\/radiosite\/?p=17031"},"modified":"2020-11-14T10:40:04","modified_gmt":"2020-11-14T10:40:04","slug":"covid-19-castex-prepare-des-regles-pour-le-pays-sur-le-temps-long","status":"publish","type":"post","link":"https:\/\/www.iceagetv.com\/radiosite\/covid-19-castex-prepare-des-regles-pour-le-pays-sur-le-temps-long\/","title":{"rendered":"COVID-19: CASTEX PR\u00c9PARE DES \u00ab\u00a0R\u00c8GLES\u00a0\u00bb POUR LE PAYS SUR \u00ab\u00a0LE TEMPS LONG\u00a0\u00bb"},"content":{"rendered":"\n<p>\n\nDans un entretien accord\u00e9 au quotidien&nbsp;<em>Le Monde<\/em>, le Premier ministre confie travailler sur une strat\u00e9gie pouvant aller jusqu&rsquo;\u00e0 l&rsquo;\u00e9t\u00e9.<\/p>\n\n\n\n<p>Il va falloir \u00ab\u00a0vivre avec le virus sur le temps long\u00a0\u00bb: le Premier ministre Jean Castex travaille \u00e0 des \u00ab\u00a0r\u00e8gles\u00a0\u00bb pour le pays jusqu&rsquo;\u00e0 l&rsquo;arriv\u00e9e d&rsquo;un vaccin contre le coronavirus, indique-t-il au quotidien&nbsp;<em><a href=\"https:\/\/www.lemonde.fr\/politique\/article\/2020\/11\/14\/mon-role-est-de-faire-face-jean-castex-dans-l-enfer-de-matignon_6059707_823448.html\" target=\"_blank\" rel=\"noreferrer noopener\">Le Monde<\/a><\/em>&nbsp;de ce samedi. \u00ab\u00a0Tant que nous n&rsquo;aurons pas de vaccin, nous devons donner des perspectives sur les r\u00e8gles du jeu\u00a0\u00bb, d\u00e9clare le chef du gouvernement, qui a pr\u00e9sent\u00e9 jeudi la strat\u00e9gie jusque fin 2020 mais planche aussi sur la p\u00e9riode au-del\u00e0, possiblement jusqu&rsquo;\u00e0 l&rsquo;\u00e9t\u00e9.<\/p>\n\n\n\n<blockquote class=\"wp-block-quote is-layout-flow wp-block-quote-is-layout-flow\"><p>\u00ab\u00a0Une certitude : les rassemblements festifs, familiaux dans des salles de f\u00eates ne pourront pas reprendre avant longtemps. De m\u00eame, les bars et les restaurants qui font aussi partie des endroits de contamination forte ne pourront pas rouvrir&nbsp;<a href=\"https:\/\/www.bfmtv.com\/sante\/direct-covid-19-coronavirus-france-confinement-conference-de-presse-jean-castex-durcissement-college-lycee-attestation-sortie-magasins_LN-202011120014.html\">d\u00e8s le 1er d\u00e9cembre<\/a>, contrairement aux magasins de jouets, par exemple\u00a0\u00bb, d\u00e9taille-t-il.<\/p><\/blockquote>\n\n\n\n<p>Jeudi, le Premier ministre a jug\u00e9 possible, si la tendance \u00e0 la l\u00e9g\u00e8re baisse des cas de coronavirus se confirme, de prendre des mesures d&rsquo;all\u00e8gement \u00e0 compter du 1er d\u00e9cembre&nbsp;<a href=\"https:\/\/www.bfmtv.com\/economie\/jean-castex-les-commerces-resteront-fermes-pour-15-jours-supplementaires_AN-202011120307.html\">\u00ab\u00a0strictement limit\u00e9es aux commerces\u00a0\u00bb<\/a>, et sur la base d&rsquo;un protocole renforc\u00e9. Dans les mois \u00e0 venir, \u00ab\u00a0\u00e0 l&rsquo;inverse, le t\u00e9l\u00e9travail devra perdurer, sur la base d&rsquo;un \u00e9quilibre \u00e0 trouver dans les entreprises pour \u00e9viter le tout ou rien\u00a0\u00bb, ajoute-t-il dans les colonnes du&nbsp;<em>Monde<\/em>.<\/p>\n\n\n\n<h2 class=\"wp-block-heading\">Prudence sur la sortie prochaine d&rsquo;un vaccin<\/h2>\n\n\n\n<p>Lundi, les laboratoires am\u00e9ricain Pfizer et allemand BioNTech ont affirm\u00e9 que&nbsp;<a href=\"https:\/\/www.bfmtv.com\/economie\/covid-19-pfizer-annonce-que-son-candidat-vaccin-est-efficace-a-90_AD-202011090164.html\">leur candidat vaccin \u00e9tait \u00ab\u00a0efficace \u00e0 90%\u00a0\u00bb contre le Covid-19<\/a>, selon l&rsquo;essai \u00e0 grande \u00e9chelle de phase 3 en cours, derni\u00e8re \u00e9tape avant une demande d&rsquo;homologation, suscitant&nbsp;<a href=\"https:\/\/www.bfmtv.com\/sante\/covid-19-ce-que-l-on-sait-du-vaccin-prometteur-des-laboratoires-pfizer-et-bio-ntech_AV-202011090198.html\">une vague d&rsquo;espoir dans le monde<\/a>.<\/p>\n\n\n\n<p>Mais le gouvernement fran\u00e7ais reste sur ses gardes. \u00ab\u00a0La perspective d&rsquo;un vaccin se rapproche. Il y a le projet Pfizer, mais aussi&nbsp;<a href=\"https:\/\/www.bfmtv.com\/economie\/les-vaccins-contre-le-covid-vont-ils-arriver-plus-vite-que-prevu_AN-202010240025.html\">beaucoup d&rsquo;autres en phase d&rsquo;essai<\/a>. Il faut se pr\u00e9parer tout en restant prudent\u00a0\u00bb, juge Jean Castex, qui assure&nbsp;<a href=\"https:\/\/www.bfmtv.com\/economie\/vaccin-pfizer-quels-sont-les-pays-qui-ont-deja-passe-commande_AD-202011100026.html\">avoir \u00ab\u00a0d\u00e9j\u00e0 s\u00e9curis\u00e9 les commandes\u00a0\u00bb<\/a>.<\/p>\n\n\n\n<blockquote class=\"wp-block-quote is-layout-flow wp-block-quote-is-layout-flow\"><p>\u00ab\u00a0Ma crainte, c&rsquo;est que les Fran\u00e7ais ne se fassent pas assez vacciner\u00a0\u00bb, souligne-t-il.<\/p><\/blockquote>\n\n\n\n<p>Selon un sondage Ipsos publi\u00e9 en septembre, la France se situe parmi les pays o\u00f9&nbsp;<a href=\"https:\/\/www.bfmtv.com\/societe\/covid-pres-de-la-moitie-des-francais-n-ont-pas-l-intention-de-se-faire-vacciner-selon-un-sondage_AN-202011100049.html\">l&rsquo;intention de recourir au vaccin est la plus faible<\/a>. Ils ne seraient ainsi que&nbsp;<a href=\"https:\/\/www.bfmtv.com\/sante\/grippe-les-francais-favorables-au-vaccin-obligatoire-pour-le-personnel-soignant-mais-pas-pour-eux_AN-201701270008.html\">59% \u00e0 se faire vacciner contre le Covid-19<\/a>&nbsp;en France, contre 74% au niveau mondial.<\/p>\n","protected":false},"excerpt":{"rendered":"<p>Dans un entretien accord\u00e9 au quotidien&nbsp;Le Monde, le Premier ministre confie travailler sur une strat\u00e9gie pouvant aller jusqu&rsquo;\u00e0 l&rsquo;\u00e9t\u00e9. Il va falloir \u00ab\u00a0vivre avec le virus sur le temps long\u00a0\u00bb: le Premier ministre Jean Castex travaille \u00e0 des \u00ab\u00a0r\u00e8gles\u00a0\u00bb pour le pays jusqu&rsquo;\u00e0 l&rsquo;arriv\u00e9e d&rsquo;un vaccin contre le coronavirus, indique-t-il au quotidien&nbsp;Le Monde&nbsp;de ce samedi. [&hellip;]<\/p>\n","protected":false},"author":2,"featured_media":17032,"comment_status":"open","ping_status":"open","sticky":false,"template":"","format":"standard","meta":{"_jetpack_memberships_contains_paid_content":false,"footnotes":"","jetpack_publicize_message":"","jetpack_publicize_feature_enabled":true,"jetpack_social_post_already_shared":true,"jetpack_social_options":{"image_generator_settings":{"template":"highway","default_image_id":0,"font":"","enabled":false},"version":2},"_wpas_customize_per_network":false},"categories":[405],"tags":[],"class_list":["post-17031","post","type-post","status-publish","format-standard","has-post-thumbnail","hentry","category-actu-france-monde"],"jetpack_publicize_connections":[],"jetpack_featured_media_url":"https:\/\/i0.wp.com\/www.iceagetv.com\/radiosite\/wp-content\/uploads\/2020\/11\/CASTEX-PR%C3%89PARE-DES-R%C3%88GLES-POUR-LE-PAYS-SUR-LE-TEMPS-LONG.jpg?fit=650%2C433&ssl=1","jetpack_sharing_enabled":true,"_links":{"self":[{"href":"https:\/\/www.iceagetv.com\/radiosite\/wp-json\/wp\/v2\/posts\/17031","targetHints":{"allow":["GET"]}}],"collection":[{"href":"https:\/\/www.iceagetv.com\/radiosite\/wp-json\/wp\/v2\/posts"}],"about":[{"href":"https:\/\/www.iceagetv.com\/radiosite\/wp-json\/wp\/v2\/types\/post"}],"author":[{"embeddable":true,"href":"https:\/\/www.iceagetv.com\/radiosite\/wp-json\/wp\/v2\/users\/2"}],"replies":[{"embeddable":true,"href":"https:\/\/www.iceagetv.com\/radiosite\/wp-json\/wp\/v2\/comments?post=17031"}],"version-history":[{"count":1,"href":"https:\/\/www.iceagetv.com\/radiosite\/wp-json\/wp\/v2\/posts\/17031\/revisions"}],"predecessor-version":[{"id":17033,"href":"https:\/\/www.iceagetv.com\/radiosite\/wp-json\/wp\/v2\/posts\/17031\/revisions\/17033"}],"wp:featuredmedia":[{"embeddable":true,"href":"https:\/\/www.iceagetv.com\/radiosite\/wp-json\/wp\/v2\/media\/17032"}],"wp:attachment":[{"href":"https:\/\/www.iceagetv.com\/radiosite\/wp-json\/wp\/v2\/media?parent=17031"}],"wp:term":[{"taxonomy":"category","embeddable":true,"href":"https:\/\/www.iceagetv.com\/radiosite\/wp-json\/wp\/v2\/categories?post=17031"},{"taxonomy":"post_tag","embeddable":true,"href":"https:\/\/www.iceagetv.com\/radiosite\/wp-json\/wp\/v2\/tags?post=17031"}],"curies":[{"name":"wp","href":"https:\/\/api.w.org\/{rel}","templated":true}]}}