{"id":17042,"date":"2020-11-15T17:46:20","date_gmt":"2020-11-15T17:46:20","guid":{"rendered":"http:\/\/www.iceagetv.com\/radiosite\/?p=17042"},"modified":"2020-11-15T17:46:20","modified_gmt":"2020-11-15T17:46:20","slug":"cholet-le-suspect-aurait-tue-les-deux-victimes-a-mains-nues","status":"publish","type":"post","link":"https:\/\/www.iceagetv.com\/radiosite\/cholet-le-suspect-aurait-tue-les-deux-victimes-a-mains-nues\/","title":{"rendered":"Cholet : le suspect aurait tu\u00e9 les deux victimes \u00e0 mains nues"},"content":{"rendered":"\n<p>L&rsquo;homme de 35 ans arr\u00eat\u00e9 samedi, qui a reconnu avoir tu\u00e9 deux personnes et bless\u00e9 gri\u00e8vement une femme \u00e2g\u00e9e \u00e0 Cholet, avait d\u00e9j\u00e0 fait l&rsquo;objet d&rsquo;un suivi psychiatrique.<\/p>\n\n\n\n<p>Les circonstances de la double agression qui s&rsquo;est d\u00e9roul\u00e9e samedi \u00e0 Cholet commence \u00e0 se dessiner. De m\u00eame que le profil de l&rsquo;homme interpell\u00e9 samedi, qui a reconnu en garde \u00e0 vue avoir tu\u00e9 deux personnes et gri\u00e8vement bless\u00e9 une troisi\u00e8me.&nbsp;<\/p>\n\n\n\n<p>Selon le procureur de la R\u00e9publique d&rsquo;Angers, \u00c9ric Bouillard, c&rsquo;est tout d&rsquo;abord vers 15h, dans un quartier un peu \u00e0 l&rsquo;\u00e9cart du centre-ville, que cet individu de 35 ans&nbsp;<em>\u00ab\u00a0se dit guid\u00e9 par Dieu pour agir\u00a0\u00bb<\/em>. Vers 16h, explique le magistrat \u00e0 l&rsquo;AFP, le suspect&nbsp;<em>\u00ab\u00a0a crois\u00e9 ces deux personnes \u00e2g\u00e9es, Dieu lui aurait dit qu&rsquo;il fallait s\u2019en prendre \u00e0 eux, ce qu\u2019il a fait, et il est rentr\u00e9 chez lui\u00a0\u00bb.<\/em>&nbsp;L&rsquo;homme de 82 ans mourra tandis que la femme \u00e2g\u00e9e de 81 ans sera gri\u00e8vement bless\u00e9e. Elle est toujours hospitalis\u00e9e. &nbsp;&nbsp;<\/p>\n\n\n\n<h3 class=\"wp-block-heading\">\u00ab\u00a0Un d\u00e9cha\u00eenement de violence\u00a0\u00bb<\/h3>\n\n\n\n<p><em>\u00ab\u00a0Dieu, le Dieu catholique, lui aurait dit qu\u2019il fallait aussi s\u2019en prendre \u00e0 un autre, il est descendu et la premi\u00e8re personne qu\u2019il a crois\u00e9 c\u2019est la troisi\u00e8me victime, et le deuxi\u00e8me d\u00e9c\u00e9d\u00e9\u00a0\u00bb<\/em>, poursuit le procureur. Puis,&nbsp;<em>\u00ab\u00a0il rentre \u00e0 son domicile, il nettoie un peu chez lui, comme il l\u2019avait d\u00e9j\u00e0 fait entre les deux agressions, et s\u2019allonge dans le canap\u00e9 et il attend\u00a0\u00bb<\/em>.<\/p>\n\n\n\n<p>Il sera interpell\u00e9 vers 18h par les forces de l&rsquo;ordre. Des traces de sang&nbsp;<em>\u00ab\u00a0importantes\u00a0\u00bb<\/em>, et qui \u00e9taient toujours en cours d&rsquo;analyse dimanche, ont \u00e9t\u00e9 retrouv\u00e9es dans son appartement.&nbsp;<\/p>\n\n\n\n<p>Au d\u00e9but des investigations, les enqu\u00eateurs ont cherch\u00e9 l&rsquo;arme du crime qui pouvait \u00eatre un<em>&nbsp;\u00ab\u00a0objet contondant\u00a0\u00bb<\/em>. Mais, selon les d\u00e9clarations du suspect en garde \u00e0 vue, il aurait agi \u00e0 mains nues et avec ses pieds. Un sc\u00e9nario qualifi\u00e9 de&nbsp;<em>\u00ab\u00a0plausible\u00a0\u00bb<\/em>&nbsp;par le procureur, qui \u00e9voque un<em>&nbsp;\u00ab\u00a0d\u00e9chainement de violence\u00a0\u00bb<\/em>&nbsp;qui a caus\u00e9&nbsp;<em>\u00ab\u00a0des blessures multiples sur le visage des victimes\u00a0\u00bb<\/em>.<\/p>\n\n\n\n<h3 class=\"wp-block-heading\">Connu pour des d\u00e9lits de droit commun<\/h3>\n\n\n\n<p>Le mis en cause dit avoir fait un&nbsp;<em>burn out<\/em>&nbsp;et dit avoir travaill\u00e9 comme commercial \u00e0 Cholet il y a quelques ann\u00e9es.<em>&nbsp;\u00ab\u00a0Il a fait l\u2019objet d\u2019une hospitalisation sous contrainte pendant un an et en serait sorti l&rsquo;\u00e9t\u00e9 dernier\u00a0\u00bb<\/em>, d&rsquo;apr\u00e8s le magistrat. Les voisins le connaissaient&nbsp;<em>\u00ab\u00a0comme \u00e9tant quelqu\u2019un d\u2019un peu perturb\u00e9\u00a0\u00bb<\/em>. Il est en outre connu pour des d\u00e9lits de droit commun.&nbsp;<\/p>\n\n\n\n<p>Les trois victimes, elles, n&rsquo;ont visiblement aucun lien avec le suspect. La troisi\u00e8me, un homme de 63 ans, n&rsquo;habitait m\u00eame pas dans le quartier o\u00f9 il s&rsquo;\u00e9tait rendu car il envisageait de louer un appartement.<\/p>\n\n\n\n<p>La garde \u00e0 vue du suspect doit \u00eatre prolong\u00e9 cet apr\u00e8s-midi tandis que sa mise en examen pourrait intervenir lundi. Les investigations doivent encore se poursuivre. L&rsquo;affaire est en cosaisine police judiciaire et s\u00fbret\u00e9 d\u00e9partementale.&nbsp;<\/p>\n\n\n\n<p><\/p>\n","protected":false},"excerpt":{"rendered":"<p>L&rsquo;homme de 35 ans arr\u00eat\u00e9 samedi, qui a reconnu avoir tu\u00e9 deux personnes et bless\u00e9 gri\u00e8vement une femme \u00e2g\u00e9e \u00e0 Cholet, avait d\u00e9j\u00e0 fait l&rsquo;objet d&rsquo;un suivi psychiatrique. Les circonstances de la double agression qui s&rsquo;est d\u00e9roul\u00e9e samedi \u00e0 Cholet commence \u00e0 se dessiner. De m\u00eame que le profil de l&rsquo;homme interpell\u00e9 samedi, qui a [&hellip;]<\/p>\n","protected":false},"author":2,"featured_media":17043,"comment_status":"open","ping_status":"open","sticky":false,"template":"","format":"standard","meta":{"_jetpack_memberships_contains_paid_content":false,"footnotes":"","jetpack_publicize_message":"","jetpack_publicize_feature_enabled":true,"jetpack_social_post_already_shared":true,"jetpack_social_options":{"image_generator_settings":{"template":"highway","default_image_id":0,"font":"","enabled":false},"version":2},"_wpas_customize_per_network":false},"categories":[405],"tags":[],"class_list":["post-17042","post","type-post","status-publish","format-standard","has-post-thumbnail","hentry","category-actu-france-monde"],"jetpack_publicize_connections":[],"jetpack_featured_media_url":"https:\/\/i0.wp.com\/www.iceagetv.com\/radiosite\/wp-content\/uploads\/2020\/11\/le-suspect-aurait-tu%C3%A9-les-deux-victimes-%C3%A0-mains-nues.jpeg?fit=1024%2C576&ssl=1","jetpack_sharing_enabled":true,"_links":{"self":[{"href":"https:\/\/www.iceagetv.com\/radiosite\/wp-json\/wp\/v2\/posts\/17042","targetHints":{"allow":["GET"]}}],"collection":[{"href":"https:\/\/www.iceagetv.com\/radiosite\/wp-json\/wp\/v2\/posts"}],"about":[{"href":"https:\/\/www.iceagetv.com\/radiosite\/wp-json\/wp\/v2\/types\/post"}],"author":[{"embeddable":true,"href":"https:\/\/www.iceagetv.com\/radiosite\/wp-json\/wp\/v2\/users\/2"}],"replies":[{"embeddable":true,"href":"https:\/\/www.iceagetv.com\/radiosite\/wp-json\/wp\/v2\/comments?post=17042"}],"version-history":[{"count":1,"href":"https:\/\/www.iceagetv.com\/radiosite\/wp-json\/wp\/v2\/posts\/17042\/revisions"}],"predecessor-version":[{"id":17044,"href":"https:\/\/www.iceagetv.com\/radiosite\/wp-json\/wp\/v2\/posts\/17042\/revisions\/17044"}],"wp:featuredmedia":[{"embeddable":true,"href":"https:\/\/www.iceagetv.com\/radiosite\/wp-json\/wp\/v2\/media\/17043"}],"wp:attachment":[{"href":"https:\/\/www.iceagetv.com\/radiosite\/wp-json\/wp\/v2\/media?parent=17042"}],"wp:term":[{"taxonomy":"category","embeddable":true,"href":"https:\/\/www.iceagetv.com\/radiosite\/wp-json\/wp\/v2\/categories?post=17042"},{"taxonomy":"post_tag","embeddable":true,"href":"https:\/\/www.iceagetv.com\/radiosite\/wp-json\/wp\/v2\/tags?post=17042"}],"curies":[{"name":"wp","href":"https:\/\/api.w.org\/{rel}","templated":true}]}}