{"id":17049,"date":"2020-11-16T10:51:09","date_gmt":"2020-11-16T10:51:09","guid":{"rendered":"http:\/\/www.iceagetv.com\/radiosite\/?p=17049"},"modified":"2020-11-16T10:51:09","modified_gmt":"2020-11-16T10:51:09","slug":"vaccin-contre-le-covid-19-pourquoi-la-bataille-est-loin-detre-gagnee-malgre-les-avancees-de-plusieurs-essais-cliniques","status":"publish","type":"post","link":"https:\/\/www.iceagetv.com\/radiosite\/vaccin-contre-le-covid-19-pourquoi-la-bataille-est-loin-detre-gagnee-malgre-les-avancees-de-plusieurs-essais-cliniques\/","title":{"rendered":"Vaccin contre le Covid-19 : pourquoi la bataille est loin d&rsquo;\u00eatre gagn\u00e9e, malgr\u00e9 les avanc\u00e9es de plusieurs essais cliniques"},"content":{"rendered":"\n<p> Les laboratoires Pfizer et BioNTech assurent que leur candidat vaccin est \u00ab\u00a0efficace \u00e0 90%\u00a0\u00bb contre le Covid-19.\u00a0Bien que r\u00e9jouissante, cette annonce\u00a0ne signifie pourtant pas que l&rsquo;\u00e9pid\u00e9mie dispara\u00eetra d\u00e8s demain. <\/p>\n\n\n\n<p>Il va falloir&nbsp;<em>\u00ab\u00a0vivre avec le virus sur le temps long\u00a0\u00bb<\/em>. Alors que leslaboratoires am\u00e9ricain Pfizer et allemand BioNTech ont affirm\u00e9, lundi 9 novembre, que&nbsp;<a href=\"https:\/\/www.francetvinfo.fr\/sante\/maladie\/coronavirus\/vaccin\/covid-19-ce-que-l-on-sait-du-prometteur-vaccin-des-laboratoires-pfizer-et-biontech_4174711.html\">leur candidat vaccin \u00e9tait<em>&nbsp;\u00ab\u00a0efficace \u00e0 90%\u00a0\u00bb<\/em><\/a>&nbsp;contre le&nbsp;<a href=\"https:\/\/www.francetvinfo.fr\/sante\/maladie\/coronavirus\/\">Covid-19<\/a>, le Premier ministre fran\u00e7ais se montre&nbsp;<em>\u00ab\u00a0prudent\u00a0\u00bb<\/em>.&nbsp;Jean Castex a indiqu\u00e9, samedi 14 novembre aupr\u00e8s du&nbsp;<em><a href=\"https:\/\/www.lemonde.fr\/politique\/article\/2020\/11\/14\/mon-role-est-de-faire-face-jean-castex-dans-l-enfer-de-matignon_6059707_823448.html\" target=\"_blank\" rel=\"noreferrer noopener\">Monde<\/a><\/em>, travailler \u00e0 des&nbsp;<em>\u00ab\u00a0r\u00e8gles\u00a0\u00bb<\/em>&nbsp;pour le pays jusqu&rsquo;\u00e0 l&rsquo;arriv\u00e9e d&rsquo;un vaccin et plancher&nbsp;sur une p\u00e9riode allant possiblement jusqu&rsquo;\u00e0 l&rsquo;\u00e9t\u00e9 prochain. Franceinfo vous explique pourquoi l&rsquo;annonce&nbsp;prometteuse de&nbsp;Pfizer et BioNTech&nbsp;ne signifie pas pour autant que la bataille contre le Covid-19 est proche de son terme.<\/p>\n\n\n\n<h2 class=\"wp-block-heading\">Parce qu&rsquo;aucun vaccin n&rsquo;est encore totalement pr\u00eat<\/h2>\n\n\n\n<p><a href=\"https:\/\/www.francetvinfo.fr\/sante\/maladie\/coronavirus\/vaccin\/video-covid-19-on-fait-le-point-sur-la-course-mondiale-au-vaccin_4179955.html\">Plus de 200 projets de vaccins contre le Covid-19 sont en cours<\/a>&nbsp;\u00e0 travers le monde, d&rsquo;apr\u00e8s une&nbsp;<a href=\"https:\/\/www.who.int\/publications\/m\/item\/draft-landscape-of-covid-19-candidate-vaccines\" target=\"_blank\" rel=\"noreferrer noopener\">note de l&rsquo;Organisation mondiale de la sant\u00e9<\/a><em>&nbsp;(en anglais)<\/em>&nbsp;publi\u00e9e en novembre. Parmi les&nbsp;47 projets les plus avanc\u00e9s, actuellement test\u00e9s sur des \u00eatres humains, on retrouve le projet&nbsp;de&nbsp;vaccin de Pfizer et BioNTech, mais aussi&nbsp;celui du laboratoire chinois Sinovac, celui des laboratoires Novavax (Etats-Unis), celui d&rsquo;AstraZeneca et de l&rsquo;universit\u00e9 d&rsquo;Oxford (Royaume-Uni) ou encore le candidat vaccin issu de l&rsquo;alliance franco-britannique entre Sanofi et GSK.&nbsp;<\/p>\n\n\n\n<p>Mais&nbsp;ces projets \u00e9tant toujours en cours, la&nbsp;prudence est de mise. Les recherches sur le vaccin&nbsp;de Pfizer et BioNTech, qui suscitent une vague d&rsquo;espoir&nbsp;\u00e0 travers le monde, n&rsquo;ont ainsi pas encore \u00e9t\u00e9 examin\u00e9es&nbsp;par des pairs ni publi\u00e9es dans une revue scientifique. Les auteurs de l&rsquo;essai clinique expliquent attendre pour cela les r\u00e9sultats de l&rsquo;ensemble des tests. Le&nbsp;groupe&nbsp;a \u00e9galement pr\u00e9venu qu&rsquo;il voulait&nbsp;poursuivre l&rsquo;essai clinique jusqu&rsquo;\u00e0 ce que 164 cas positifs au Covid-19 soient identifi\u00e9s parmi les participants. Ce nombre pourrait \u00eatre atteint d\u00e9but d\u00e9cembre,&nbsp;selon Bill Gruber, l&rsquo;un des scientifiques de Pfizer.<\/p>\n\n\n\n<h2 class=\"wp-block-heading\">Parce qu&rsquo;il faudra ensuite&nbsp;obtenir une autorisation de mise sur le march\u00e9<\/h2>\n\n\n\n<p>Avant d&rsquo;\u00eatre mis sur le march\u00e9, les vaccins doivent, comme le reste des m\u00e9dicaments, obtenir une autorisation des autorit\u00e9s sanitaires des pays dans lesquels ils sont d\u00e9ploy\u00e9s.&nbsp;A condition que l&rsquo;efficacit\u00e9 de son vaccin soit confirm\u00e9e, le groupe Pfizer a pr\u00e9vu de d\u00e9poser une demande d&rsquo;autorisation \u00e0 l&rsquo;Agence am\u00e9ricaine des m\u00e9dicaments fin novembre.&nbsp;<\/p>\n\n\n\n<p>En Europe,&nbsp;l&rsquo;Agence europ\u00e9enne des m\u00e9dicaments (EMA), qui a pour mission d&rsquo;autoriser et contr\u00f4ler les m\u00e9dicaments dans l&rsquo;Union europ\u00e9enne, pr\u00e9voit,&nbsp;<em>\u00ab\u00a0si les donn\u00e9es sont solides\u00a0\u00bb<\/em>, de&nbsp;<a href=\"https:\/\/www.francetvinfo.fr\/sante\/maladie\/coronavirus\/vaccin\/virus-contre-le-covid-19-l-agence-europeenne-des-medicaments-mise-sur-une-distribution-en-janvier_4181249.html\">donner son avis favorable&nbsp;\u00e0 un&nbsp;vaccin<em>&nbsp;\u00ab\u00a0d&rsquo;ici la fin de l&rsquo;ann\u00e9e\u00a0\u00bb<\/em><\/a>,&nbsp;a indiqu\u00e9 samedi 14 novembre son directeur,&nbsp;Guido Rasi, dans un entretien&nbsp;au journal italien<em>&nbsp;Il Sole 24 Ore.&nbsp;<\/em>L&rsquo;EMA, qui table&nbsp;sur&nbsp;une distribution&nbsp;<em>\u00ab\u00a0\u00e0 partir de janvier\u00a0\u00bb<\/em>&nbsp;et&nbsp;sur<em>&nbsp;\u00ab\u00a0six ou sept\u00a0\u00bb<\/em>&nbsp;vaccins diff\u00e9rents \u00e0 disposition en 2021, indique avoir&nbsp;re\u00e7u&nbsp;<em>\u00ab\u00a0les premi\u00e8res donn\u00e9es cliniques\u00a0\u00bb&nbsp;<\/em>du&nbsp;projet de vaccin Pfizer, mais aussi&nbsp;<em>\u00ab\u00a0les donn\u00e9es pr\u00e9cliniques, celles des essais sur les animaux qui sont d\u00e9j\u00e0 en cours d&rsquo;\u00e9valuation\u00a0\u00bb<\/em>&nbsp;d&rsquo;AstraZeneca et avoir&nbsp;<em>\u00ab\u00a0eu plusieurs discussions avec Moderna\u00a0\u00bb<\/em>. Le feu vert final sera ensuite donn\u00e9 par la Commission europ\u00e9enne, afin que les&nbsp;laboratoires puissent commercialiser leur vaccin dans toute l&rsquo;UE.<\/p>\n\n\n\n<h2 class=\"wp-block-heading\">Parce que la production d&rsquo;un vaccin en quantit\u00e9 suffisante prendra du temps<\/h2>\n\n\n\n<p>Mais une fois ces autorisations obtenues, encore faut-il pouvoir produire suffisamment&nbsp;de doses pour&nbsp;pouvoir distribuer le vaccin \u00e0 un gigantesque&nbsp;march\u00e9. L&rsquo;alliance Pfizer-BioNTech assure \u00eatre en mesure de&nbsp;produire 50 millions de doses d&rsquo;ici la fin de l&rsquo;ann\u00e9e et 1,3 milliard en 2021. L&rsquo;entreprise de&nbsp;biotechnologie am\u00e9ricaine Moderna&nbsp;pr\u00e9voit, elle, de&nbsp;fournir un milliard de doses en 2021.<\/p>\n\n\n\n<p>Comment est-ce possible ?&nbsp;<em>\u00ab\u00a0L<\/em><em>a production&nbsp;<\/em>[du vaccin]<em>&nbsp;a \u00e9t\u00e9 lanc\u00e9e en parall\u00e8le<\/em>&nbsp;[des essais]<em>, sans certitude qu&rsquo;il serait approuv\u00e9 par les autorit\u00e9s de sant\u00e9\u00a0\u00bb<\/em>, explique&nbsp;au&nbsp;<em><a href=\"https:\/\/www.lefigaro.fr\/sciences\/covid-19-nous-pouvons-produire-100-millions-de-vaccins-pour-la-fin-de-l-annee-20201012\" target=\"_blank\" rel=\"noreferrer noopener\">Figaro<\/a>&nbsp;<\/em>David Lepoittevin, directeur de l\u2019activit\u00e9 vaccins chez Pfizer France. Et les groupes pharmaceutiques&nbsp;ont mobilis\u00e9 beaucoup plus de sites de production qu&rsquo;ils ne le font habituellement, d\u00e9taille&nbsp;<a href=\"https:\/\/www.lemonde.fr\/sante\/article\/2020\/11\/13\/essais-cliniques-production-acheminement-les-six-defis-de-la-course-au-vaccin-contre-le-covid-19_6059676_1651302.html\"><em>Le Monde<\/em><\/a>.&nbsp;<\/p>\n\n\n\n<p>La lutte contre le Covid-19 a aussi b\u00e9n\u00e9fici\u00e9 d&rsquo;un \u00e9norme coup d&rsquo;acc\u00e9l\u00e9rateur, en particulier gr\u00e2ce \u00e0 des financements publics. Les gouvernements ont voulu s&rsquo;assurer, par des accords financiers, la livraison des doses de vaccins. Le gouvernement am\u00e9ricain a par exemple sign\u00e9 un contrat de 1,95 milliard de dollars avec Pfizer, et de 2,5&nbsp;milliards de dollars&nbsp;avec&nbsp;Moderna.&nbsp;<a href=\"https:\/\/www.francetvinfo.fr\/sante\/maladie\/coronavirus\/vaccin-contre-le-covid-19-l-union-europeenne-approuve-un-contrat-avec-pfizer-et-biontech_4177255.html\">La Commission europ\u00e9enne a, de son c\u00f4t\u00e9, conclu&nbsp;quatre contrats<\/a>&nbsp;de ce type, avec Pfizer-BioNTech, AstraZenaca, Johnson &amp; Johnson,&nbsp;et Sanofi-GSK. Des accords pr\u00e9liminaires ont aussi \u00e9t\u00e9 conclus avec CureVac et Moderna.<\/p>\n\n\n\n<h2 class=\"wp-block-heading\">Parce que la conservation d&rsquo;un vaccin pourrait \u00eatre soumise \u00e0 des contraintes&nbsp;importantes<\/h2>\n\n\n\n<p>L&rsquo;acc\u00e8s au vaccin d\u00e9pendra aussi de la capacit\u00e9 \u00e0 transporter et stocker les doses, parfois en les maintenant congel\u00e9es \u00e0 de tr\u00e8s basses temp\u00e9ratures.&nbsp;Bas\u00e9s sur une nouvelle technologie, dite de l&rsquo;ARN messager, les vaccins sur lesquels travaillent&nbsp;Pfizer-BioNTech&nbsp;ou Moderna sont en effet fragiles : ils doivent \u00eatre stock\u00e9s \u00e0 -70&nbsp;\u00b0C, alors que&nbsp;<em>\u00ab\u00a0la plupart des cong\u00e9lateurs dans la plupart des h\u00f4pitaux du monde sont \u00e0 -20&nbsp;\u00b0C\u00a0\u00bb<\/em>, rel\u00e8ve Trudie Lang,&nbsp;professeur de recherche en sant\u00e9 mondiale&nbsp;\u00e0&nbsp;l&rsquo;universit\u00e9 d&rsquo;Oxford.&nbsp;<em>\u00ab\u00a0L&rsquo;approvisionnement ne pourra pas se faire dans les pharmacies qui ne sont pas \u00e9quip\u00e9es\u00a0\u00bb&nbsp;<\/em>de cong\u00e9lateurs sp\u00e9cifiques,&nbsp;<a href=\"https:\/\/www.francetvinfo.fr\/sante\/maladie\/coronavirus\/vaccin\/covid-19-la-mise-sur-le-marche-d-un-vaccin-est-elle-vraiment-imminente_4178871.html\">souligne<\/a>&nbsp;donc&nbsp;Bruno Pitard, directeur de recherche au CNRS \u00e0 l&rsquo;universit\u00e9 de Nantes, alors que ceux-ci co\u00fbtent, \u00e0 l&rsquo;unit\u00e9, environ 10&nbsp;000 euros, indique<em>&nbsp;Le Monde<\/em>.<\/p>\n\n\n\n<p>Le groupe Pfizer et certains gouvernements pr\u00e9parent un protocole de livraison depuis plusieurs mois&nbsp;\u00e0 partir des centres de distribution de la soci\u00e9t\u00e9 pharmaceutique aux Etats-Unis, en Allemagne ou en Belgique. Mais&nbsp;<em>\u00ab\u00a0rien de tout cela n&rsquo;a eu lieu dans les pays \u00e0 revenu faible ou interm\u00e9diaire\u00a0\u00bb<\/em>, note aussi aupr\u00e8s de l&rsquo;AFP Rachel Silverman,&nbsp;charg\u00e9e de mission au Center for Global Development. Partout, il faudra aussi trouver le personnel suffisant pour injecter les doses de vaccin, alors que les soignants sont d\u00e9j\u00e0 tr\u00e8s accapar\u00e9s par l&rsquo;\u00e9pid\u00e9mie.<\/p>\n\n\n\n<h2 class=\"wp-block-heading\">Parce que tout le monde ne pourra pas \u00eatre vaccin\u00e9 imm\u00e9diatement<\/h2>\n\n\n\n<p>Compte tenu des capacit\u00e9s de production limit\u00e9es des groupes pharmaceutiques, il ne sera pas possible de vacciner tout le monde imm\u00e9diatement.<em>&nbsp;\u00ab\u00a0L&rsquo;objectif est que chaque pays soit en mesure de vacciner 20% de sa population d&rsquo;ici \u00e0 la fin 2021<\/em>\u00ab\u00a0, a recommand\u00e9&nbsp;vendredi Katherine O&rsquo;Brien, la responsable de la division immunisation de l&rsquo;Organisation mondiale de la sant\u00e9.&nbsp;Les donn\u00e9es \u00e9pid\u00e9miologiques soulignent en effet la n\u00e9cessit\u00e9 d&rsquo;une distribution \u00e9quitable du vaccin pour une efficacit\u00e9 maximale. Une&nbsp;<a href=\"https:\/\/news.northeastern.edu\/2020\/09\/14\/if-rich-countries-monopolize-covid-19-vaccines-it-could-cause-twice-as-many-deaths-as-distributing-them-equally\/\" target=\"_blank\" rel=\"noreferrer noopener\">\u00e9tude<\/a>&nbsp;<em>(en anglais)<\/em>&nbsp;r\u00e9alis\u00e9e par des chercheurs de l&rsquo;universit\u00e9 Northeastern (Etats-Unis) met en \u00e9vidence que si 50 pays riches monopolisent les deux premiers milliards de doses du vaccin,&nbsp;les d\u00e9c\u00e8s du Covid-19 seront r\u00e9duits d&rsquo;un tiers dans le monde, contre pr\u00e8s du double&nbsp;si&nbsp;le vaccin est distribu\u00e9 en fonction de la population d&rsquo;un pays plut\u00f4t que de sa capacit\u00e9 \u00e0 le payer.&nbsp;Pour contrer les int\u00e9r\u00eats \u00e9go\u00efstes de chaque pays,&nbsp;l&rsquo;OMS a donc lanc\u00e9 la plateforme Covax, qui regroupe des gouvernements, des scientifiques, des membres de la soci\u00e9t\u00e9 civile et du secteur priv\u00e9, visant \u00e0 s&rsquo;assurer une r\u00e9partition juste et \u00e9quitable du vaccin.&nbsp;<\/p>\n\n\n\n<p>Dans chaque pays, qui recevra les premi\u00e8res doses ?&nbsp;<em>\u00ab\u00a0Nous commencerons par les cat\u00e9gories les plus expos\u00e9es, comme les personnes \u00e2g\u00e9es et les travailleurs de la sant\u00e9\u00a0\u00bb<\/em>, indique&nbsp;Guido&nbsp;Rasi, directeur de l&rsquo;Agence europ\u00e9enne des m\u00e9dicaments, qui&nbsp;juge qu&rsquo;il faut vacciner&nbsp;<em>\u00ab\u00a0plus de la moiti\u00e9\u00a0\u00bb<\/em>&nbsp;de la population europ\u00e9enne pour<em>&nbsp;\u00ab\u00a0pouvoir assister \u00e0 un d\u00e9clin de la pand\u00e9mie\u00a0\u00bb<\/em>&nbsp;sur le territoire europ\u00e9en. Dans l&rsquo;hypoth\u00e8se d&rsquo;une mise sur le march\u00e9 du vaccin&nbsp;en janvier, ses premiers effets sur la propagation du virus&nbsp;<em>\u00ab\u00a0seront visibles dans cinq \u00e0 six mois, essentiellement l&rsquo;\u00e9t\u00e9 prochain\u00a0\u00bb<\/em>, estime-t-il. Pour vacciner tout le monde,<em>&nbsp;\u00ab\u00a0cela prendra au moins un an\u00a0\u00bb<\/em>&nbsp;et&nbsp;<em>\u00ab\u00a0si tout se passe bien \u00e0 la fin de 2021, nous aurons une immunisation suffisante\u00a0\u00bb<\/em>, ajoute Guido Rasi.<\/p>\n\n\n\n<p>En France, la direction g\u00e9n\u00e9rale de la sant\u00e9 a charg\u00e9 la Haute autorit\u00e9 de sant\u00e9 de plancher sur&nbsp;<a href=\"https:\/\/www.has-sante.fr\/jcms\/p_3197106\/fr\/strategie-de-vaccination-contre-le-covid-19-anticipation-des-scenarios-possibles-de-vaccination-et-recommandations-preliminaires-sur-les-populations-cibles\" target=\"_blank\" rel=\"noreferrer noopener\">les sc\u00e9narios de vaccination possibles<\/a>. Cette derni\u00e8re estime que&nbsp;<em>\u00ab\u00a0<\/em><em>les professionnels de sant\u00e9 et du m\u00e9dico-social de premi\u00e8re ligne constitueront les cibles prioritaires\u00a0\u00bb<\/em>, tout comme les<em>&nbsp;\u00ab\u00a0personnes \u00e2g\u00e9es de plus&nbsp;de 65 ans et celles pr\u00e9sentant une comorbidit\u00e9\u00a0\u00bb.<\/em>&nbsp;Mais elle consid\u00e8re que&nbsp;<a href=\"https:\/\/www.has-sante.fr\/upload\/docs\/application\/pdf\/2020-11\/consultation_publique_reco_strategie_vaccinale_contre_la_covid-19.pdf\" target=\"_blank\" rel=\"noreferrer noopener\">le vaccin ne devra pas \u00eatre obligatoire<\/a>, au moins dans un premier temps.<\/p>\n\n\n\n<h2 class=\"wp-block-heading\">Parce que la r\u00e9ticence de la population au vaccin pourrait freiner la couverture vaccinale<\/h2>\n\n\n\n<p>Malgr\u00e9 le caract\u00e8re meurtrier de l&rsquo;\u00e9pid\u00e9mie, une partie de la population h\u00e9site \u00e0 se faire vacciner, voire y est franchement hostile. En France, seul un peu plus d&rsquo;un habitant sur deux interrog\u00e9 se dit pr\u00eat \u00e0 se faire vacciner (60%), selon&nbsp;<a href=\"https:\/\/www.francetvinfo.fr\/sante\/maladie\/coronavirus\/vaccin\/covid-19-un-francais-sur-deux-affirme-qu-il-ne-se-fera-pas-vacciner-15-des-personnes-interrogees-refusent-tout-vaccin-selon-notre-sondage_4178633.html\">un sondage&nbsp;Odoxa-Dentsu Consulting pour franceinfo et&nbsp;<em>Le Figar<\/em><em>o<\/em><\/a>, contre 74% au niveau mondial.&nbsp;<\/p>\n\n\n\n<p>Pourquoi ?&nbsp;<a href=\"https:\/\/www.francetvinfo.fr\/sante\/maladie\/coronavirus\/vaccin\/covid-19-quatre-questions-sur-la-suspension-des-essais-du-vaccin-developpe-par-astrazeneca_4099767.html\">L&rsquo;arr\u00eat momentan\u00e9, puis la reprise, de plusieurs essais cliniques<\/a>&nbsp;sur des candidats vaccins, en raison de probl\u00e8mes de sant\u00e9 d\u00e9tect\u00e9s chez certains participants, ont peut-\u00eatre fait craindre une trop grande pr\u00e9cipitation dans la conception du m\u00e9dicament. Les th\u00e9ories complotistes \u2013 all\u00e9guant par exemple qu&rsquo;un vaccin contre le Covid servira \u00e0 implanter une puce \u00e9lectronique&nbsp;\u2013&nbsp;sont \u00e9galement particuli\u00e8rement pr\u00e9sentes sur les r\u00e9seaux sociaux dans le monde francophone, a relev\u00e9 First Draft, une ONG sp\u00e9cialis\u00e9e dans la lutte contre les fausses informations, comme le rapporte&nbsp;<a href=\"https:\/\/www.ouest-france.fr\/sante\/vaccin\/les-theories-complotistes-particulierement-presentes-dans-la-desinformation-sur-les-vaccins-7049123\" target=\"_blank\" rel=\"noreferrer noopener\"><em>Ouest-France<\/em><\/a>.<\/p>\n\n\n\n<p>Or,<em>&nbsp;\u00ab\u00a0un vaccin tr\u00e8s efficace, s\u00fbr et pouvant \u00eatre fabriqu\u00e9 n&rsquo;a de valeur pour la sant\u00e9 publique que s&rsquo;il parvient effectivement aux personnes qu&rsquo;il doit prot\u00e9ger et s&rsquo;il est largement utilis\u00e9 par les populations\u00a0\u00bb<\/em>, a&nbsp;rappel\u00e9&nbsp;vendredi&nbsp;Katherine O&rsquo;Brien,&nbsp;la responsable de la division immunisation de l&rsquo;OMS. Si une minorit\u00e9 de la population est vaccin\u00e9e, alors la protection g\u00e9n\u00e9rale ne sera pas suffisante pour que le virus arr\u00eate de se r\u00e9pandre.<\/p>\n\n\n\n<h2 class=\"wp-block-heading\">Parce qu&rsquo;on ne sait pas encore quelle sera l&rsquo;efficacit\u00e9 \u00e0 long terme du vaccin<\/h2>\n\n\n\n<p>Enfin, le ou les vaccins pourraient ne pas prot\u00e9ger \u00e0 vie contre le Covid-19, rendant ainsi les populations vaccin\u00e9es susceptibles d&rsquo;\u00eatre contamin\u00e9es lors d&rsquo;une vague suivante.&nbsp;<em>\u00ab\u00a0Est-ce que la dur\u00e9e de l&rsquo;immunit\u00e9, c&rsquo;est seulement six mois, un an, deux ans, plus ? Il n&rsquo;y a que le recul qui permette de le dire\u00a0\u00bb<\/em>, explique \u00e0&nbsp;<a href=\"https:\/\/www.francetvinfo.fr\/sante\/maladie\/coronavirus\/vaccin\/covid-19-la-mise-sur-le-marche-d-un-vaccin-est-elle-vraiment-imminente_4178871.html\">franceinfo<\/a>&nbsp;Jean-Paul Stahl, professeur de m\u00e9decine infectieuse au CHU de Grenoble.<\/p>\n\n\n\n<p>On ignore aussi, pour l&rsquo;instant, quelle sera l\u2019efficacit\u00e9 d&rsquo;un vaccin sur les personnes \u00e2g\u00e9es, ou ses effets sur les personnes d\u00e9j\u00e0 infect\u00e9es par le coronavirus, seules les personnes n\u00e9gatives au Covid-19 ayant par exemple \u00e9t\u00e9 int\u00e9gr\u00e9es aux essais cliniques du vaccin Pfizer-BioNTech.&nbsp;<\/p>\n\n\n\n<p><\/p>\n","protected":false},"excerpt":{"rendered":"<p>Les laboratoires Pfizer et BioNTech assurent que leur candidat vaccin est \u00ab\u00a0efficace \u00e0 90%\u00a0\u00bb contre le Covid-19.\u00a0Bien que r\u00e9jouissante, cette annonce\u00a0ne signifie pourtant pas que l&rsquo;\u00e9pid\u00e9mie dispara\u00eetra d\u00e8s demain. Il va falloir&nbsp;\u00ab\u00a0vivre avec le virus sur le temps long\u00a0\u00bb. Alors que leslaboratoires am\u00e9ricain Pfizer et allemand BioNTech ont affirm\u00e9, lundi 9 novembre, que&nbsp;leur candidat vaccin [&hellip;]<\/p>\n","protected":false},"author":2,"featured_media":17050,"comment_status":"open","ping_status":"open","sticky":false,"template":"","format":"standard","meta":{"_jetpack_memberships_contains_paid_content":false,"footnotes":"","jetpack_publicize_message":"","jetpack_publicize_feature_enabled":true,"jetpack_social_post_already_shared":true,"jetpack_social_options":{"image_generator_settings":{"template":"highway","default_image_id":0,"font":"","enabled":false},"version":2},"_wpas_customize_per_network":false},"categories":[405],"tags":[],"class_list":["post-17049","post","type-post","status-publish","format-standard","has-post-thumbnail","hentry","category-actu-france-monde"],"jetpack_publicize_connections":[],"jetpack_featured_media_url":"https:\/\/i0.wp.com\/www.iceagetv.com\/radiosite\/wp-content\/uploads\/2020\/11\/Vaccin-contre-le-Covid-19.jpg?fit=910%2C512&ssl=1","jetpack_sharing_enabled":true,"_links":{"self":[{"href":"https:\/\/www.iceagetv.com\/radiosite\/wp-json\/wp\/v2\/posts\/17049","targetHints":{"allow":["GET"]}}],"collection":[{"href":"https:\/\/www.iceagetv.com\/radiosite\/wp-json\/wp\/v2\/posts"}],"about":[{"href":"https:\/\/www.iceagetv.com\/radiosite\/wp-json\/wp\/v2\/types\/post"}],"author":[{"embeddable":true,"href":"https:\/\/www.iceagetv.com\/radiosite\/wp-json\/wp\/v2\/users\/2"}],"replies":[{"embeddable":true,"href":"https:\/\/www.iceagetv.com\/radiosite\/wp-json\/wp\/v2\/comments?post=17049"}],"version-history":[{"count":1,"href":"https:\/\/www.iceagetv.com\/radiosite\/wp-json\/wp\/v2\/posts\/17049\/revisions"}],"predecessor-version":[{"id":17051,"href":"https:\/\/www.iceagetv.com\/radiosite\/wp-json\/wp\/v2\/posts\/17049\/revisions\/17051"}],"wp:featuredmedia":[{"embeddable":true,"href":"https:\/\/www.iceagetv.com\/radiosite\/wp-json\/wp\/v2\/media\/17050"}],"wp:attachment":[{"href":"https:\/\/www.iceagetv.com\/radiosite\/wp-json\/wp\/v2\/media?parent=17049"}],"wp:term":[{"taxonomy":"category","embeddable":true,"href":"https:\/\/www.iceagetv.com\/radiosite\/wp-json\/wp\/v2\/categories?post=17049"},{"taxonomy":"post_tag","embeddable":true,"href":"https:\/\/www.iceagetv.com\/radiosite\/wp-json\/wp\/v2\/tags?post=17049"}],"curies":[{"name":"wp","href":"https:\/\/api.w.org\/{rel}","templated":true}]}}