{"id":17052,"date":"2020-11-16T16:46:22","date_gmt":"2020-11-16T16:46:22","guid":{"rendered":"http:\/\/www.iceagetv.com\/radiosite\/?p=17052"},"modified":"2020-11-16T16:46:22","modified_gmt":"2020-11-16T16:46:22","slug":"coronavirus-le-patron-de-loms-previent-quun-vaccin-ne-suffira-pas","status":"publish","type":"post","link":"https:\/\/www.iceagetv.com\/radiosite\/coronavirus-le-patron-de-loms-previent-quun-vaccin-ne-suffira-pas\/","title":{"rendered":"Coronavirus : le patron de l&rsquo;OMS pr\u00e9vient qu&rsquo;un vaccin ne suffira pas"},"content":{"rendered":"\n<p><strong>Un vaccin va compl\u00e9ter les autres outils que nous avons, pas les remplacer\u00a0\u00bb, a estim\u00e9 lors d&rsquo;une conf\u00e9rence de presse le&nbsp;directeur g\u00e9n\u00e9ral de l&rsquo;OMS. Selon lui, un vaccin \u00ab\u00a0laissera encore beaucoup de champ au virus pour op\u00e9rer\u00a0\u00bb.<\/strong><\/p>\n\n\n\n<p>Le directeur g\u00e9n\u00e9ral de\u00a0<a href=\"https:\/\/www.europe1.fr\/dossiers\/oms\">l&rsquo;Organisation mondiale de la sant\u00e9<\/a>\u00a0a pr\u00e9venu lundi qu&rsquo;un vaccin ne suffira pas \u00e0 lui tout seul \u00e0 vaincre la pand\u00e9mie de\u00a0<a href=\"https:\/\/www.europe1.fr\/dossiers\/coronavirus\">Covid-19<\/a>.\u00a0\u00ab\u00a0Un vaccin va compl\u00e9ter les autres outils que nous avons, pas les remplacer\u00a0\u00bb, a d\u00e9clar\u00e9 Tedros Adhanom Ghebreyesus, lors de la tenue du conseil ex\u00e9cutif de l&rsquo;agence qu&rsquo;il dirige. Il \u00e9tait cette fois pr\u00e9sent dans la salle, apr\u00e8s s&rsquo;\u00eatre mis en quarantaine le 2 novembre.<\/p>\n\n\n\n<h2 class=\"wp-block-heading\">L&rsquo;OMS temp\u00e8re l&rsquo;optimisme sur les vaccins<\/h2>\n\n\n\n<p>Le directeur g\u00e9n\u00e9ral, comme plusieurs de ses adjoints, se sont employ\u00e9s ces derniers jours\u00a0<a href=\"https:\/\/www.europe1.fr\/sante\/vaccin-de-pfizer-contre-le-coronavirus-pourquoi-il-ne-faut-pas-se-rejouir-trop-vite-4005523\">\u00e0 temp\u00e9rer l&rsquo;optimisme qui s&rsquo;est fait jour la semaine derni\u00e8re quand Pfizer et BioNTech ont annonc\u00e9 que des donn\u00e9es pr\u00e9liminaires des essais de leur vaccin<\/a>\u00a0en phase 3 montrait une efficacit\u00e9 de 90%.\u00a0\u00ab\u00a0Au d\u00e9part, les quantit\u00e9s seront limit\u00e9es et par cons\u00e9quent les personnels soignants, les personnes \u00e2g\u00e9es et celles \u00e0 risque auront la priorit\u00e9 et nous esp\u00e9rons que cela va faire baisser le nombre de morts et permettre aux syst\u00e8mes de sant\u00e9 de r\u00e9sister\u00a0\u00bb, a soulign\u00e9 le directeur g\u00e9n\u00e9ral.<\/p>\n\n\n\n<h2 class=\"wp-block-heading\">Cela laissera encore beaucoup de champ au virus pour op\u00e9rer\u00a0\u00bb<\/h2>\n\n\n\n<p>\u00ab\u00a0Mais cela laissera encore beaucoup de champ au virus pour op\u00e9rer\u00a0\u00bb, a-t-il mis en garde, exhortant \u00e0 ne pas pr\u00e9matur\u00e9ment mettre fin aux mesures qui permettent de contr\u00f4ler l&rsquo;expansion du Covid-19, comme les tests, la quarantaine, le suivi des cas contacts, etc.&nbsp;La pand\u00e9mie a repris de plus belle dans de nombreux pays d&rsquo;Europe, for\u00e7ant les autorit\u00e9s \u00e0 prendre de nouvelles mesures pour tenter de la ma\u00eetriser et les nouveaux cas explosent litt\u00e9ralement dans de tr\u00e8s nombreux Etats des Etats-Unis.<\/p>\n\n\n\n<p><\/p>\n\n\n\n<p><\/p>\n","protected":false},"excerpt":{"rendered":"<p>Un vaccin va compl\u00e9ter les autres outils que nous avons, pas les remplacer\u00a0\u00bb, a estim\u00e9 lors d&rsquo;une conf\u00e9rence de presse le&nbsp;directeur g\u00e9n\u00e9ral de l&rsquo;OMS. Selon lui, un vaccin \u00ab\u00a0laissera encore beaucoup de champ au virus pour op\u00e9rer\u00a0\u00bb. Le directeur g\u00e9n\u00e9ral de\u00a0l&rsquo;Organisation mondiale de la sant\u00e9\u00a0a pr\u00e9venu lundi qu&rsquo;un vaccin ne suffira pas \u00e0 lui tout [&hellip;]<\/p>\n","protected":false},"author":2,"featured_media":17053,"comment_status":"open","ping_status":"open","sticky":false,"template":"","format":"standard","meta":{"_jetpack_memberships_contains_paid_content":false,"footnotes":"","jetpack_publicize_message":"","jetpack_publicize_feature_enabled":true,"jetpack_social_post_already_shared":true,"jetpack_social_options":{"image_generator_settings":{"template":"highway","default_image_id":0,"font":"","enabled":false},"version":2},"_wpas_customize_per_network":false},"categories":[405],"tags":[],"class_list":["post-17052","post","type-post","status-publish","format-standard","has-post-thumbnail","hentry","category-actu-france-monde"],"jetpack_publicize_connections":[],"jetpack_featured_media_url":"https:\/\/i0.wp.com\/www.iceagetv.com\/radiosite\/wp-content\/uploads\/2020\/11\/le-patron-de-lOMS-pr%C3%A9vient-quun-vaccin-ne-suffira-pas.png?fit=577%2C288&ssl=1","jetpack_sharing_enabled":true,"_links":{"self":[{"href":"https:\/\/www.iceagetv.com\/radiosite\/wp-json\/wp\/v2\/posts\/17052","targetHints":{"allow":["GET"]}}],"collection":[{"href":"https:\/\/www.iceagetv.com\/radiosite\/wp-json\/wp\/v2\/posts"}],"about":[{"href":"https:\/\/www.iceagetv.com\/radiosite\/wp-json\/wp\/v2\/types\/post"}],"author":[{"embeddable":true,"href":"https:\/\/www.iceagetv.com\/radiosite\/wp-json\/wp\/v2\/users\/2"}],"replies":[{"embeddable":true,"href":"https:\/\/www.iceagetv.com\/radiosite\/wp-json\/wp\/v2\/comments?post=17052"}],"version-history":[{"count":1,"href":"https:\/\/www.iceagetv.com\/radiosite\/wp-json\/wp\/v2\/posts\/17052\/revisions"}],"predecessor-version":[{"id":17054,"href":"https:\/\/www.iceagetv.com\/radiosite\/wp-json\/wp\/v2\/posts\/17052\/revisions\/17054"}],"wp:featuredmedia":[{"embeddable":true,"href":"https:\/\/www.iceagetv.com\/radiosite\/wp-json\/wp\/v2\/media\/17053"}],"wp:attachment":[{"href":"https:\/\/www.iceagetv.com\/radiosite\/wp-json\/wp\/v2\/media?parent=17052"}],"wp:term":[{"taxonomy":"category","embeddable":true,"href":"https:\/\/www.iceagetv.com\/radiosite\/wp-json\/wp\/v2\/categories?post=17052"},{"taxonomy":"post_tag","embeddable":true,"href":"https:\/\/www.iceagetv.com\/radiosite\/wp-json\/wp\/v2\/tags?post=17052"}],"curies":[{"name":"wp","href":"https:\/\/api.w.org\/{rel}","templated":true}]}}