{"id":17059,"date":"2020-11-17T09:19:36","date_gmt":"2020-11-17T09:19:36","guid":{"rendered":"http:\/\/www.iceagetv.com\/radiosite\/?p=17059"},"modified":"2020-11-17T09:19:36","modified_gmt":"2020-11-17T09:19:36","slug":"jean-castex-prevoit-de-sexprimer-le-26-novembre-sur-le-confinement","status":"publish","type":"post","link":"https:\/\/www.iceagetv.com\/radiosite\/jean-castex-prevoit-de-sexprimer-le-26-novembre-sur-le-confinement\/","title":{"rendered":"Jean Castex pr\u00e9voit de s&rsquo;exprimer le 26 novembre sur le confinement"},"content":{"rendered":"\n<p> La question de la r\u00e9ouverture des commerces fait des remous au sein du gouvernement. La question de la r\u00e9ouverture des petits commerces agite l&rsquo;ex\u00e9cutif. Alors que le pic \u00e9pid\u00e9mique de la deuxi\u00e8me vague semble derri\u00e8re nous &#8211; comme l&rsquo;a indiqu\u00e9 le ministre de la Sant\u00e9, Olivier V\u00e9ran \u2013 Bercy travaille \u00e0 la pr\u00e9sentation d&rsquo;un nouveau protocole sanitaire permettant aux magasins de reprendre leur activit\u00e9 le plus t\u00f4t possible, notamment pour le Black Friday, sans attendre l&rsquo;\u00e9ch\u00e9ance du 1er d\u00e9cembre fix\u00e9e par le premier ministre Une d\u00e9cision \u00ab<em>\u00a0sera prise courant de la semaine prochaine\u00a0<\/em>\u00bb, a assur\u00e9 Gabriel Attal, porte-parole du gouvernement, mardi sur France 2. Selon nos informations, Jean Castex pr\u00e9voit d&rsquo;ailleurs de s&rsquo;exprimer sur la prochaine \u00e9tape du confinement et la situation sanitaire la semaine prochaine, le jeudi 26 novembre, \u00e0 la veille du Black Friday. Matignon travaille sur l&rsquo;organisation d&rsquo;une nouvelle conf\u00e9rence de presse qui permettra de clarifier un certain nombre de r\u00e8gles relatives aux rassemblements et d\u00e9placements, \u00e0 l&rsquo;approche des f\u00eates de fin d&rsquo;ann\u00e9e. Le chef du gouvernement est par ailleurs entendu ce mardi, en fin de journ\u00e9e, par la commission d&rsquo;enqu\u00eate parlementaire de l&rsquo;Assembl\u00e9e nationale sur la gestion de l&rsquo;\u00e9pid\u00e9mie. <\/p>\n","protected":false},"excerpt":{"rendered":"<p>La question de la r\u00e9ouverture des commerces fait des remous au sein du gouvernement. La question de la r\u00e9ouverture des petits commerces agite l&rsquo;ex\u00e9cutif. Alors que le pic \u00e9pid\u00e9mique de la deuxi\u00e8me vague semble derri\u00e8re nous &#8211; comme l&rsquo;a indiqu\u00e9 le ministre de la Sant\u00e9, Olivier V\u00e9ran \u2013 Bercy travaille \u00e0 la pr\u00e9sentation d&rsquo;un nouveau [&hellip;]<\/p>\n","protected":false},"author":2,"featured_media":17060,"comment_status":"open","ping_status":"open","sticky":false,"template":"","format":"standard","meta":{"_jetpack_memberships_contains_paid_content":false,"footnotes":"","jetpack_publicize_message":"","jetpack_publicize_feature_enabled":true,"jetpack_social_post_already_shared":true,"jetpack_social_options":{"image_generator_settings":{"template":"highway","default_image_id":0,"font":"","enabled":false},"version":2},"_wpas_customize_per_network":false},"categories":[405],"tags":[],"class_list":["post-17059","post","type-post","status-publish","format-standard","has-post-thumbnail","hentry","category-actu-france-monde"],"jetpack_publicize_connections":[],"jetpack_featured_media_url":"https:\/\/i0.wp.com\/www.iceagetv.com\/radiosite\/wp-content\/uploads\/2020\/11\/Jean-Castex-pr%C3%A9voit-de-sexprimer-le-26-novembre-sur-le-confinement.jpeg?fit=616%2C347&ssl=1","jetpack_sharing_enabled":true,"_links":{"self":[{"href":"https:\/\/www.iceagetv.com\/radiosite\/wp-json\/wp\/v2\/posts\/17059","targetHints":{"allow":["GET"]}}],"collection":[{"href":"https:\/\/www.iceagetv.com\/radiosite\/wp-json\/wp\/v2\/posts"}],"about":[{"href":"https:\/\/www.iceagetv.com\/radiosite\/wp-json\/wp\/v2\/types\/post"}],"author":[{"embeddable":true,"href":"https:\/\/www.iceagetv.com\/radiosite\/wp-json\/wp\/v2\/users\/2"}],"replies":[{"embeddable":true,"href":"https:\/\/www.iceagetv.com\/radiosite\/wp-json\/wp\/v2\/comments?post=17059"}],"version-history":[{"count":1,"href":"https:\/\/www.iceagetv.com\/radiosite\/wp-json\/wp\/v2\/posts\/17059\/revisions"}],"predecessor-version":[{"id":17061,"href":"https:\/\/www.iceagetv.com\/radiosite\/wp-json\/wp\/v2\/posts\/17059\/revisions\/17061"}],"wp:featuredmedia":[{"embeddable":true,"href":"https:\/\/www.iceagetv.com\/radiosite\/wp-json\/wp\/v2\/media\/17060"}],"wp:attachment":[{"href":"https:\/\/www.iceagetv.com\/radiosite\/wp-json\/wp\/v2\/media?parent=17059"}],"wp:term":[{"taxonomy":"category","embeddable":true,"href":"https:\/\/www.iceagetv.com\/radiosite\/wp-json\/wp\/v2\/categories?post=17059"},{"taxonomy":"post_tag","embeddable":true,"href":"https:\/\/www.iceagetv.com\/radiosite\/wp-json\/wp\/v2\/tags?post=17059"}],"curies":[{"name":"wp","href":"https:\/\/api.w.org\/{rel}","templated":true}]}}