{"id":17083,"date":"2020-11-19T12:27:00","date_gmt":"2020-11-19T12:27:00","guid":{"rendered":"http:\/\/www.iceagetv.com\/radiosite\/?p=17083"},"modified":"2020-11-19T12:27:00","modified_gmt":"2020-11-19T12:27:00","slug":"fin-des-attestations-au-20-decembre-isolement-tracage-les-pistes-du-gouvernement-pour-le-deconfinement","status":"publish","type":"post","link":"https:\/\/www.iceagetv.com\/radiosite\/fin-des-attestations-au-20-decembre-isolement-tracage-les-pistes-du-gouvernement-pour-le-deconfinement\/","title":{"rendered":"Fin des attestations au 20 d\u00e9cembre, isolement, tra\u00e7age : les pistes du gouvernement pour le d\u00e9confinement"},"content":{"rendered":"\n<p> <strong>Alors qu&rsquo;Emmanuel Macron doit prendre la parole d\u00e8s la semaine prochaine pour annoncer les \u00e9tapes de \u00ab\u00a0l&rsquo;all\u00e9gement\u00a0\u00bb des mesures sanitaires, en vigueur pour lutter contre le Covid-19, le gouvernement travaille \u00e0 plusieurs pistes. Les dates du 1er d\u00e9cembre, pour la r\u00e9ouverture de certains commerces et du 20 d\u00e9cembre, pour la fin des attestations, sont \u00e9voqu\u00e9es, ainsi qu&rsquo;une modification de la politique d&rsquo;isolement des cas positifs.\u00a0<\/strong>  Si la pression s&rsquo;all\u00e8ge l\u00e9g\u00e8rement sur les h\u00f4pitaux &#8211; 4.775 patients atteints du\u00a0<a href=\"https:\/\/www.europe1.fr\/dossiers\/coronavirus\">Covid-19<\/a>\u00a0sont en r\u00e9animation dont 357 nouvelles admissions en 24 heures, soit 79 de moins que la veille &#8211; la\u00a0France est encore \u00ab\u00a0loin du d\u00e9confinement\u00a0\u00bb, a pr\u00e9venu mercredi le gouvernement, qui pr\u00e9f\u00e8re envisager un \u00ab\u00a0all\u00e9gement\u00a0\u00bb des mesures de restriction sanitaire. Alors qu&rsquo;Emmanuel Macron devrait prendre la parole la semaine prochaine, deux dates cl\u00e9s sont \u00e0 l&rsquo;\u00e9tude par l&rsquo;ex\u00e9cutif, sous r\u00e9serve d&rsquo;une \u00e9volution positive de la situation sanitaire : le 1er d\u00e9cembre et le 20 d\u00e9cembre.\u00a0 <\/p>\n\n\n\n<h2 class=\"wp-block-heading\">Un calendrier \u00e0 l&rsquo;\u00e9tude<\/h2>\n\n\n\n<p>Le 1er d\u00e9cembre, le gouvernement envisage une r\u00e9ouverture des commerces \u00ab\u00a0non-essentiels\u00a0\u00bb et la reprise des offices religieux. A ce stade, selon les informations d&rsquo;Europe 1, les cours d&rsquo;auto-\u00e9coles pourraient \u00e9galement reprendre, comme les activit\u00e9s des salons de coiffure et d&rsquo;esth\u00e9tique, les visites d&rsquo;appartement et les cours \u00e0 domicile.<\/p>\n\n\n\n<p>Autre date \u00e9voqu\u00e9e dans le plan du gouvernement, le 20 d\u00e9cembre. Ce dimanche devrait\u00a0marquer la fin des attestations. L\u00e0 encore, ce n&rsquo;est pas un d\u00e9confinement, mais un all\u00e9gement qui devrait permettre d&rsquo;aller f\u00eater No\u00ebl en famille, au-del\u00e0 du kilom\u00e8tre r\u00e9glementaire, assure l&rsquo;ex\u00e9cutif. On devrait donc pouvoir se d\u00e9placer, se retrouver, mais pas n&rsquo;importe comment. Actuellement, les r\u00e9unions priv\u00e9s \u00e0 plus de six sont d\u00e9conseill\u00e9es, mais la jauge pourrait augmenter \u00e0 une dizaine de personnes pour les f\u00eates de fin d&rsquo;ann\u00e9es.\u00a0A ce stade, c&rsquo;est l&rsquo;hypoth\u00e8se qui est la plus souvent \u00e9voqu\u00e9e en coulisse.<\/p>\n\n\n\n<p>Deux pistes sous conditions d&rsquo;une am\u00e9lioration de la situation sanitaire, priorit\u00e9 du pr\u00e9sident de la R\u00e9publique. Mais Emmanuel Macron est \u00e9galement obs\u00e9d\u00e9 par l&rsquo;acceptation social. Son objectif : \u00e9viter \u00e0 tous prix les troubles sociaux.&nbsp;Une note confidentielle des services de police dat\u00e9e du 17 novembre, qu&rsquo;Europe 1 a pu consulter, a mis en garde le chef de l&rsquo;Etat contre la lassitude et les r\u00e9ticences des Fran\u00e7ais. Elle \u00e9voque \u00e9galement de possibles attaques contre les entrep\u00f4ts de e-commerce.<\/p>\n\n\n\n<h2 class=\"wp-block-heading\">Tester&#8230;<\/h2>\n\n\n\n<p>Si le gouvernement ne veut pas entendre parler de \u00ab\u00a0d\u00e9confinement\u00a0\u00bb, c&rsquo;est qu&rsquo;il craint une troisi\u00e8me vague avec les r\u00e9unions de famille et les sorties li\u00e9es aux f\u00eates de fin d&rsquo;ann\u00e9e. Il existe \u00e9galement le risque suppl\u00e9mentaire li\u00e9 \u00e0 la m\u00e9t\u00e9o : le froid sera propice \u00e0 la propagation du virus au moins jusqu&rsquo;en mars.&nbsp;Pour garder l&rsquo;\u00e9pid\u00e9mie sous contr\u00f4le avant un \u00e9ventuel vaccin, l&rsquo;ex\u00e9cutif veut renforcer sa politique de test et d&rsquo;isolement des cas positifs.<\/p>\n\n\n\n<p>Pr\u00e8s de&nbsp;250.000 tests antig\u00e9niques ont d\u00e9j\u00e0 \u00e9t\u00e9 r\u00e9alis\u00e9s depuis fin octobre. Avec une r\u00e9ponse donn\u00e9e en 15 minutes, ils permettent de casser plus rapidement les chaines de contamination. D\u00e9sormais, ces tests sont pris en compte par les statistiques officielles. Par ailleurs, m\u00e9decins et pharmaciens sont incit\u00e9s \u00e0 remonter les r\u00e9sultats au plus vite dans le fichier central, faute de quoi ils ne seront pas rembours\u00e9s. Le minist\u00e8re de la Sant\u00e9 compte aussi sur d\u00e9pistages massifs dans les \u00e9tablissements scolaires, dans les entreprises et peut-\u00eatre aussi dans les villes enti\u00e8res.<\/p>\n\n\n\n<h2 class=\"wp-block-heading\">&#8230;et isoler<\/h2>\n\n\n\n<p>Quant \u00e0 l&rsquo;isolement, jusqu&rsquo;ici le point faible du dispositif, le gouvernement travaille d\u00e9sormais sur l&rsquo;hypoth\u00e8se de l&rsquo;accompagnement des cas positifs \u00e0 domicile plut\u00f4t que la sanction, contr\u00f4le puis amende, pour ceux qui ne respectent pas la r\u00e8gle. Une hypoth\u00e8se qui a \u00e9t\u00e9 sur la table.<\/p>\n\n\n\n<p>Cette mission d&rsquo;accompagnement pourrait revenir aux \u00e9quipes de l&rsquo;Assurance maladie. Aujourd&rsquo;hui, 11.000 personnes assurent d\u00e9j\u00e0 le tra\u00e7age des cas contacts, sept jours sur sept. A l&rsquo;avenir, ces \u00e9quipes pourraient aussi aider les malades \u00e0 mieux s&rsquo;isoler avec appels t\u00e9l\u00e9phoniques, conseils, pour que les patients soient rassur\u00e9s et appliquent les bons gestes barri\u00e8res y compris quand ils sont nombreux dans le m\u00eame appartement.<\/p>\n\n\n\n<p><\/p>\n\n\n\n<p><\/p>\n","protected":false},"excerpt":{"rendered":"<p>Alors qu&rsquo;Emmanuel Macron doit prendre la parole d\u00e8s la semaine prochaine pour annoncer les \u00e9tapes de \u00ab\u00a0l&rsquo;all\u00e9gement\u00a0\u00bb des mesures sanitaires, en vigueur pour lutter contre le Covid-19, le gouvernement travaille \u00e0 plusieurs pistes. Les dates du 1er d\u00e9cembre, pour la r\u00e9ouverture de certains commerces et du 20 d\u00e9cembre, pour la fin des attestations, sont \u00e9voqu\u00e9es, [&hellip;]<\/p>\n","protected":false},"author":2,"featured_media":17032,"comment_status":"open","ping_status":"open","sticky":false,"template":"","format":"standard","meta":{"_jetpack_memberships_contains_paid_content":false,"footnotes":"","jetpack_publicize_message":"","jetpack_publicize_feature_enabled":true,"jetpack_social_post_already_shared":true,"jetpack_social_options":{"image_generator_settings":{"template":"highway","default_image_id":0,"font":"","enabled":false},"version":2},"_wpas_customize_per_network":false},"categories":[405],"tags":[],"class_list":["post-17083","post","type-post","status-publish","format-standard","has-post-thumbnail","hentry","category-actu-france-monde"],"jetpack_publicize_connections":[],"jetpack_featured_media_url":"https:\/\/i0.wp.com\/www.iceagetv.com\/radiosite\/wp-content\/uploads\/2020\/11\/CASTEX-PR%C3%89PARE-DES-R%C3%88GLES-POUR-LE-PAYS-SUR-LE-TEMPS-LONG.jpg?fit=650%2C433&ssl=1","jetpack_sharing_enabled":true,"_links":{"self":[{"href":"https:\/\/www.iceagetv.com\/radiosite\/wp-json\/wp\/v2\/posts\/17083","targetHints":{"allow":["GET"]}}],"collection":[{"href":"https:\/\/www.iceagetv.com\/radiosite\/wp-json\/wp\/v2\/posts"}],"about":[{"href":"https:\/\/www.iceagetv.com\/radiosite\/wp-json\/wp\/v2\/types\/post"}],"author":[{"embeddable":true,"href":"https:\/\/www.iceagetv.com\/radiosite\/wp-json\/wp\/v2\/users\/2"}],"replies":[{"embeddable":true,"href":"https:\/\/www.iceagetv.com\/radiosite\/wp-json\/wp\/v2\/comments?post=17083"}],"version-history":[{"count":1,"href":"https:\/\/www.iceagetv.com\/radiosite\/wp-json\/wp\/v2\/posts\/17083\/revisions"}],"predecessor-version":[{"id":17084,"href":"https:\/\/www.iceagetv.com\/radiosite\/wp-json\/wp\/v2\/posts\/17083\/revisions\/17084"}],"wp:featuredmedia":[{"embeddable":true,"href":"https:\/\/www.iceagetv.com\/radiosite\/wp-json\/wp\/v2\/media\/17032"}],"wp:attachment":[{"href":"https:\/\/www.iceagetv.com\/radiosite\/wp-json\/wp\/v2\/media?parent=17083"}],"wp:term":[{"taxonomy":"category","embeddable":true,"href":"https:\/\/www.iceagetv.com\/radiosite\/wp-json\/wp\/v2\/categories?post=17083"},{"taxonomy":"post_tag","embeddable":true,"href":"https:\/\/www.iceagetv.com\/radiosite\/wp-json\/wp\/v2\/tags?post=17083"}],"curies":[{"name":"wp","href":"https:\/\/api.w.org\/{rel}","templated":true}]}}