{"id":17085,"date":"2020-11-19T14:54:53","date_gmt":"2020-11-19T14:54:53","guid":{"rendered":"http:\/\/www.iceagetv.com\/radiosite\/?p=17085"},"modified":"2020-11-19T14:54:53","modified_gmt":"2020-11-19T14:54:53","slug":"coronavirus-24-residents-dun-ehpad-pres-de-grenoble-sont-morts-ces-dernieres-semaines-apres-avoir-contracte-le-covid-19-soit-un-tiers-des-residents-de-letablissement","status":"publish","type":"post","link":"https:\/\/www.iceagetv.com\/radiosite\/coronavirus-24-residents-dun-ehpad-pres-de-grenoble-sont-morts-ces-dernieres-semaines-apres-avoir-contracte-le-covid-19-soit-un-tiers-des-residents-de-letablissement\/","title":{"rendered":"Coronavirus: 24 r\u00e9sidents d&rsquo;un Ehpad pr\u00e8s de Grenoble sont morts ces derni\u00e8res semaines apr\u00e8s avoir contract\u00e9 le Covid-19, soit un tiers des r\u00e9sidents de l&rsquo;\u00e9tablissement"},"content":{"rendered":"\n<p>Vingt-quatre r\u00e9sidents d&rsquo;un Ehpad de l&rsquo;Is\u00e8re situ\u00e9 pr\u00e8s de Grenoble sont morts ces derni\u00e8res semaines apr\u00e8s avoir contract\u00e9 le Covid-19, soit un tiers des r\u00e9sidents de l&rsquo;\u00e9tablissement, a-t-on appris aupr\u00e8s de la direction, confirmant une information du Dauphin\u00e9 Lib\u00e9r\u00e9.<\/p>\n\n\n\n<p>\u00ab\u00a0L&rsquo;\u00e9pid\u00e9mie au sein de l&rsquo;\u00e9tablissement est termin\u00e9e. Plus aucun des r\u00e9sidents qui ont \u00e9t\u00e9 test\u00e9s positifs n&rsquo;est contagieux. La p\u00e9riode a \u00e9t\u00e9 difficile. Nous avons eu un dernier d\u00e9c\u00e8s ce week-end. Il \u00e9tait temps que cela s&rsquo;arr\u00eate\u00a0\u00bb, a soulign\u00e9 \u00e0 l&rsquo;AFP Dominique Gerbi, la directrice.<\/p>\n\n\n\n<p>Au total, soixante des quatre-vingt r\u00e9sidents de cet Ehpad situ\u00e9 \u00e0 Noyarey, dans l&rsquo;agglom\u00e9ration grenobloise, avaient contract\u00e9 le coronavirus et vingt-quatre en sont morts.<\/p>\n\n\n\n<p>L&rsquo;\u00e9pid\u00e9mie, qui a d\u00e9but\u00e9 le 6 octobre au sein de l&rsquo;\u00e9tablissement par quelques cas de fi\u00e8vres parmi les r\u00e9sidents, a \u00e9galement touch\u00e9 une partie des salari\u00e9s.<\/p>\n\n\n\n<p>\u00ab\u00a0Nous avons imm\u00e9diatement test\u00e9 tout le monde. Au bout d&rsquo;une semaine, nous avions d\u00e9j\u00e0 trente r\u00e9sidents et vingt salari\u00e9s infect\u00e9s. Beaucoup \u00e9taient asymptomatiques\u00a0\u00bb, d\u00e9taille Dominique Gerbi, dont l&rsquo;\u00e9quipe soignante a constitu\u00e9 des \u00ab\u00a0secteurs Covid\u00a0\u00bb pour endiguer la propagation du virus.<\/p>\n\n\n\n<p>Les visites ont \u00e9t\u00e9 interdites aux familles durant le pic de l&rsquo;\u00e9pid\u00e9mie, estim\u00e9e par la direction \u00ab\u00a0entre le 12 et le 25 octobre\u00a0\u00bb, pr\u00e9cise Dominique Gerbi.<\/p>\n","protected":false},"excerpt":{"rendered":"<p>Vingt-quatre r\u00e9sidents d&rsquo;un Ehpad de l&rsquo;Is\u00e8re situ\u00e9 pr\u00e8s de Grenoble sont morts ces derni\u00e8res semaines apr\u00e8s avoir contract\u00e9 le Covid-19, soit un tiers des r\u00e9sidents de l&rsquo;\u00e9tablissement, a-t-on appris aupr\u00e8s de la direction, confirmant une information du Dauphin\u00e9 Lib\u00e9r\u00e9. \u00ab\u00a0L&rsquo;\u00e9pid\u00e9mie au sein de l&rsquo;\u00e9tablissement est termin\u00e9e. Plus aucun des r\u00e9sidents qui ont \u00e9t\u00e9 test\u00e9s positifs [&hellip;]<\/p>\n","protected":false},"author":2,"featured_media":17086,"comment_status":"open","ping_status":"open","sticky":false,"template":"","format":"standard","meta":{"_jetpack_memberships_contains_paid_content":false,"footnotes":"","jetpack_publicize_message":"","jetpack_publicize_feature_enabled":true,"jetpack_social_post_already_shared":true,"jetpack_social_options":{"image_generator_settings":{"template":"highway","default_image_id":0,"font":"","enabled":false},"version":2},"_wpas_customize_per_network":false},"categories":[405],"tags":[],"class_list":["post-17085","post","type-post","status-publish","format-standard","has-post-thumbnail","hentry","category-actu-france-monde"],"jetpack_publicize_connections":[],"jetpack_featured_media_url":"https:\/\/i0.wp.com\/www.iceagetv.com\/radiosite\/wp-content\/uploads\/2020\/11\/24-r%C3%A9sidents-dun-Ehpad-pr%C3%A8s-de-Grenoble.png?fit=630%2C273&ssl=1","jetpack_sharing_enabled":true,"_links":{"self":[{"href":"https:\/\/www.iceagetv.com\/radiosite\/wp-json\/wp\/v2\/posts\/17085","targetHints":{"allow":["GET"]}}],"collection":[{"href":"https:\/\/www.iceagetv.com\/radiosite\/wp-json\/wp\/v2\/posts"}],"about":[{"href":"https:\/\/www.iceagetv.com\/radiosite\/wp-json\/wp\/v2\/types\/post"}],"author":[{"embeddable":true,"href":"https:\/\/www.iceagetv.com\/radiosite\/wp-json\/wp\/v2\/users\/2"}],"replies":[{"embeddable":true,"href":"https:\/\/www.iceagetv.com\/radiosite\/wp-json\/wp\/v2\/comments?post=17085"}],"version-history":[{"count":1,"href":"https:\/\/www.iceagetv.com\/radiosite\/wp-json\/wp\/v2\/posts\/17085\/revisions"}],"predecessor-version":[{"id":17087,"href":"https:\/\/www.iceagetv.com\/radiosite\/wp-json\/wp\/v2\/posts\/17085\/revisions\/17087"}],"wp:featuredmedia":[{"embeddable":true,"href":"https:\/\/www.iceagetv.com\/radiosite\/wp-json\/wp\/v2\/media\/17086"}],"wp:attachment":[{"href":"https:\/\/www.iceagetv.com\/radiosite\/wp-json\/wp\/v2\/media?parent=17085"}],"wp:term":[{"taxonomy":"category","embeddable":true,"href":"https:\/\/www.iceagetv.com\/radiosite\/wp-json\/wp\/v2\/categories?post=17085"},{"taxonomy":"post_tag","embeddable":true,"href":"https:\/\/www.iceagetv.com\/radiosite\/wp-json\/wp\/v2\/tags?post=17085"}],"curies":[{"name":"wp","href":"https:\/\/api.w.org\/{rel}","templated":true}]}}